{"id":633,"date":"2013-01-21T15:14:17","date_gmt":"2013-01-21T14:14:17","guid":{"rendered":"http:\/\/stockportal.hu\/?p=633"},"modified":"2013-01-21T15:14:17","modified_gmt":"2013-01-21T14:14:17","slug":"szigetvita-japan-tiltakozik-kina-ujabb-hatarsertese-miatt-sajnalatosnak-tartja-peking-reakciojat","status":"publish","type":"post","link":"https:\/\/gazdasagportal.hu\/index.php\/szigetvita-japan-tiltakozik-kina-ujabb-hatarsertese-miatt-sajnalatosnak-tartja-peking-reakciojat\/","title":{"rendered":"Szigetvita &#8211; Jap\u00e1n tiltakozik K\u00edna \u00fajabb hat\u00e1rs\u00e9rt\u00e9se miatt, sajn\u00e1latosnak tartja Peking reakci\u00f3j\u00e1t"},"content":{"rendered":"<p><strong>Toki\u00f3 diplom\u00e1ciai tiltakoz\u00e1s\u00e1t fejezte ki Pekinggel szemben, mivel h\u00e9tf\u0151n h\u00e1rom k\u00ednai haj\u00f3 hatolt be az orsz\u00e1g parti vizeire egy vitatott kelet-k\u00ednai-tengeri szigetcsoportn\u00e1l, mik\u00f6zben a jap\u00e1n korm\u00e1nysz\u00f3viv\u0151 &#8222;rendk\u00edv\u00fcl sajn\u00e1latosnak&#8221; nevezte K\u00edna reakci\u00f3j\u00e1t Hillary Clinton amerikai k\u00fcl\u00fcgyminiszter egy kor\u00e1bbi nyilatkozat\u00e1ra.<!--more--><\/strong><\/p>\n<p>Szuga Josihida sz\u00f3viv\u0151 k\u00f6z\u00f6lte: Clinton nyilatkozata annak a jele, hogy Washington elk\u00f6telezett az amerikai-jap\u00e1n v\u00e9delmi sz\u00f6vets\u00e9g mellett. Lesz\u00f6gezte, hogy Toki\u00f3 &#8222;\u00e9rt\u00e9keli \u00e9s \u00fcdv\u00f6zli a nyilatkozatot&#8221;.<br \/>\nClinton m\u00e9g p\u00e9nteken Kisida Fumio jap\u00e1n k\u00fcl\u00fcgyminiszterrel k\u00f6z\u00f6s washingtoni sajt\u00f3t\u00e1j\u00e9koztat\u00f3j\u00e1n ezt mondta: az Egyes\u00fclt \u00c1llamok el\u00edt\u00e9l minden olyan egyoldal\u00fa akci\u00f3t, amely arra ir\u00e1nyul, hogy gyeng\u00edtse Toki\u00f3 fennhat\u00f3s\u00e1g\u00e1t a Jap\u00e1nban Szenkaku, K\u00edn\u00e1ban Tiaoj\u00fc n\u00e9ven ismert szigetek felett. Azt is lesz\u00f6gezte, hogy a k\u00e9t orsz\u00e1g k\u00f6zti v\u00e9delmi szerz\u0151d\u00e9s \u00e9rtelm\u00e9ben az Egyes\u00fclt \u00c1llamok felel\u0151ss\u00e9ggel tartozik a szigetcsoport v\u00e9delm\u00e9\u00e9rt, amennyiben azt t\u00e1mad\u00e1s \u00e9rn\u00e9.<br \/>\nPeking agressz\u00edv hangnemben reag\u00e1lt Clinton szavaira, \u00e9s arra sz\u00f3l\u00edtotta fel Washingtont, hogy &#8222;\u00fcgyeljen a szavaira \u00e9s legyen \u00f3vatos a cselekedeteivel&#8221;. A k\u00ednai \u00e1llami m\u00e9dia &#8211; amely kor\u00e1bban h\u00e1bor\u00faval is megfenyegette Jap\u00e1nt a szigetvita miatt &#8211; h\u00e9tf\u0151n azzal v\u00e1dolta Toki\u00f3t, hogy &#8222;v\u00e9rszemet kapott&#8221; az amerikai t\u00e1mogat\u00e1s miatt.<br \/>\nMegfigyel\u0151k szerint retorzi\u00f3k\u00e9nt Clinton kijelent\u00e9seire h\u00e9tf\u0151n h\u00e1rom k\u00ednai \u0151rhaj\u00f3 behatolt a Szenkaku-szigetek parti vizeire, amelyeket Jap\u00e1n jogilag \u00e1llamter\u00fclet\u00e9nek tekint. Toki\u00f3 az incidens miatt diplom\u00e1ciai tiltakoz\u00e1s\u00e1t fejezte ki Pekinggel szemben.<br \/>\nSzuga azt is lesz\u00f6gezte, hogy a ter\u00fclet t\u00f6rt\u00e9nelmileg \u00e9s a nemzetk\u00f6zi jog alapj\u00e1n is Jap\u00e1n szerves r\u00e9sz\u00e9t k\u00e9pezik. (MTI)<\/p>\n","protected":false},"excerpt":{"rendered":"<p>Toki\u00f3 diplom\u00e1ciai tiltakoz\u00e1s\u00e1t fejezte ki Pekinggel szemben, mivel h\u00e9tf\u0151n h\u00e1rom k\u00ednai haj\u00f3 hatolt be az orsz\u00e1g parti vizeire egy vitatott kelet-k\u00ednai-tengeri szigetcsoportn\u00e1l, mik\u00f6zben a jap\u00e1n korm\u00e1nysz\u00f3viv\u0151 &#8222;rendk\u00edv\u00fcl sajn\u00e1latosnak&#8221; nevezte K\u00edna reakci\u00f3j\u00e1t Hillary Clinton amerikai k\u00fcl\u00fcgyminiszter egy kor\u00e1bbi nyilatkozat\u00e1ra.<\/p>\n","protected":false},"author":1,"featured_media":621,"comment_status":"closed","ping_status":"closed","sticky":false,"template":"","format":"standard","meta":[],"categories":[14],"tags":[],"_links":{"self":[{"href":"https:\/\/gazdasagportal.hu\/index.php\/wp-json\/wp\/v2\/posts\/633"}],"collection":[{"href":"https:\/\/gazdasagportal.hu\/index.php\/wp-json\/wp\/v2\/posts"}],"about":[{"href":"https:\/\/gazdasagportal.hu\/index.php\/wp-json\/wp\/v2\/types\/post"}],"author":[{"embeddable":true,"href":"https:\/\/gazdasagportal.hu\/index.php\/wp-json\/wp\/v2\/users\/1"}],"replies":[{"embeddable":true,"href":"https:\/\/gazdasagportal.hu\/index.php\/wp-json\/wp\/v2\/comments?post=633"}],"version-history":[{"count":2,"href":"https:\/\/gazdasagportal.hu\/index.php\/wp-json\/wp\/v2\/posts\/633\/revisions"}],"predecessor-version":[{"id":635,"href":"https:\/\/gazdasagportal.hu\/index.php\/wp-json\/wp\/v2\/posts\/633\/revisions\/635"}],"wp:featuredmedia":[{"embeddable":true,"href":"https:\/\/gazdasagportal.hu\/index.php\/wp-json\/wp\/v2\/media\/621"}],"wp:attachment":[{"href":"https:\/\/gazdasagportal.hu\/index.php\/wp-json\/wp\/v2\/media?parent=633"}],"wp:term":[{"taxonomy":"category","embeddable":true,"href":"https:\/\/gazdasagportal.hu\/index.php\/wp-json\/wp\/v2\/categories?post=633"},{"taxonomy":"post_tag","embeddable":true,"href":"https:\/\/gazdasagportal.hu\/index.php\/wp-json\/wp\/v2\/tags?post=633"}],"curies":[{"name":"wp","href":"https:\/\/api.w.org\/{rel}","templated":true}]}}