{"id":63293,"date":"2015-06-16T15:01:41","date_gmt":"2015-06-16T13:01:41","guid":{"rendered":"http:\/\/gazdasagportal.hu\/?p=63293"},"modified":"2015-06-16T15:01:41","modified_gmt":"2015-06-16T13:01:41","slug":"a-megvaltozott-munkakepesseguek-18-szazaleka-tud-elhelyezkedni-a-munkaeropiacon","status":"publish","type":"post","link":"https:\/\/gazdasagportal.hu\/index.php\/a-megvaltozott-munkakepesseguek-18-szazaleka-tud-elhelyezkedni-a-munkaeropiacon\/","title":{"rendered":"A megv\u00e1ltozott munkak\u00e9pess\u00e9g\u0171ek 18 sz\u00e1zal\u00e9ka tud elhelyezkedni a munkaer\u0151piacon"},"content":{"rendered":"<p><strong>Magyarorsz\u00e1gon jelenleg a gazdas\u00e1gilag akt\u00edv, megv\u00e1ltozott munkak\u00e9pess\u00e9g\u0171ek 18 sz\u00e1zal\u00e9ka tud elhelyezkedni a munkaer\u0151piacon, m\u00edg ez az ar\u00e1ny 2001-ben m\u00e9g csak 12 sz\u00e1zal\u00e9k volt. A n\u00f6veked\u00e9s ellen\u00e9re j\u00f3val elmaradunk a 40-50 sz\u00e1zal\u00e9k k\u00f6z\u00f6tti uni\u00f3s \u00e1tlagt\u00f3l a Trenkwalder Szem\u00e9lyzeti Szolg\u00e1ltat\u00f3 Kft. kedden k\u00f6z\u00f6lt \u00f6sszes\u00edt\u00e9se szerint.<\/strong><!--more--><\/p>\n<div class=\"ads-in-post1\"><div id=\"gazdasagportal.hu_fullbanner_wideboard\"><\/div>\r\n<\/div>\n<p>    A k\u00f6zlem\u00e9nyben arra is felh\u00edvj\u00e1k a figyelmet: nem lehet tudni, hogy az \u00e9rintettek visszat\u00e9r\u00e9se a munkaer\u0151piacra mennyire lesz tart\u00f3s, mert d\u00f6nt\u0151 t\u00f6bbs\u00e9g\u00fck a jelenlegi magyarorsz\u00e1gi \u00e9s eur\u00f3pai uni\u00f3s b\u00e9rk\u00f6lts\u00e9g-t\u00e1mogat\u00e1sok r\u00e9v\u00e9n tudott elhelyezkedni.<br \/>\n    A vizsg\u00e1lat arra is kit\u00e9r, hogy az elm\u00falt nyolc \u00e9vben az \u00fajonnan rokkantt\u00e1 nyilv\u00e1n\u00edtottak sz\u00e1ma kevesebb mint a fel\u00e9re esett vissza.<br \/>\n    A Trenkwalder sz\u00e1m\u00edt\u00e1sa szerint az elm\u00falt h\u00e1rom \u00e9vben \u00e9ves \u00e1tlagban 14-16 ezer f\u0151 ker\u00fclt ki az eg\u00e9szs\u00e9gk\u00e1rosod\u00e1son alapul\u00f3 ell\u00e1t\u00e1sok valamelyik\u00e9b\u0151l, d\u00f6nt\u0151en a munkaer\u0151piacra. \u00c1ll\u00e1spontjuk szerint ebben nagy szerepe van annak, hogy a k\u00fcl\u00f6nf\u00e9le j\u00e1rul\u00e9kkedvezm\u00e9nyek, foglalkoztat\u00e1st seg\u00edt\u0151 t\u00e1mogat\u00e1sok \u00e9s a c\u00e9gek sz\u00e1m\u00e1ra megsp\u00f3rolhat\u00f3, 2010 \u00f3ta drasztikusan megemelt rehabilit\u00e1ci\u00f3s hozz\u00e1j\u00e1rul\u00e1s miatt megn\u0151tt a kereslet a megv\u00e1ltozott munkak\u00e9pess\u00e9g\u0171 munkav\u00e1llal\u00f3k ir\u00e1nt.<br \/>\n    Ugyanis ha egy 25 f\u0151sn\u00e9l nagyobb l\u00e9tsz\u00e1mmal m\u0171k\u00f6d\u0151 t\u00e1rsas\u00e1g a teljes munkaer\u0151-\u00e1llom\u00e1ny\u00e1nak legal\u00e1bb 5 sz\u00e1zal\u00e9k\u00e1t megv\u00e1ltozott munkak\u00e9pess\u00e9g\u0171 munkat\u00e1rsakkal t\u00f6lti fel, nem kell befizetnie a hi\u00e1nyz\u00f3 l\u00e9tsz\u00e1m ut\u00e1n munkav\u00e1llal\u00f3nk\u00e9nt fizetend\u0151 csaknem egymilli\u00f3 forintos \u00e9ves rehabilit\u00e1ci\u00f3s hozz\u00e1j\u00e1rul\u00e1st. A rehabilit\u00e1ci\u00f3s k\u00e1rty\u00e1val foglalkoztatott dolgoz\u00f3k munkab\u00e9rei ut\u00e1n pedig nem kell szoci\u00e1lis hozz\u00e1j\u00e1rul\u00e1st fizetni\u00fck a c\u00e9geknek. Ez\u00e1ltal tavaly \u00e1tlagosan 28 800 munkav\u00e1llal\u00f3 foglalkoztat\u00e1sa r\u00e9v\u00e9n 7,053 milli\u00e1rd forint befizet\u00e9s\u00e9t sp\u00f3rolt\u00e1k meg a c\u00e9gek, id\u00e9n febru\u00e1rban pedig m\u00e1r 30 191 dolgoz\u00f3 ut\u00e1n vett ig\u00e9nybe \u00f6sszesen 589,4 milli\u00f3 forint kedvezm\u00e9nyt a 8517 \u00e9rintett munkaad\u00f3 &#8211; der\u00fcl ki a k\u00f6zlem\u00e9nyb\u0151l.<br \/>\n    Az elemz\u00e9s szerint Magyarorsz\u00e1gon mintegy 750 ezer megv\u00e1ltozott munkak\u00e9pess\u00e9g\u0171 embert tartanak nyilv\u00e1n, ebb\u0151l 185 ezer a gazdas\u00e1gilag akt\u00edv, akik k\u00f6z\u00fcl mintegy 140 ezret foglalkoztatnak (az \u00f6sszes rokkant 18,6 sz\u00e1zal\u00e9ka). Az \u00e9rintettek 20-22 sz\u00e1zal\u00e9ka a nyugat-dun\u00e1nt\u00fali megy\u00e9kben, Budapesten \u00e9s a D\u00e9l-Alf\u00f6ld\u00f6n tud elhelyezni, m\u00edg \u00c9szak-Magyarorsz\u00e1gon \u00e9s a K\u00f6z\u00e9p-Dun\u00e1nt\u00falon mind\u00f6ssze 13-15 sz\u00e1zal\u00e9k k\u00f6z\u00f6tt mozog ez az \u00e9rt\u00e9k.<br \/>\n    A Trenkwalder kiemelte, hogy az elm\u00falt t\u00edz \u00e9vben jelent\u0151sen visszaesett a 10 ezer akt\u00edv kor\u00fara jut\u00f3 \u00faj rokkantak sz\u00e1ma. 2005-ben ez a sz\u00e1m orsz\u00e1gos szinten m\u00e9g 56 volt, 2013-ban m\u00e1r csak 25. A k\u00f6zlem\u00e9ny ezzel kapcsolatban felh\u00edvta a figyelmet a rehabilit\u00e1ci\u00f3s reformra, amely sor\u00e1n a bizotts\u00e1goknak a kor\u00e1bbin\u00e1l szigor\u00fabb, \u00e9s t\u00f6bb szempontot figyelembe vev\u0151 protokoll alapj\u00e1n kell elj\u00e1rniuk, illetve az ell\u00e1t\u00e1sok meg\u00e1llap\u00edt\u00e1s\u00e1n\u00e1l is szigor\u00fabb felt\u00e9teleknek kell megfelelni.(MTI)<\/p>\n","protected":false},"excerpt":{"rendered":"<p>Magyarorsz\u00e1gon jelenleg a gazdas\u00e1gilag akt\u00edv, megv\u00e1ltozott munkak\u00e9pess\u00e9g\u0171ek 18 sz\u00e1zal\u00e9ka tud elhelyezkedni a munkaer\u0151piacon, m\u00edg ez az ar\u00e1ny 2001-ben m\u00e9g csak 12 sz\u00e1zal\u00e9k volt. A n\u00f6veked\u00e9s ellen\u00e9re j\u00f3val elmaradunk a 40-50 sz\u00e1zal\u00e9k k\u00f6z\u00f6tti uni\u00f3s \u00e1tlagt\u00f3l a Trenkwalder Szem\u00e9lyzeti Szolg\u00e1ltat\u00f3 Kft. kedden k\u00f6z\u00f6lt \u00f6sszes\u00edt\u00e9se szerint.<\/p>\n","protected":false},"author":1,"featured_media":0,"comment_status":"open","ping_status":"closed","sticky":false,"template":"","format":"standard","meta":[],"categories":[19],"tags":[],"_links":{"self":[{"href":"https:\/\/gazdasagportal.hu\/index.php\/wp-json\/wp\/v2\/posts\/63293"}],"collection":[{"href":"https:\/\/gazdasagportal.hu\/index.php\/wp-json\/wp\/v2\/posts"}],"about":[{"href":"https:\/\/gazdasagportal.hu\/index.php\/wp-json\/wp\/v2\/types\/post"}],"author":[{"embeddable":true,"href":"https:\/\/gazdasagportal.hu\/index.php\/wp-json\/wp\/v2\/users\/1"}],"replies":[{"embeddable":true,"href":"https:\/\/gazdasagportal.hu\/index.php\/wp-json\/wp\/v2\/comments?post=63293"}],"version-history":[{"count":1,"href":"https:\/\/gazdasagportal.hu\/index.php\/wp-json\/wp\/v2\/posts\/63293\/revisions"}],"predecessor-version":[{"id":63294,"href":"https:\/\/gazdasagportal.hu\/index.php\/wp-json\/wp\/v2\/posts\/63293\/revisions\/63294"}],"wp:attachment":[{"href":"https:\/\/gazdasagportal.hu\/index.php\/wp-json\/wp\/v2\/media?parent=63293"}],"wp:term":[{"taxonomy":"category","embeddable":true,"href":"https:\/\/gazdasagportal.hu\/index.php\/wp-json\/wp\/v2\/categories?post=63293"},{"taxonomy":"post_tag","embeddable":true,"href":"https:\/\/gazdasagportal.hu\/index.php\/wp-json\/wp\/v2\/tags?post=63293"}],"curies":[{"name":"wp","href":"https:\/\/api.w.org\/{rel}","templated":true}]}}