{"id":63249,"date":"2015-06-15T18:20:10","date_gmt":"2015-06-15T16:20:10","guid":{"rendered":"http:\/\/gazdasagportal.hu\/?p=63249"},"modified":"2015-06-15T18:18:21","modified_gmt":"2015-06-15T16:18:21","slug":"a-varakozasokhoz-kepest-alulteljesit-a-kozep-europai-tozsdecsoport","status":"publish","type":"post","link":"https:\/\/gazdasagportal.hu\/index.php\/a-varakozasokhoz-kepest-alulteljesit-a-kozep-europai-tozsdecsoport\/","title":{"rendered":"A v\u00e1rakoz\u00e1sokhoz k\u00e9pest alulteljes\u00edt a K\u00f6z\u00e9p-Eur\u00f3pai T\u0151zsdecsoport"},"content":{"rendered":"<p><strong>A v\u00e1rakoz\u00e1sokhoz k\u00e9pest alulteljes\u00edt a budapesti, b\u00e9csi, pr\u00e1gai \u00e9s ljubljanai \u00e9rt\u00e9kt\u0151zsd\u00e9ket t\u00f6m\u00f6r\u00edt\u0151 K\u00f6z\u00e9p-Eur\u00f3pai T\u0151zsdecsoport \u2013 \u00e1llap\u00edtotta meg h\u00e9tf\u0151n elemz\u0151 \u00edr\u00e1s\u00e1ban a Wirtschaftsblatt c\u00edm\u0171 osztr\u00e1k gazdas\u00e1gi napilap.<\/strong><!--more--><\/p>\n<div class=\"ads-in-post1\"><div id=\"gazdasagportal.hu_fullbanner_wideboard\"><\/div>\r\n<\/div>\n<p>    Az \u00fajs\u00e1g abb\u00f3l az alkalomb\u00f3l elemezte a 2010 \u00f3ta CEE Stock Exchange Group (CEESEG AG) n\u00e9ven m\u0171k\u00f6d\u0151 sz\u00f6vets\u00e9g helyzet\u00e9t, hogy az \u00e9rtes\u00fcl\u00e9sek szerint folynak a t\u00e1rgyal\u00e1sok a ljubljanai \u00e9rt\u00e9kt\u0151zsde elad\u00e1s\u00e1r\u00f3l, \u00e9s az ad\u00e1sv\u00e9tel m\u00e9g ezen a ny\u00e1ron megt\u00f6rt\u00e9nhet.<br \/>\n    A Wirtschaftsblatt szerint a csoport sz\u00e1m\u00e1ra nem t\u00fal h\u00edzelg\u0151 t\u00e9ny, hogy az a b\u00e9csi t\u0151zsde jelenti a sz\u00f6vets\u00e9g h\u00faz\u00f3erej\u00e9t, amely maga is gondokkal k\u00fczd. Az \u00e9rt\u00e9kt\u0151zsde vezet\u0151 ATX index\u00e9t hossz\u00fa ideje kor\u00e1bbi maxim\u00e1lis \u00e9rt\u00e9ke alatt jegyzik, \u00e9s az AMAG osztr\u00e1k alum\u00edniumgy\u00e1r, a lak\u00f3ingatlanokkal foglalkoz\u00f3 osztr\u00e1k BUWOG vagy a FACC osztr\u00e1k rep\u00fcl\u0151ipari besz\u00e1ll\u00edt\u00f3 c\u00e9g t\u0151zsdei bevezet\u00e9s\u00e9n k\u00edv\u00fcl r\u00e9g\u00f3ta nem t\u00f6rt\u00e9nt jelent\u0151sebb r\u00e9szv\u00e9nykibocs\u00e1t\u00e1s (IPO).<br \/>\n    Az \u00edr\u00e1s szerint a csoporton bel\u00fcl ennek ellen\u00e9re is kiemelkedik a b\u00e9csi \u00e9rt\u00e9kt\u0151zsde teljes\u00edtm\u00e9nye. 2015 \u00e1prilis\u00e1ban a sz\u00f6vets\u00e9g t\u0151zsd\u00e9in jegyzett v\u00e1llalatok t\u0151zsdei \u00e9rt\u00e9ke \u00f6sszesen 140 milli\u00e1rd eur\u00f3t tett ki, \u00e9s ebb\u0151l 93 milli\u00f3 a b\u00e9csi \u00e9rt\u00e9kt\u0151zsd\u00e9n jelent meg. \u00c1prilisban B\u00e9cs \u00f6tmilli\u00e1rd eur\u00f3s forgalmat bonyol\u00edtott, mik\u00f6zben Budapesten az \u00e9rt\u00e9kt\u0151zsdei forgalom csup\u00e1n 1,4 milli\u00e1rd, Pr\u00e1g\u00e1ban egymilli\u00e1rd, Ljubljan\u00e1ban pedig csup\u00e1n 60 milli\u00f3 eur\u00f3t tett ki.<br \/>\n    Az adatok ellen\u00e9re Wolfgang Matejka vagyongazd\u00e1lkod\u00e1ssal foglalkoz\u00f3 \u00fczletember szerint B\u00e9cs ut\u00e1n Pr\u00e1ga b\u00edr a legnagyobb vonzer\u0151vel a t\u00e9rs\u00e9g befektet\u0151i sz\u00e1m\u00e1ra. A Budapesti \u00c9rt\u00e9kt\u0151zsd\u00e9r\u0151l sz\u00f3lva k\u00e9ts\u00e9gbe vonta, hogy az Eur\u00f3pai Uni\u00f3n bel\u00fcl \u2013 els\u0151sorban G\u00f6r\u00f6gorsz\u00e1g miatt \u2013 uralkod\u00f3 bizonytalans\u00e1gokkal \u00f6sszef\u00fcgg\u00e9sben a befektet\u0151k sz\u00e1m\u00e1ra hosszabb t\u00e1von vonz\u00f3 \u00e9s stabil maradhat.(MTI)<\/p>\n","protected":false},"excerpt":{"rendered":"<p>A v\u00e1rakoz\u00e1sokhoz k\u00e9pest alulteljes\u00edt a budapesti, b\u00e9csi, pr\u00e1gai \u00e9s ljubljanai \u00e9rt\u00e9kt\u0151zsd\u00e9ket t\u00f6m\u00f6r\u00edt\u0151 K\u00f6z\u00e9p-Eur\u00f3pai T\u0151zsdecsoport \u2013 \u00e1llap\u00edtotta meg h\u00e9tf\u0151n elemz\u0151 \u00edr\u00e1s\u00e1ban a Wirtschaftsblatt c\u00edm\u0171 osztr\u00e1k gazdas\u00e1gi napilap.<\/p>\n","protected":false},"author":1,"featured_media":0,"comment_status":"open","ping_status":"closed","sticky":false,"template":"","format":"standard","meta":[],"categories":[8],"tags":[],"_links":{"self":[{"href":"https:\/\/gazdasagportal.hu\/index.php\/wp-json\/wp\/v2\/posts\/63249"}],"collection":[{"href":"https:\/\/gazdasagportal.hu\/index.php\/wp-json\/wp\/v2\/posts"}],"about":[{"href":"https:\/\/gazdasagportal.hu\/index.php\/wp-json\/wp\/v2\/types\/post"}],"author":[{"embeddable":true,"href":"https:\/\/gazdasagportal.hu\/index.php\/wp-json\/wp\/v2\/users\/1"}],"replies":[{"embeddable":true,"href":"https:\/\/gazdasagportal.hu\/index.php\/wp-json\/wp\/v2\/comments?post=63249"}],"version-history":[{"count":1,"href":"https:\/\/gazdasagportal.hu\/index.php\/wp-json\/wp\/v2\/posts\/63249\/revisions"}],"predecessor-version":[{"id":63250,"href":"https:\/\/gazdasagportal.hu\/index.php\/wp-json\/wp\/v2\/posts\/63249\/revisions\/63250"}],"wp:attachment":[{"href":"https:\/\/gazdasagportal.hu\/index.php\/wp-json\/wp\/v2\/media?parent=63249"}],"wp:term":[{"taxonomy":"category","embeddable":true,"href":"https:\/\/gazdasagportal.hu\/index.php\/wp-json\/wp\/v2\/categories?post=63249"},{"taxonomy":"post_tag","embeddable":true,"href":"https:\/\/gazdasagportal.hu\/index.php\/wp-json\/wp\/v2\/tags?post=63249"}],"curies":[{"name":"wp","href":"https:\/\/api.w.org\/{rel}","templated":true}]}}