{"id":63159,"date":"2015-06-13T14:15:29","date_gmt":"2015-06-13T12:15:29","guid":{"rendered":"http:\/\/stockportal.hu\/?p=63159"},"modified":"2015-06-13T09:18:10","modified_gmt":"2015-06-13T07:18:10","slug":"brit-eu-nepszavazas-negativra-rontotta-a-brit-adososztalyzatok-kilatasat-az-sp","status":"publish","type":"post","link":"https:\/\/gazdasagportal.hu\/index.php\/brit-eu-nepszavazas-negativra-rontotta-a-brit-adososztalyzatok-kilatasat-az-sp\/","title":{"rendered":"Brit EU-n\u00e9pszavaz\u00e1s &#8211; Negat\u00edvra rontotta a brit ad\u00f3soszt\u00e1lyzatok kil\u00e1t\u00e1s\u00e1t az S&#038;P"},"content":{"rendered":"<p><strong>Lemin\u0151s\u00edt\u00e9s lehet\u0151s\u00e9g\u00e9re utal\u00f3 negat\u00edvra rontotta Nagy-Britannia &#8211; az eur\u00f3\u00f6vezeten k\u00edv\u00fcli legnagyobb EU-gazdas\u00e1g &#8211; \u00e1llamad\u00f3s-oszt\u00e1lyzat\u00e1nak kil\u00e1t\u00e1s\u00e1t p\u00e9nteken a Standard &#038; Poor&#8217;s, els\u0151sorban a brit EU-tags\u00e1gr\u00f3l tervezett n\u00e9pszavaz\u00e1sb\u00f3l a gazdas\u00e1gpolitikai d\u00f6nt\u00e9shozatalra h\u00e1rul\u00f3 potenci\u00e1lis kock\u00e1zatokra hivatkozva.<\/strong><!--more--><\/p>\n<div class=\"ads-in-post1\"><div id=\"gazdasagportal.hu_fullbanner_wideboard\"><\/div>\r\n<\/div>\n<p>    A nemzetk\u00f6zi hitelmin\u0151s\u00edt\u0151 a kil\u00e1t\u00e1s negat\u00edv fel\u00fclvizsg\u00e1lat\u00e1val egy\u00fctt meger\u0151s\u00edtette Nagy-Britannia lehets\u00e9ges legjobb, &#8222;AAA\/A-1 plusz&#8221; hossz\u00fa \u00e9s r\u00f6vid t\u00e1v\u00fa szuver\u00e9n ad\u00f3sbesorol\u00e1s\u00e1t.<br \/>\n    Az S&#038;P az oszt\u00e1lyzati kil\u00e1t\u00e1s negat\u00edvra ront\u00e1s\u00e1t a l\u00e9p\u00e9shez f\u0171z\u00f6tt r\u00e9szletes elemz\u00e9s\u00e9ben mindenekel\u0151tt azzal a v\u00e9lem\u00e9ny\u00e9vel indokolta, hogy a brit EU-tags\u00e1gr\u00f3l sz\u00f3l\u00f3, 2017 v\u00e9g\u00e9ig tervezett n\u00e9pszavaz\u00e1s miatt a brit gazdas\u00e1gpolitikai d\u00f6nt\u00e9shozatal mechanizmus\u00e1ra a c\u00e9g \u00e1ltal kor\u00e1bban v\u00e1rtn\u00e1l is nagyobb hat\u00e1st gyakorolhatnak a p\u00e1rtpolitikai meggondol\u00e1sok.<br \/>\n    A Standard &#038; Poor&#8217;s szerint a n\u00e9pszavaz\u00e1s emellett kock\u00e1zatokat jelent a brit p\u00e9nz\u00fcgyi szolg\u00e1ltat\u00e1si szf\u00e9ra, az exportszektor, \u00e9s a sz\u00e9lesebb \u00e9rtelemben vett re\u00e1lgazdas\u00e1g n\u00f6veked\u00e9si kil\u00e1t\u00e1saira is. A c\u00e9g elemz\u0151i hangs\u00falyozt\u00e1k azt a v\u00e9lem\u00e9ny\u00fcket is, hogy ha Nagy-Britannia t\u00e1vozna az Eur\u00f3pai Uni\u00f3b\u00f3l, az k\u00e9rd\u00e9seket vetne fel a brit \u00e1llamh\u00e1ztart\u00e1s \u00e9s a foly\u00f3m\u00e9rleg-egyenleg jelent\u0151s ikerdeficitj\u00e9nek, valamint a mag\u00e1nszektor szint\u00e9n magas r\u00f6vid lej\u00e1rat\u00fa ad\u00f3ss\u00e1g\u00e1llom\u00e1ny\u00e1nak finansz\u00edrozhat\u00f3s\u00e1g\u00e1val kapcsolatban.<br \/>\n    David Cameron brit minisztereln\u00f6k k\u00e9t \u00e9ve jelentette be, hogy Nagy-Britanni\u00e1ban legk\u00e9s\u0151bb 2017 v\u00e9g\u00e9ig n\u00e9pszavaz\u00e1st tartanak az EU-tags\u00e1gr\u00f3l, de addig London \u00fajra akarja t\u00e1rgyalni az EU-hoz f\u0171z\u0151d\u0151 viszonyrendszer\u00e9t Br\u00fcsszellel. A tervezett t\u00e1rgyal\u00e1sok k\u00f6z\u00e9ppontj\u00e1ban a brit korm\u00e1ny sz\u00e1nd\u00e9kai szerint az EU-t\u00e1rs\u00e1llamokb\u00f3l \u00e9rkez\u0151 munkav\u00e1llal\u00f3k bev\u00e1ndorl\u00e1si szab\u00e1lyainak radik\u00e1lis szigor\u00edt\u00e1sa \u00e1llna.<br \/>\n    A brit Konzervat\u00edv P\u00e1rt &#8211; amely 2010 ut\u00e1n az EU-p\u00e1rti Liber\u00e1lis Demokrat\u00e1kkal koal\u00edci\u00f3ban korm\u00e1nyzott &#8211; a m\u00e1jusi parlamenti v\u00e1laszt\u00e1sokat v\u00e1ratlan f\u00f6l\u00e9nnyel megnyerte, \u00e9s az \u00faj, imm\u00e1r egyp\u00e1rti t\u00f6bbs\u00e9gi konzervat\u00edv brit korm\u00e1ny m\u00e1r be is ny\u00fajtotta az EU-referendumr\u00f3l sz\u00f3l\u00f3 t\u00f6rv\u00e9nytervezetet az als\u00f3h\u00e1zban.<br \/>\n    A Standard &#038; Poor&#8217;s londoni elemz\u0151i szerint jelent\u0151s hossz\u00fa t\u00e1v\u00fa kock\u00e1zatokat jelenthet a brit gazdas\u00e1g kil\u00e1t\u00e1saira, ha Nagy-Britannia t\u00e1vozna az Eur\u00f3pai Uni\u00f3b\u00f3l. Egy ilyen fejlem\u00e9nynek az S&#038;P szerint k\u00f6vetkezm\u00e9nyei lenn\u00e9nek a k\u00fcls\u0151 finansz\u00edroz\u00e1sra, valamint a font tartal\u00e9kvaluta-szerep\u00e9re is.<br \/>\n    Nagy-Britannia EU-tags\u00e1ga r\u00e9v\u00e9n a brit gazdas\u00e1g nagyobb \u00e9rt\u00e9kben jutott alacsony k\u00f6lts\u00e9g\u0171 t\u0151keforr\u00e1sokhoz, valamint t\u00f6bb magasan k\u00e9pzett k\u00fclf\u00f6ldi munkav\u00e1llal\u00f3t vonzott, mint amennyihez akkor jutott volna, ha nem lett volna hozz\u00e1f\u00e9r\u00e9se az EU egys\u00e9ges bels\u0151 piac\u00e1hoz &#8211; \u00e1ll a hitelmin\u0151s\u00edt\u0151 p\u00e9nteki elemz\u00e9s\u00e9ben.<br \/>\n    A Standard &#038; Poor&#8217;s v\u00e9lem\u00e9nye szerint az elm\u00falt \u00e9vtizedben v\u00e9gbement jelent\u0151s m\u00e9rt\u00e9k\u0171 nett\u00f3 bev\u00e1ndorl\u00e1s jav\u00edtotta Nagy-Britannia mint szuver\u00e9n ad\u00f3s gazdas\u00e1gi \u00e9s k\u00f6lts\u00e9gvet\u00e9si teljes\u00edtm\u00e9ny\u00e9t.<br \/>\n    Mindemellett a brit gazdas\u00e1gnak a font tartal\u00e9kvaluta-szerepe is hasznos. A Standard &#038; Poor&#8217;s k\u00f6z\u00f6lte: ad\u00f3soszt\u00e1lyzati m\u00f3dszertana azt dikt\u00e1lja, hogy ha a font ar\u00e1nya a glob\u00e1lis jegybanki devizatartal\u00e9k-\u00e1llom\u00e1nyon bel\u00fcl 3 sz\u00e1zal\u00e9k al\u00e1 cs\u00f6kkenne, az S&#038;P a brit fizet\u0151eszk\u00f6zt a tov\u00e1bbiakban nem tekinten\u00e9 glob\u00e1lis tartal\u00e9kvalut\u00e1nak.<br \/>\n    A hitelmin\u0151s\u00edt\u0151 adatai szerint 2014 v\u00e9g\u00e9n a font r\u00e9szar\u00e1nya 3,8 sz\u00e1zal\u00e9k volt a glob\u00e1lis jegybanki tartal\u00e9k\u00e1llom\u00e1nyon bel\u00fcl; az amerikai doll\u00e1r 52,5 sz\u00e1zal\u00e9kos, a jap\u00e1n jen 4,0 sz\u00e1zal\u00e9kos s\u00fallyal volt jelen a devizatartal\u00e9kokban.<br \/>\n    Az S&#038;P k\u00f6z\u00f6lte: egy fokozattal lemin\u0151s\u00edtheti a brit &#8222;AAA&#8221; szuver\u00e9n besorol\u00e1st, ha a font elveszti e tartal\u00e9kvaluta-funkci\u00f3j\u00e1t.<br \/>\n    A hitelmin\u0151s\u00edt\u0151 elemz\u00e9se szerint az\u00f3ta, hogy Nagy-Britannia 1973-ban csatlakozott az akkori Eur\u00f3pai K\u00f6z\u00f6ss\u00e9ghez, a brit gazdas\u00e1g jelent\u0151s \u00e9rt\u00e9k\u0171 k\u00f6zvetlen k\u00fclf\u00f6ldi befektet\u00e9st vonzott, megszil\u00e1rd\u00edtva glob\u00e1lis p\u00e9nz\u00fcgyi k\u00f6zpontk\u00e9nt bet\u00f6lt\u00f6tt szerep\u00e9t.<br \/>\n    A brit gazdas\u00e1gba eddig \u00e9rkezett nomin\u00e1lis k\u00fclf\u00f6ldi m\u0171k\u00f6d\u0151t\u0151ke-\u00e1llom\u00e1ny 1600 milli\u00e1rd doll\u00e1r &#8211; a brit hazai \u00f6sszterm\u00e9k (GDP) 57 sz\u00e1zal\u00e9ka -, ami a vil\u00e1gon a harmadik legmagasabb nomin\u00e1lis \u00e9rt\u00e9k. A brit gazdas\u00e1g k\u00f6zvetlen k\u00fcls\u0151 t\u0151kebefektet\u00e9si \u00e1llom\u00e1nya a teljes glob\u00e1lis \u00e9rt\u00e9k 6,3 sz\u00e1zal\u00e9ka, vagyis j\u00f3val meghaladja a brit gazdas\u00e1g 4 sz\u00e1zal\u00e9kos s\u00faly\u00e1t a vil\u00e1ggazdas\u00e1g eg\u00e9sz\u00e9n bel\u00fcl &#8211; hangs\u00falyozza p\u00e9nteki londoni elemz\u00e9s\u00e9ben a Standard &#038; Poor&#8217;s.<br \/>\n    A hitelmin\u0151s\u00edt\u0151 kiemeli, hogy a teljes k\u00fclf\u00f6ldi m\u0171k\u00f6d\u0151t\u0151ke-be\u00e1raml\u00e1s k\u00e9tharmada a szolg\u00e1ltat\u00e1si szektorba, mindenekel\u0151tt a londoni City p\u00e9nz\u00fcgyi szolg\u00e1ltat\u00e1si szektor\u00e1ba \u00e9rkezik. London val\u00f3sz\u00edn\u0171leg akkor is fontos p\u00e9nz\u00fcgyi k\u00f6zpont maradna, ha Nagy-Britannia t\u00e1vozna az EU-b\u00f3l, a brit n\u00f6veked\u00e9si \u00e9s k\u00f6lts\u00e9gevet\u00e9si teljes\u00edtm\u00e9nyre azonban s\u00falyos teherk\u00e9nt nehezedne, ha a p\u00e9nz\u00fcgyi befektet\u0151k a j\u00f6v\u0151ben m\u00e1s befektet\u00e9si c\u00e9lpontok mellett d\u00f6nten\u00e9nek &#8211; \u00e1ll az S&#038;P elemz\u00e9s\u00e9ben.<br \/>\n    A brit \u00fczleti szf\u00e9ra k\u00e9pvisel\u0151i is felh\u00edvt\u00e1k m\u00e1r a figyelmet arra, hogy a brit gazdas\u00e1g s\u00falyos vesztes\u00e9geket kock\u00e1ztat, ha Nagy-Britannia kil\u00e9p az EU-b\u00f3l. Nemr\u00e9giben a legnagyobb brit v\u00e1llalatok vezet\u0151i &#8211; k\u00f6zt\u00fck Sir Richard Branson, a Virgin v\u00e1llalatbirodalom alap\u00edt\u00f3ja \u00e9s Nicolas Petrovic, a Eurostar szuperexpresszeket \u00fczemeltet\u0151 c\u00e9g vez\u00e9rigazgat\u00f3ja &#8211; k\u00f6z\u00f6sen megfogalmazott ny\u00edlt lev\u00e9lben figyelmeztett\u00e9k a Konzervat\u00edv P\u00e1rt vezette korm\u00e1nyt arra, hogy a brit gazdas\u00e1g sz\u00e1m\u00e1ra az EU-tags\u00e1g a k\u00fcl\u00f6nb\u00f6z\u0151 becsl\u00e9sek sz\u00e9ls\u0151\u00e9rt\u00e9kei alapj\u00e1n \u00e9vente 31 milli\u00e1rd \u00e9s 92 milli\u00e1rd font (13 ezer milli\u00e1rd \u00e9s 40 ezer milli\u00e1rd forint) k\u00f6z\u00f6tti t\u00f6bbletbev\u00e9telt jelent; ez h\u00e1ztart\u00e1sonk\u00e9nt 1200-3500 font k\u00f6z\u00f6tti \u00e9ves j\u00f6vedelmi plusznak felel meg.(MTI)<\/p>\n","protected":false},"excerpt":{"rendered":"<p>Lemin\u0151s\u00edt\u00e9s lehet\u0151s\u00e9g\u00e9re utal\u00f3 negat\u00edvra rontotta Nagy-Britannia &#8211; az eur\u00f3\u00f6vezeten k\u00edv\u00fcli legnagyobb EU-gazdas\u00e1g &#8211; \u00e1llamad\u00f3s-oszt\u00e1lyzat\u00e1nak kil\u00e1t\u00e1s\u00e1t p\u00e9nteken a Standard &#038; Poor&#8217;s, els\u0151sorban a brit EU-tags\u00e1gr\u00f3l tervezett n\u00e9pszavaz\u00e1sb\u00f3l a gazdas\u00e1gpolitikai d\u00f6nt\u00e9shozatalra h\u00e1rul\u00f3 potenci\u00e1lis kock\u00e1zatokra hivatkozva.<\/p>\n","protected":false},"author":1,"featured_media":45186,"comment_status":"open","ping_status":"closed","sticky":false,"template":"","format":"standard","meta":[],"categories":[146,246],"tags":[],"_links":{"self":[{"href":"https:\/\/gazdasagportal.hu\/index.php\/wp-json\/wp\/v2\/posts\/63159"}],"collection":[{"href":"https:\/\/gazdasagportal.hu\/index.php\/wp-json\/wp\/v2\/posts"}],"about":[{"href":"https:\/\/gazdasagportal.hu\/index.php\/wp-json\/wp\/v2\/types\/post"}],"author":[{"embeddable":true,"href":"https:\/\/gazdasagportal.hu\/index.php\/wp-json\/wp\/v2\/users\/1"}],"replies":[{"embeddable":true,"href":"https:\/\/gazdasagportal.hu\/index.php\/wp-json\/wp\/v2\/comments?post=63159"}],"version-history":[{"count":1,"href":"https:\/\/gazdasagportal.hu\/index.php\/wp-json\/wp\/v2\/posts\/63159\/revisions"}],"predecessor-version":[{"id":63160,"href":"https:\/\/gazdasagportal.hu\/index.php\/wp-json\/wp\/v2\/posts\/63159\/revisions\/63160"}],"wp:featuredmedia":[{"embeddable":true,"href":"https:\/\/gazdasagportal.hu\/index.php\/wp-json\/wp\/v2\/media\/45186"}],"wp:attachment":[{"href":"https:\/\/gazdasagportal.hu\/index.php\/wp-json\/wp\/v2\/media?parent=63159"}],"wp:term":[{"taxonomy":"category","embeddable":true,"href":"https:\/\/gazdasagportal.hu\/index.php\/wp-json\/wp\/v2\/categories?post=63159"},{"taxonomy":"post_tag","embeddable":true,"href":"https:\/\/gazdasagportal.hu\/index.php\/wp-json\/wp\/v2\/tags?post=63159"}],"curies":[{"name":"wp","href":"https:\/\/api.w.org\/{rel}","templated":true}]}}