{"id":63139,"date":"2015-06-12T16:35:41","date_gmt":"2015-06-12T14:35:41","guid":{"rendered":"http:\/\/stockportal.hu\/?p=63139"},"modified":"2015-06-12T16:26:23","modified_gmt":"2015-06-12T14:26:23","slug":"elfogadta-a-fogaz-ajanlatat-az-energiahivatal","status":"publish","type":"post","link":"https:\/\/gazdasagportal.hu\/index.php\/elfogadta-a-fogaz-ajanlatat-az-energiahivatal\/","title":{"rendered":"Elfogadta a F\u0151g\u00e1z aj\u00e1nlat\u00e1t az energiahivatal"},"content":{"rendered":"<p><strong>Alkalmasnak tal\u00e1lta a F\u0151g\u00e1z Zrt. aj\u00e1nlat\u00e1t a Magyar Energetikai \u00e9s K\u00f6zm\u0171-szab\u00e1lyoz\u00e1si Hivatal (MEKH), \u00edgy a t\u00e1rsas\u00e1g l\u00e1thatja el a j\u00f6v\u0151ben a lakoss\u00e1gi g\u00e1zszolg\u00e1ltat\u00e1si piacr\u00f3l kivonul\u00f3 E.on Energiaszolg\u00e1ltat\u00f3 Kft. \u00e9s a GDF Suez Zrt. \u00fcgyfeleit.<\/strong><!--more--><\/p>\n<div class=\"ads-in-post1\"><div id=\"gazdasagportal.hu_fullbanner_wideboard\"><\/div>\r\n<\/div>\n<p>    A hivatal p\u00e9nteki t\u00e1j\u00e9koztat\u00e1sa szerint a F\u0151g\u00e1z \u00e1ltal beny\u00fajtott dokument\u00e1ci\u00f3 megfelel a t\u00f6rv\u00e9nyi el\u0151\u00edr\u00e1soknak. A MEKH elj\u00e1r\u00e1sa sor\u00e1n a felhaszn\u00e1l\u00f3k folyamatos ell\u00e1t\u00e1s\u00e1t, az ell\u00e1t\u00e1sbiztons\u00e1g garant\u00e1l\u00e1s\u00e1t vizsg\u00e1lta.<br \/>\n    A F\u0151g\u00e1z az E.on \u00fcgyfeleit 2016. janu\u00e1r 1-j\u00e9t\u0151l, a GDF Suez \u00fcgyfeleit 2016. j\u00falius 1-j\u00e9t\u0151l l\u00e1tja el.<br \/>\n    A hivatal a szolg\u00e1ltat\u00f3v\u00e1lt\u00e1s folyamat\u00e1t rendszeresen ellen\u0151rzi, arr\u00f3l hetente \u00edr\u00e1sbeli jelent\u00e9st k\u00e9r, k\u00fcl\u00f6n\u00f6s tekintettel a fogyaszt\u00f3k t\u00e1j\u00e9koztat\u00e1s\u00e1ra &#8211; k\u00f6z\u00f6lt\u00e9k.<br \/>\n    A F\u0151g\u00e1znak 30 napon bel\u00fcl tervet kell k\u00e9sz\u00edtenie a szolg\u00e1ltat\u00f3v\u00e1lt\u00e1ssal \u00e9rintett fogyaszt\u00f3k t\u00e1j\u00e9koztat\u00e1s\u00e1r\u00f3l, amelynek tartalm\u00e1t a MEKH meghat\u00e1rozta. A fogyaszt\u00f3kat \u00e9rtes\u00edteni kell arr\u00f3l, hogy az \u00faj egyetemes szolg\u00e1ltat\u00f3i szerz\u0151d\u00e9s a MEKH hat\u00e1rozat\u00e1ban szerepl\u0151 hat\u00e1llyal automatikusan, a t\u00f6rv\u00e9ny erej\u00e9n\u00e9l fogva l\u00e9trej\u00f6n, a szolg\u00e1ltat\u00f3 \u00fczletszab\u00e1lyzat\u00e1ban foglalt felt\u00e9telekkel.<br \/>\n    A t\u00e1j\u00e9koztat\u00f3nak tartalmaznia kell az \u00faj szolg\u00e1ltat\u00f3nak, valamint \u00fczletszab\u00e1lyzat\u00e1nak el\u00e9rhet\u0151s\u00e9g\u00e9t, a m\u00e9r\u0151\u00e1ll\u00e1s meg\u00e1llap\u00edt\u00e1s\u00e1nak m\u00f3dj\u00e1t, a panaszkezel\u00e9s lehet\u0151s\u00e9geit, a szolg\u00e1ltat\u00f3v\u00e1lt\u00e1ssal kapcsolatos esetleges teend\u0151ket. \u00c9rtes\u00edteni kell a fogyaszt\u00f3kat a f\u00f6ldg\u00e1zell\u00e1t\u00e1s zavartalans\u00e1g\u00e1nak biztos\u00edt\u00e1s\u00e1r\u00f3l, az esetlegesen fenn\u00e1ll\u00f3 h\u00e1tral\u00e9kok kezel\u00e9s\u00e9r\u0151l.<br \/>\n    A hivatal a kijel\u00f6l\u0151 hat\u00e1rozatban a F\u0151g\u00e1z Zrt.-t a r\u00e9szletes \u00fczleti terv\u00e9nek beny\u00fajt\u00e1s\u00e1ra sz\u00f3l\u00edtotta fel &#8211; olvashat\u00f3 a k\u00f6zlem\u00e9nyben.<br \/>\n    A k\u00e9t egyetemes szolg\u00e1ltat\u00f3, az E.on Energiaszolg\u00e1ltat\u00f3 Kft. \u00e9s GDF Suez Zrt. \u00e1prilisban k\u00e9rte a Magyar Energetikai \u00e9s K\u00f6zm\u0171-szab\u00e1lyoz\u00e1si Hivatalt\u00f3l f\u00f6ldg\u00e1z szolg\u00e1ltat\u00f3i enged\u00e9ly\u00e9nek visszavon\u00e1s\u00e1t.<br \/>\n    A megadott hat\u00e1rid\u0151re egy g\u00e1zszolg\u00e1ltat\u00f3t\u00f3l, a F\u0151g\u00e1z Zrt.-t\u0151l \u00e9rkezett aj\u00e1nlat a k\u00e9t szolg\u00e1ltat\u00f3 lakoss\u00e1gi fogyaszt\u00f3inak ell\u00e1t\u00e1s\u00e1ra ki\u00edrt nyilv\u00e1nos felh\u00edv\u00e1sra.(MTI)<\/p>\n","protected":false},"excerpt":{"rendered":"<p>Alkalmasnak tal\u00e1lta a F\u0151g\u00e1z Zrt. aj\u00e1nlat\u00e1t a Magyar Energetikai \u00e9s K\u00f6zm\u0171-szab\u00e1lyoz\u00e1si Hivatal (MEKH), \u00edgy a t\u00e1rsas\u00e1g l\u00e1thatja el a j\u00f6v\u0151ben a lakoss\u00e1gi g\u00e1zszolg\u00e1ltat\u00e1si piacr\u00f3l kivonul\u00f3 E.on Energiaszolg\u00e1ltat\u00f3 Kft. \u00e9s a GDF Suez Zrt. \u00fcgyfeleit.<\/p>\n","protected":false},"author":1,"featured_media":0,"comment_status":"open","ping_status":"closed","sticky":false,"template":"","format":"standard","meta":[],"categories":[19],"tags":[],"_links":{"self":[{"href":"https:\/\/gazdasagportal.hu\/index.php\/wp-json\/wp\/v2\/posts\/63139"}],"collection":[{"href":"https:\/\/gazdasagportal.hu\/index.php\/wp-json\/wp\/v2\/posts"}],"about":[{"href":"https:\/\/gazdasagportal.hu\/index.php\/wp-json\/wp\/v2\/types\/post"}],"author":[{"embeddable":true,"href":"https:\/\/gazdasagportal.hu\/index.php\/wp-json\/wp\/v2\/users\/1"}],"replies":[{"embeddable":true,"href":"https:\/\/gazdasagportal.hu\/index.php\/wp-json\/wp\/v2\/comments?post=63139"}],"version-history":[{"count":1,"href":"https:\/\/gazdasagportal.hu\/index.php\/wp-json\/wp\/v2\/posts\/63139\/revisions"}],"predecessor-version":[{"id":63140,"href":"https:\/\/gazdasagportal.hu\/index.php\/wp-json\/wp\/v2\/posts\/63139\/revisions\/63140"}],"wp:attachment":[{"href":"https:\/\/gazdasagportal.hu\/index.php\/wp-json\/wp\/v2\/media?parent=63139"}],"wp:term":[{"taxonomy":"category","embeddable":true,"href":"https:\/\/gazdasagportal.hu\/index.php\/wp-json\/wp\/v2\/categories?post=63139"},{"taxonomy":"post_tag","embeddable":true,"href":"https:\/\/gazdasagportal.hu\/index.php\/wp-json\/wp\/v2\/tags?post=63139"}],"curies":[{"name":"wp","href":"https:\/\/api.w.org\/{rel}","templated":true}]}}