{"id":63085,"date":"2015-06-11T15:03:51","date_gmt":"2015-06-11T13:03:51","guid":{"rendered":"http:\/\/stockportal.hu\/?p=63085"},"modified":"2015-06-11T15:03:51","modified_gmt":"2015-06-11T13:03:51","slug":"emelkedett-a-munkanelkuli-segelyt-kerok-szama-az-egyesult-allamokban-3","status":"publish","type":"post","link":"https:\/\/gazdasagportal.hu\/index.php\/emelkedett-a-munkanelkuli-segelyt-kerok-szama-az-egyesult-allamokban-3\/","title":{"rendered":"Emelkedett a munkan\u00e9lk\u00fcli seg\u00e9lyt k\u00e9r\u0151k sz\u00e1ma az Egyes\u00fclt \u00c1llamokban"},"content":{"rendered":"<p><strong>Emelkedett az els\u0151 alkalommal munkan\u00e9lk\u00fcli seg\u00e9ly\u00e9rt folyamod\u00f3k sz\u00e1ma az Egyes\u00fclt \u00c1llamokban a m\u00falt h\u00e9ten, de az alaptrend tov\u00e1bbra is a munkaer\u0151-piaci helyzet javul\u00e1s\u00e1t mutatja.<\/strong><!--more--><\/p>\n<div class=\"ads-in-post1\"><div id=\"gazdasagportal.hu_fullbanner_wideboard\"><\/div>\r\n<\/div>\n<p>    Az amerikai munka\u00fcgyi miniszt\u00e9rium cs\u00fct\u00f6rt\u00f6k\u00f6n k\u00f6z\u00f6lte, hogy a j\u00fanius 6-\u00e1n z\u00e1rult h\u00e9ten a szezon\u00e1lisan kiigaz\u00edtott adatok szerint a seg\u00e9lyk\u00e9relmek sz\u00e1ma k\u00e9tezerrel, az el\u0151z\u0151 heti 277 ezerr\u0151l 279 ezerre emelkedett. Ez a sz\u00e1m m\u00e1r a 14. egym\u00e1st k\u00f6vet\u0151 h\u00e9ten maradt 300 ezer alatt.<br \/>\n    Elemz\u0151k enyhe emelked\u00e9sre sz\u00e1m\u00edtottak a MarketWatch amerikai gazdas\u00e1gi h\u00edrport\u00e1l besz\u00e1mol\u00f3ja szerint.<br \/>\n    A seg\u00e9lyk\u00e9relmek sz\u00e1m\u00e1t m\u00e9r\u0151 n\u00e9gyhetes mozg\u00f3\u00e1tlag a m\u00falt h\u00e9t v\u00e9g\u00e9re 3750-nel 278 ezer 750-re emelkedett. A mozg\u00f3\u00e1tlag seg\u00edt kisz\u0171rni az ideiglenes, egyszeri hat\u00e1sokat, \u00e9s a 300 ezer alatti \u00e9rt\u00e9ket a munkaer\u0151-piaci helyzet robusztus er\u0151s\u00f6d\u00e9s\u00e9nek jelek\u00e9nt \u00e9rtelmezik az elemz\u0151k.<br \/>\n    A tart\u00f3san munkan\u00e9lk\u00fcli seg\u00e9lyt k\u00e9r\u0151k sz\u00e1ma 61 ezerrel, 2 milli\u00f3 265 ezerre n\u00f6vekedett a m\u00e1jus 30-\u00e1n z\u00e1rult h\u00e9ten. A tart\u00f3san munkan\u00e9lk\u00fcli seg\u00e9lyt k\u00e9r\u0151k sz\u00e1m\u00e1t m\u00e9r\u0151 n\u00e9gyhetes mozg\u00f3\u00e1tlag 10 500-zal 2 milli\u00f3 226 ezer 750-re emelkedett.<br \/>\n    A munka\u00fcgyi miniszt\u00e9rium k\u00f6zlem\u00e9nye szerint semmilyen k\u00fcl\u00f6nleges hat\u00e1s nem torz\u00edtotta az adatokat.<br \/>\n(MTI)<\/p>\n","protected":false},"excerpt":{"rendered":"<p>Emelkedett az els\u0151 alkalommal munkan\u00e9lk\u00fcli seg\u00e9ly\u00e9rt folyamod\u00f3k sz\u00e1ma az Egyes\u00fclt \u00c1llamokban a m\u00falt h\u00e9ten, de az alaptrend tov\u00e1bbra is a munkaer\u0151-piaci helyzet javul\u00e1s\u00e1t mutatja.<\/p>\n","protected":false},"author":1,"featured_media":60643,"comment_status":"open","ping_status":"closed","sticky":false,"template":"","format":"standard","meta":[],"categories":[146,246],"tags":[],"_links":{"self":[{"href":"https:\/\/gazdasagportal.hu\/index.php\/wp-json\/wp\/v2\/posts\/63085"}],"collection":[{"href":"https:\/\/gazdasagportal.hu\/index.php\/wp-json\/wp\/v2\/posts"}],"about":[{"href":"https:\/\/gazdasagportal.hu\/index.php\/wp-json\/wp\/v2\/types\/post"}],"author":[{"embeddable":true,"href":"https:\/\/gazdasagportal.hu\/index.php\/wp-json\/wp\/v2\/users\/1"}],"replies":[{"embeddable":true,"href":"https:\/\/gazdasagportal.hu\/index.php\/wp-json\/wp\/v2\/comments?post=63085"}],"version-history":[{"count":1,"href":"https:\/\/gazdasagportal.hu\/index.php\/wp-json\/wp\/v2\/posts\/63085\/revisions"}],"predecessor-version":[{"id":63086,"href":"https:\/\/gazdasagportal.hu\/index.php\/wp-json\/wp\/v2\/posts\/63085\/revisions\/63086"}],"wp:featuredmedia":[{"embeddable":true,"href":"https:\/\/gazdasagportal.hu\/index.php\/wp-json\/wp\/v2\/media\/60643"}],"wp:attachment":[{"href":"https:\/\/gazdasagportal.hu\/index.php\/wp-json\/wp\/v2\/media?parent=63085"}],"wp:term":[{"taxonomy":"category","embeddable":true,"href":"https:\/\/gazdasagportal.hu\/index.php\/wp-json\/wp\/v2\/categories?post=63085"},{"taxonomy":"post_tag","embeddable":true,"href":"https:\/\/gazdasagportal.hu\/index.php\/wp-json\/wp\/v2\/tags?post=63085"}],"curies":[{"name":"wp","href":"https:\/\/api.w.org\/{rel}","templated":true}]}}