{"id":6289,"date":"2013-04-07T13:00:09","date_gmt":"2013-04-07T12:00:09","guid":{"rendered":"http:\/\/stockportal.hu\/?p=6289"},"modified":"2013-04-07T13:00:34","modified_gmt":"2013-04-07T12:00:34","slug":"koreai-fesziget-hague-nincs-jele-katonai-keszulodesnek-eszak-koreaban","status":"publish","type":"post","link":"https:\/\/gazdasagportal.hu\/index.php\/koreai-fesziget-hague-nincs-jele-katonai-keszulodesnek-eszak-koreaban\/","title":{"rendered":"Koreai-f\u00e9sziget &#8211; Hague: nincs jele katonai k\u00e9sz\u00fcl\u0151d\u00e9snek \u00c9szak-Kore\u00e1ban"},"content":{"rendered":"<p><strong>Nincsenek arra utal\u00f3 jelek, hogy \u00c9szak-Korea nagyszab\u00e1s\u00fa hadm\u0171veletre k\u00e9sz\u00fclne &#8211; mondta vas\u00e1rnap a brit k\u00fcl\u00fcgyminiszter.<!--more--><\/strong><\/p>\n<p>William Hague a BBC telev\u00edzi\u00f3 vas\u00e1rnapi politikai magazinm\u0171sor\u00e1ban kijelentette: az elm\u00falt hetekben nem t\u00f6rt\u00e9nt k\u00edv\u00fclr\u0151l megfigyelhet\u0151 v\u00e1ltoz\u00e1s az \u00e9szak-koreai t\u00e1rsadalom \u00e9let\u00e9ben, \u00e9s a sz\u00e1razf\u00f6ldi er\u0151k olyan jelleg\u0171 \u00e1tcsoportos\u00edt\u00e1s\u00e1t sem lehet \u00e9rz\u00e9kelni, amilyenre egy &#8222;tot\u00e1lis konfliktus&#8221; felk\u00e9sz\u00fcl\u00e9si id\u0151szak\u00e1ban sz\u00e1m\u00edtani lehetne.<br \/>\nHague szerint az ut\u00f3bbi id\u0151szak fejlem\u00e9nyei m\u00f6g\u00f6tt az \u00e1llhat, hogy az \u00e9szak-koreai rezsim a t\u00e1rsadalom &#8222;intenz\u00edv militariz\u00e1l\u00e1s\u00e1t&#8221; igyekszik igazolni az orsz\u00e1g elleni k\u00fcls\u0151 fenyeget\u00e9sr\u0151l sz\u00f3l\u00f3, egyre \u00e9lesebb retorik\u00e1val.<br \/>\nA brit k\u00fcl\u00fcgyminiszter szerint ehhez hasonl\u00f3t m\u00e1r sokszor lehetett tapasztalni \u00f6nk\u00e9nyuralmi rezsimek r\u00e9sz\u00e9r\u0151l a t\u00f6rt\u00e9nelem sor\u00e1n. \u00c9szak-Korea olyan id\u0151szakban fejleszti rak\u00e9t\u00e1it, amikor az orsz\u00e1g lakoss\u00e1g\u00e1t rendszeres \u00e9s s\u00falyos \u00e9lelmiszerhi\u00e1nyok s\u00fajtj\u00e1k, &#8222;ennek igazol\u00e1s\u00e1ra pedig k\u00fcls\u0151 fenyeget\u00e9sre van sz\u00fcks\u00e9g, amelyre hivatkozni lehet&#8221; &#8211; mondta Hague a vas\u00e1rnapi BBC-m\u0171sorban.<br \/>\nA miniszter szerint &#8222;\u00f3ri\u00e1si szakad\u00e9k t\u00e1tong&#8221; \u00c9szak-Korea katonai amb\u00edci\u00f3i \u00e9s gazdas\u00e1gi realit\u00e1sai k\u00f6z\u00f6tt.<br \/>\n&#8222;Az emberek k\u00e9t kez\u00fckkel m\u0171velik a f\u00f6ldet, m\u00e9g egy traktorjuk sincs, vannak viszont k\u00f6zepes \u00e9s nagy hat\u00f3t\u00e1vols\u00e1g\u00fa rak\u00e9t\u00e1k mozgat\u00e1s\u00e1ra alkalmas g\u00e9pezetek (&#8230;) Ezen az \u00faton haladva \u00c9szak-Korea v\u00e9g\u00fcl egy bar\u00e1tok n\u00e9lk\u00fcli, nemzetk\u00f6zileg &#8211; m\u00e9g K\u00edn\u00e1t\u00f3l is &#8211; elszigetelt, cs\u0151dben l\u00e9v\u0151 orsz\u00e1gg\u00e1 v\u00e1lik&#8221; &#8211; fogalmazott a brit k\u00fcl\u00fcgyminiszter.<br \/>\nHague szerint ugyanakkor megvan a vesz\u00e9lye annak, hogy a jelenlegi ki\u00e9lezett helyzetben az \u00e9szak-koreai rezsim &#8222;esetleg elsz\u00e1m\u00edtja mag\u00e1t&#8221;.<br \/>\nEnnek kock\u00e1zataira a vas\u00e1rnapi brit lapok is felh\u00edvj\u00e1k a figyelmet. A konzervat\u00edv The Sunday Times elemz\u00e9se szerint el\u0151fordulhat p\u00e9ld\u00e1ul, hogy Phenjan korl\u00e1tozottnak sz\u00e1nt sz\u00e1razf\u00f6ldi vagy haditenger\u00e9szeti m\u0171veletbe kezd, amely azonban &#8222;durva ellencsap\u00e1shoz&#8221; vezet az Egyes\u00fclt \u00c1llamok \u00e9s D\u00e9l-Korea r\u00e9sz\u00e9r\u0151l.<br \/>\nA BBC m\u0171sorvezet\u0151j\u00e9nek k\u00e9rd\u00e9s\u00e9re, miszerint lehets\u00e9ges-e, hogy Kim Dzsong Un \u00e9szak-koreai vezet\u0151 &#8222;nem komplett&#8221;, William Hague kit\u00e9r\u0151en csak annyit mondott: nem ismeri szem\u00e9lyesen Kimet, \u00e9s nem k\u00edv\u00e1n tal\u00e1lgat\u00e1sokba bocs\u00e1tkozni Kim Dzsong Un viselked\u00e9s\u00e9nek &#8222;pszichol\u00f3giai&#8221; ind\u00edt\u00e9kair\u00f3l. Megism\u00e9telte ugyanakkor, hogy az \u00f6nk\u00e9nyuralmi rezsimek &#8211; saj\u00e1t r\u00f6vid t\u00e1v\u00fa t\u00fal\u00e9l\u00e9s\u00fck szempontj\u00e1b\u00f3l &#8222;teljesen racion\u00e1lisan&#8221; &#8211; gyakorta kre\u00e1lnak a jelenlegi phenjani retorik\u00e1hoz hasonl\u00f3 m\u00f3don k\u00fcls\u0151 ellens\u00e9geket. (MTI)<\/p>\n","protected":false},"excerpt":{"rendered":"<p>Nincsenek arra utal\u00f3 jelek, hogy \u00c9szak-Korea nagyszab\u00e1s\u00fa hadm\u0171veletre k\u00e9sz\u00fclne &#8211; mondta vas\u00e1rnap a brit k\u00fcl\u00fcgyminiszter.<\/p>\n","protected":false},"author":1,"featured_media":0,"comment_status":"open","ping_status":"closed","sticky":false,"template":"","format":"standard","meta":[],"categories":[14],"tags":[83],"_links":{"self":[{"href":"https:\/\/gazdasagportal.hu\/index.php\/wp-json\/wp\/v2\/posts\/6289"}],"collection":[{"href":"https:\/\/gazdasagportal.hu\/index.php\/wp-json\/wp\/v2\/posts"}],"about":[{"href":"https:\/\/gazdasagportal.hu\/index.php\/wp-json\/wp\/v2\/types\/post"}],"author":[{"embeddable":true,"href":"https:\/\/gazdasagportal.hu\/index.php\/wp-json\/wp\/v2\/users\/1"}],"replies":[{"embeddable":true,"href":"https:\/\/gazdasagportal.hu\/index.php\/wp-json\/wp\/v2\/comments?post=6289"}],"version-history":[{"count":4,"href":"https:\/\/gazdasagportal.hu\/index.php\/wp-json\/wp\/v2\/posts\/6289\/revisions"}],"predecessor-version":[{"id":6291,"href":"https:\/\/gazdasagportal.hu\/index.php\/wp-json\/wp\/v2\/posts\/6289\/revisions\/6291"}],"wp:attachment":[{"href":"https:\/\/gazdasagportal.hu\/index.php\/wp-json\/wp\/v2\/media?parent=6289"}],"wp:term":[{"taxonomy":"category","embeddable":true,"href":"https:\/\/gazdasagportal.hu\/index.php\/wp-json\/wp\/v2\/categories?post=6289"},{"taxonomy":"post_tag","embeddable":true,"href":"https:\/\/gazdasagportal.hu\/index.php\/wp-json\/wp\/v2\/tags?post=6289"}],"curies":[{"name":"wp","href":"https:\/\/api.w.org\/{rel}","templated":true}]}}