{"id":6281,"date":"2013-04-07T10:32:06","date_gmt":"2013-04-07T09:32:06","guid":{"rendered":"http:\/\/stockportal.hu\/?p=6281"},"modified":"2013-04-07T10:32:07","modified_gmt":"2013-04-07T09:32:07","slug":"nem-okozott-komoly-kart-az-izraeli-internethalozatban-a-meghirdetett-kiberhaboru","status":"publish","type":"post","link":"https:\/\/gazdasagportal.hu\/index.php\/nem-okozott-komoly-kart-az-izraeli-internethalozatban-a-meghirdetett-kiberhaboru\/","title":{"rendered":"Nem okozott komoly k\u00e1rt az izraeli interneth\u00e1l\u00f3zatban a meghirdetett kiberh\u00e1bor\u00fa"},"content":{"rendered":"<p><strong>Ellen\u00e1llnak az izraeli korm\u00e1nyzati honlapok a hackerek folyamatos t\u00e1mad\u00e1sainak az Anonymus csoport vas\u00e1rnapra meghirdetett kibercsat\u00e1j\u00e1ban &#8211; \u00edrta az izraeli m\u00e9dia.<!--more--><\/strong><\/p>\n<p>Az Operation Israel n\u00e9ven ind\u00edtott t\u00f6meges hackert\u00e1mad\u00e1s meghirdetett c\u00e9lja \u201eIzrael let\u00f6rl\u00e9se az internet t\u00e9rk\u00e9p\u00e9r\u0151l\u201d. Vas\u00e1rnap reggel a nemzetk\u00f6zi &#8222;kiberharcosok&#8221; sikeresen le\u00e1ll\u00edtott\u00e1k az izraeli statisztikai hivatal, az oktat\u00e1si \u00e9s a v\u00e9delmi miniszt\u00e9rium, valamint t\u00f6bb bank honlapj\u00e1t, de azok m\u0171k\u00f6d\u00e9s\u00e9t gyorsan helyre\u00e1ll\u00edtott\u00e1k.<br \/>\nA kulcsfontoss\u00e1g\u00fa korm\u00e1nyzati honlapok m\u0171k\u00f6dnek, \u00e9s ahogy v\u00e1rhat\u00f3 volt, nincs t\u00e9nyleges k\u00e1r. Az Anonymus nem k\u00e9pes k\u00e1rt okozni az orsz\u00e1g l\u00e9tfontoss\u00e1g\u00fa infrastrukt\u00far\u00e1j\u00e1ban &#8211; k\u00f6z\u00f6lte Jich\u00e1k Ben Jiszr\u00e1el, a szakhat\u00f3s\u00e1g k\u00e9pvisel\u0151je.<br \/>\nM\u00e9dia\u00e9rtes\u00fcl\u00e9sek szerint \u00e9jjel megpr\u00f3b\u00e1lt\u00e1k felt\u00f6rni a t\u0151zsde \u00e9s a p\u00e9nz\u00fcgyminiszt\u00e9rium weboldal\u00e1t, de az int\u00e9zm\u00e9nyek tagadj\u00e1k a t\u00e1mad\u00e1st. Az Anonymus sikeresen t\u00e1madott tizenkilenezer izraeli Facebook-oldalt, nyilv\u00e1noss\u00e1gra hozott t\u00f6bb sz\u00e1z e-mail c\u00edmet a hozz\u00e1juk tartoz\u00f3 jelsz\u00f3val &#8211; \u00edrta a H\u00e1\u00e1rec c\u00edm\u0171 napilap vas\u00e1rnap.<br \/>\nIzrael nem el\u0151sz\u00f6r v\u00e1lt a hackerek c\u00e9lpontj\u00e1v\u00e1. Tavaly novemberben a G\u00e1zai \u00f6vezetb\u0151l ind\u00edtott rak\u00e9t\u00e1k elleni Felh\u0151oszlop hadm\u0171velet idej\u00e9n mintegy h\u00e9tsz\u00e1z izraeli honlapot pr\u00f3b\u00e1ltak megb\u00e9n\u00edtani, k\u00f6zt\u00fck a k\u00fcl\u00fcgyminiszt\u00e9rium \u00e9s az \u00e1llameln\u00f6ki hivatal internetes oldal\u00e1t. A t\u00f6bb mint hatvanmilli\u00f3 k\u00eds\u00e9rlet ellen\u00e9re az Anonymus nem tudott s\u00falyos k\u00e1rokat okozni az izraeli internetrendszerben. (MTI)<\/p>\n","protected":false},"excerpt":{"rendered":"<p>Ellen\u00e1llnak az izraeli korm\u00e1nyzati honlapok a hackerek folyamatos t\u00e1mad\u00e1sainak az Anonymus csoport vas\u00e1rnapra meghirdetett kibercsat\u00e1j\u00e1ban &#8211; \u00edrta az izraeli m\u00e9dia.<\/p>\n","protected":false},"author":1,"featured_media":0,"comment_status":"open","ping_status":"closed","sticky":false,"template":"","format":"standard","meta":[],"categories":[16],"tags":[],"_links":{"self":[{"href":"https:\/\/gazdasagportal.hu\/index.php\/wp-json\/wp\/v2\/posts\/6281"}],"collection":[{"href":"https:\/\/gazdasagportal.hu\/index.php\/wp-json\/wp\/v2\/posts"}],"about":[{"href":"https:\/\/gazdasagportal.hu\/index.php\/wp-json\/wp\/v2\/types\/post"}],"author":[{"embeddable":true,"href":"https:\/\/gazdasagportal.hu\/index.php\/wp-json\/wp\/v2\/users\/1"}],"replies":[{"embeddable":true,"href":"https:\/\/gazdasagportal.hu\/index.php\/wp-json\/wp\/v2\/comments?post=6281"}],"version-history":[{"count":3,"href":"https:\/\/gazdasagportal.hu\/index.php\/wp-json\/wp\/v2\/posts\/6281\/revisions"}],"predecessor-version":[{"id":6283,"href":"https:\/\/gazdasagportal.hu\/index.php\/wp-json\/wp\/v2\/posts\/6281\/revisions\/6283"}],"wp:attachment":[{"href":"https:\/\/gazdasagportal.hu\/index.php\/wp-json\/wp\/v2\/media?parent=6281"}],"wp:term":[{"taxonomy":"category","embeddable":true,"href":"https:\/\/gazdasagportal.hu\/index.php\/wp-json\/wp\/v2\/categories?post=6281"},{"taxonomy":"post_tag","embeddable":true,"href":"https:\/\/gazdasagportal.hu\/index.php\/wp-json\/wp\/v2\/tags?post=6281"}],"curies":[{"name":"wp","href":"https:\/\/api.w.org\/{rel}","templated":true}]}}