{"id":62663,"date":"2015-06-02T12:39:44","date_gmt":"2015-06-02T10:39:44","guid":{"rendered":"http:\/\/stockportal.hu\/?p=62663"},"modified":"2015-06-02T11:35:01","modified_gmt":"2015-06-02T09:35:01","slug":"iszlam-allam-egyre-tobb-kulfoldi-harcol-a-dzsihadistak-soraiban-irakban","status":"publish","type":"post","link":"https:\/\/gazdasagportal.hu\/index.php\/iszlam-allam-egyre-tobb-kulfoldi-harcol-a-dzsihadistak-soraiban-irakban\/","title":{"rendered":"Iszl\u00e1m \u00c1llam &#8211; Egyre t\u00f6bb k\u00fclf\u00f6ldi harcol a dzsih\u00e1dist\u00e1k soraiban Irakban"},"content":{"rendered":"<p><strong>Egyre t\u00f6bb k\u00fclf\u00f6ldi \u00e1llampolg\u00e1r harcol az Iszl\u00e1m \u00c1llam nev\u0171 dzsihadista szervezet soraiban &#8211; mondta kedden Haider al-Ab\u00e1di iraki minisztereln\u00f6k P\u00e1rizsban, a dzsih\u00e1dist\u00e1k feltart\u00f3ztat\u00e1s\u00e1ra az Egyes\u00fclt \u00c1llamok vezet\u00e9s\u00e9vel l\u00e9trej\u00f6tt koal\u00edci\u00f3 miniszteri szint\u0171 nemzetk\u00f6zi tan\u00e1cskoz\u00e1sa el\u0151tt.<br \/>\n<\/strong><!--more--><\/p>\n<div class=\"ads-in-post1\"><div id=\"gazdasagportal.hu_fullbanner_wideboard\"><\/div>\r\n<\/div>\n    &#8222;Azt l\u00e1tom, hogy Irakban a k\u00fclf\u00f6ldi harcosok sz\u00e1ma jelent\u0151sebb, mint kor\u00e1bban. R\u00e9gebben 58 sz\u00e1zal\u00e9kra becs\u00fclt\u00fck az iraki harcosokat \u00e9s 42 sz\u00e1zal\u00e9kra a k\u00fclf\u00f6ldieket. M\u00e1ra az ar\u00e1ny megfordult, a k\u00fclf\u00f6ldi harcosok ar\u00e1nya 60 sz\u00e1zal\u00e9k, az irakiak\u00e9 40 sz\u00e1zal\u00e9k&#8221; &#8211; hangs\u00falyozta az iraki korm\u00e1nyf\u0151. &#8222;Az Iszl\u00e1m \u00c1llam elk\u00f6telezett \u00e9s k\u00e9pzett harcosok \u00faj gener\u00e1ci\u00f3j\u00e1t hozza l\u00e9tre, akik k\u00e9szek a hal\u00e1lra, de nem \u00f6ngyilkosok&#8221; &#8211; tette hozz\u00e1.<br \/>\n    &#8222;Nemzetk\u00f6zi probl\u00e9m\u00e1r\u00f3l van sz\u00f3, amelyet meg kell oldani. Meg kell magyar\u00e1zni, hogy mi\u00e9rt j\u00f6n annyi terrorista Sza\u00fad-Ar\u00e1bi\u00e1b\u00f3l, az \u00d6b\u00f6l menti orsz\u00e1gokb\u00f3l, Egyiptomb\u00f3l, Sz\u00edri\u00e1b\u00f3l, T\u00f6r\u00f6korsz\u00e1gb\u00f3l \u00e9s az eur\u00f3pai orsz\u00e1gokb\u00f3l&#8221; &#8211; hangoztatta.<br \/>\n    Az iraki minisztereln\u00f6k szerint az Iszl\u00e1m \u00c1llam elleni harc kudarc\u00e1nak oka, hogy Irak nem kap el\u00e9g t\u00e1mogat\u00e1st a dzsihadist\u00e1k ellen.<br \/>\n    &#8222;\u00dagy v\u00e9lem, hogy ez a nemzetk\u00f6zi k\u00f6z\u00f6ss\u00e9g kudarca. Irak t\u00e1mogat\u00e1s\u00e1t illet\u0151en sok a besz\u00e9d, de kev\u00e9s a tett&#8221; &#8211; fogalmazott Haider al-Ab\u00e1di, kevesellve az orsz\u00e1gnak ny\u00fajtott fegyveres t\u00e1mogat\u00e1st. &#8222;Nem sokat kaptunk, szinte semmit. Csak magunkra sz\u00e1m\u00edthatunk&#8221; &#8211; mondta, s kit\u00e9rt arra is, hogy neh\u00e9zs\u00e9gekbe \u00fctk\u00f6zik, ha \u00fajabb fegyverv\u00e1s\u00e1rl\u00e1si szerz\u0151d\u00e9seket akarnak k\u00f6tni.<br \/>\n    &#8222;A szerz\u0151d\u00e9sek nagy r\u00e9sz\u00e9t az el\u0151z\u0151 korm\u00e1ny k\u00f6t\u00f6tte meg az oroszokkal. Az oroszok ellen amerikai szankci\u00f3k vannak \u00e9rv\u00e9nyben \u00e9s nagyon neh\u00e9z kifizetni ezeket a fegyvereket. A p\u00e9nz ott van a bankban, de nem tudunk hozz\u00e1f\u00e9rni&#8221; &#8211; mondta az iraki minisztereln\u00f6k. Hozz\u00e1tette: &#8222;Nem fegyvereket k\u00e9r\u00fcnk, hanem azt, hogy k\u00f6nnyebben v\u00e1s\u00e1rolhassunk fegyvereket&#8221;.<br \/>\n    Az Egyes\u00fclt \u00c1llamok vezet\u00e9s\u00e9vel az Iszl\u00e1m \u00c1llam ellen l\u00e9trehozott, hatvan orsz\u00e1gb\u00f3l \u00e1ll\u00f3 nemzetk\u00f6zi sz\u00f6vets\u00e9g 24 tagja \u00fcl \u00f6ssze P\u00e1rizsban, hogy fel\u00fclvizsg\u00e1lj\u00e1k az \u00e1ltaluk k\u00f6vetett strat\u00e9gi\u00e1t, mivel az ut\u00f3bbi t\u00edz h\u00f3napban v\u00e9grehajtott mintegy 4 ezer l\u00e9gicsap\u00e1s ellen\u00e9re az dzsihadista szervezet egyre t\u00f6bb katonai sikert \u00e9r el.<br \/>\n    Az Iszl\u00e1m \u00c1llam terrorszervezet n\u00e9h\u00e1ny h\u00f3nap alatt Irak ter\u00fclet\u00e9nek egyharmad\u00e1t \u00e9s Sz\u00edria ter\u00fclet\u00e9nek fel\u00e9t vonta ellen\u0151rz\u00e9se al\u00e1 mintegy 300 ezer n\u00e9gyzetkilom\u00e9ternyi \u00f6sszef\u00fcgg\u0151 ter\u00fcleten, ahonnan a dzsihadist\u00e1k sikeresen kiszor\u00edtott\u00e1k az iraki \u00e9s sz\u00edriai korm\u00e1nyer\u0151ket, \u00e9s kiki\u00e1ltott\u00e1k az \u00fagynevezett kalif\u00e1tust.(MTI)<\/p>\n","protected":false},"excerpt":{"rendered":"<p>Egyre t\u00f6bb k\u00fclf\u00f6ldi \u00e1llampolg\u00e1r harcol az Iszl\u00e1m \u00c1llam nev\u0171 dzsihadista szervezet soraiban &#8211; mondta kedden Haider al-Ab\u00e1di iraki minisztereln\u00f6k P\u00e1rizsban, a dzsih\u00e1dist\u00e1k feltart\u00f3ztat\u00e1s\u00e1ra az Egyes\u00fclt \u00c1llamok vezet\u00e9s\u00e9vel l\u00e9trej\u00f6tt koal\u00edci\u00f3 miniszteri szint\u0171 nemzetk\u00f6zi tan\u00e1cskoz\u00e1sa el\u0151tt.<\/p>\n","protected":false},"author":1,"featured_media":0,"comment_status":"open","ping_status":"closed","sticky":false,"template":"","format":"standard","meta":[],"categories":[16],"tags":[],"_links":{"self":[{"href":"https:\/\/gazdasagportal.hu\/index.php\/wp-json\/wp\/v2\/posts\/62663"}],"collection":[{"href":"https:\/\/gazdasagportal.hu\/index.php\/wp-json\/wp\/v2\/posts"}],"about":[{"href":"https:\/\/gazdasagportal.hu\/index.php\/wp-json\/wp\/v2\/types\/post"}],"author":[{"embeddable":true,"href":"https:\/\/gazdasagportal.hu\/index.php\/wp-json\/wp\/v2\/users\/1"}],"replies":[{"embeddable":true,"href":"https:\/\/gazdasagportal.hu\/index.php\/wp-json\/wp\/v2\/comments?post=62663"}],"version-history":[{"count":1,"href":"https:\/\/gazdasagportal.hu\/index.php\/wp-json\/wp\/v2\/posts\/62663\/revisions"}],"predecessor-version":[{"id":62664,"href":"https:\/\/gazdasagportal.hu\/index.php\/wp-json\/wp\/v2\/posts\/62663\/revisions\/62664"}],"wp:attachment":[{"href":"https:\/\/gazdasagportal.hu\/index.php\/wp-json\/wp\/v2\/media?parent=62663"}],"wp:term":[{"taxonomy":"category","embeddable":true,"href":"https:\/\/gazdasagportal.hu\/index.php\/wp-json\/wp\/v2\/categories?post=62663"},{"taxonomy":"post_tag","embeddable":true,"href":"https:\/\/gazdasagportal.hu\/index.php\/wp-json\/wp\/v2\/tags?post=62663"}],"curies":[{"name":"wp","href":"https:\/\/api.w.org\/{rel}","templated":true}]}}