{"id":62661,"date":"2015-06-02T12:12:58","date_gmt":"2015-06-02T10:12:58","guid":{"rendered":"http:\/\/stockportal.hu\/?p=62661"},"modified":"2015-06-02T11:28:48","modified_gmt":"2015-06-02T09:28:48","slug":"uj-vezerigazgato-a-mediaworks-elen","status":"publish","type":"post","link":"https:\/\/gazdasagportal.hu\/index.php\/uj-vezerigazgato-a-mediaworks-elen\/","title":{"rendered":"\u00daj vez\u00e9rigazgat\u00f3 a Mediaworks \u00e9l\u00e9n"},"content":{"rendered":"<p><strong>R\u00f3nai Bal\u00e1zs a Mediaworks Hungary Zrt. \u00faj vez\u00e9rigazgat\u00f3ja &#8211; t\u00e1j\u00e9koztatta a c\u00e9g kedden az MTI-t.<\/strong><!--more--><\/p>\n<div class=\"ads-in-post1\"><div id=\"gazdasagportal.hu_fullbanner_wideboard\"><\/div>\r\n<\/div>\n<p>    Az \u00faj vezet\u0151 a c\u00e9g tulajdonosa, a Vienna Capital Partners felk\u00e9r\u00e9s\u00e9re, j\u00fanius 1-j\u00e9t\u0151l t\u00f6lti be a vez\u00e9rigazgat\u00f3i tiszts\u00e9get &#8211; \u00edrt\u00e1k k\u00f6zlem\u00e9ny\u00fckben.<br \/>\n    A t\u00e1j\u00e9koztat\u00e1s szerint a k\u00f6zgazd\u00e1sz-m\u00e9rn\u00f6k v\u00e9gzetts\u00e9g\u0171 R\u00f3nai Bal\u00e1zsnak csaknem 25 \u00e9ves m\u00e9diapiaci tapasztalata van. A szakember 2013-ig, hat \u00e9ven kereszt\u00fcl volt a Napi Gazdas\u00e1g Kiad\u00f3 vezet\u0151je, 15 \u00e9vig a www.Napi.hu Online Kft. \u00fcgyvezet\u0151 igazgat\u00f3ja \u00e9s a Napi.hu f\u0151szerkeszt\u0151je. R\u00f3nai Bal\u00e1zs a kiad\u00f3v\u00e1llalat vez\u00e9rigazgat\u00f3i posztj\u00e1n k\u00edv\u00fcl a Mediaworks le\u00e1nyv\u00e1llalatainak vezet\u0151 tiszts\u00e9gvisel\u0151je is lesz.<br \/>\n    K\u00f6z\u00f6lt\u00e9k azt is, hogy Katona Viktor t\u00f6lti be tov\u00e1bbra is a Mediaworks p\u00e9nz\u00fcgyi igazgat\u00f3i posztj\u00e1t, valamint K\u00e1lm\u00e1n Erika az igazgat\u00f3s\u00e1g tagjak\u00e9nt dolgozik a t\u00e1rsas\u00e1gn\u00e1l.<br \/>\n    A Mediaworks kor\u00e1bbi vez\u00e9rigazgat\u00f3ja, Mih\u00f3k Attila a saj\u00e1t k\u00e9r\u00e9s\u00e9re t\u00e1vozott posztj\u00e1r\u00f3l &#8211; k\u00f6z\u00f6lte a c\u00e9g m\u00falt kedden az MTI-vel.<br \/>\n    A lapkiad\u00f3 csoporthoz tartozik a t\u00f6bbi k\u00f6z\u00f6tt a N\u00e9pszabads\u00e1g, a Nemzeti Sport, a Vil\u00e1ggazdas\u00e1g, nyolc region\u00e1lis napilap, t\u00f6bb n\u0151i \u00e9s gasztromagazin, valamint sz\u00e1mos digit\u00e1lis m\u00e9diaterm\u00e9k.(MTI)<\/p>\n","protected":false},"excerpt":{"rendered":"<p>R\u00f3nai Bal\u00e1zs a Mediaworks Hungary Zrt. \u00faj vez\u00e9rigazgat\u00f3ja &#8211; t\u00e1j\u00e9koztatta a c\u00e9g kedden az MTI-t.<\/p>\n","protected":false},"author":1,"featured_media":0,"comment_status":"open","ping_status":"closed","sticky":false,"template":"","format":"standard","meta":[],"categories":[19],"tags":[],"_links":{"self":[{"href":"https:\/\/gazdasagportal.hu\/index.php\/wp-json\/wp\/v2\/posts\/62661"}],"collection":[{"href":"https:\/\/gazdasagportal.hu\/index.php\/wp-json\/wp\/v2\/posts"}],"about":[{"href":"https:\/\/gazdasagportal.hu\/index.php\/wp-json\/wp\/v2\/types\/post"}],"author":[{"embeddable":true,"href":"https:\/\/gazdasagportal.hu\/index.php\/wp-json\/wp\/v2\/users\/1"}],"replies":[{"embeddable":true,"href":"https:\/\/gazdasagportal.hu\/index.php\/wp-json\/wp\/v2\/comments?post=62661"}],"version-history":[{"count":1,"href":"https:\/\/gazdasagportal.hu\/index.php\/wp-json\/wp\/v2\/posts\/62661\/revisions"}],"predecessor-version":[{"id":62662,"href":"https:\/\/gazdasagportal.hu\/index.php\/wp-json\/wp\/v2\/posts\/62661\/revisions\/62662"}],"wp:attachment":[{"href":"https:\/\/gazdasagportal.hu\/index.php\/wp-json\/wp\/v2\/media?parent=62661"}],"wp:term":[{"taxonomy":"category","embeddable":true,"href":"https:\/\/gazdasagportal.hu\/index.php\/wp-json\/wp\/v2\/categories?post=62661"},{"taxonomy":"post_tag","embeddable":true,"href":"https:\/\/gazdasagportal.hu\/index.php\/wp-json\/wp\/v2\/tags?post=62661"}],"curies":[{"name":"wp","href":"https:\/\/api.w.org\/{rel}","templated":true}]}}