{"id":62602,"date":"2015-06-01T10:18:43","date_gmt":"2015-06-01T08:18:43","guid":{"rendered":"http:\/\/stockportal.hu\/?p=62602"},"modified":"2015-06-01T08:24:22","modified_gmt":"2015-06-01T06:24:22","slug":"ma-hirdeti-ki-az-ab-az-allami-foldvagyonnal-es-a-foldtorvennyel-kapcsolatos-donteset","status":"publish","type":"post","link":"https:\/\/gazdasagportal.hu\/index.php\/ma-hirdeti-ki-az-ab-az-allami-foldvagyonnal-es-a-foldtorvennyel-kapcsolatos-donteset\/","title":{"rendered":"Ma hirdeti ki az Ab az \u00e1llami f\u00f6ldvagyonnal \u00e9s a f\u00f6ldt\u00f6rv\u00e9nnyel kapcsolatos d\u00f6nt\u00e9s\u00e9t"},"content":{"rendered":"<p><strong>Ma d\u00e9lel\u0151tt nyilv\u00e1nos, teljes \u00fcl\u00e9s\u00e9n hirdeti ki az Alkotm\u00e1nyb\u00edr\u00f3s\u00e1g (Ab) az \u00e1llami f\u00f6ldvagyon kezel\u00e9s\u00e9r\u0151l sz\u00f3l\u00f3 t\u00f6rv\u00e9nym\u00f3dos\u00edt\u00e1ssal \u00e9s a 2013-as f\u00f6ldt\u00f6rv\u00e9nnyel kapcsolatos hat\u00e1rozatait.<\/strong><!--more--><\/p>\n<div class=\"ads-in-post1\"><div id=\"gazdasagportal.hu_fullbanner_wideboard\"><\/div>\r\n<\/div>\n<p>    Az Orsz\u00e1ggy\u0171l\u00e9s \u00e1prilis 28-\u00e1n fogadta el az \u00e1llami f\u00f6ldvagyon kezel\u00e9s\u00e9r\u0151l sz\u00f3l\u00f3 t\u00f6rv\u00e9ny m\u00f3dos\u00edt\u00e1s\u00e1t, amelynek alapt\u00f6rv\u00e9ny-elleness\u00e9g\u00e9vel kapcsolatban \u00c1der J\u00e1nos k\u00f6zt\u00e1rsas\u00e1gi eln\u00f6k k\u00e9rt el\u0151zetes normakontrollt a test\u00fclett\u0151l.<br \/>\n    Az ellenz\u00e9k \u00e9s szakmai szervezetek f\u0151k\u00e9nt az\u00e9rt b\u00edr\u00e1lt\u00e1k a m\u00f3dos\u00edt\u00e1st, mert v\u00e9dett term\u00e9szeti ter\u00fcleteket is a Nemzeti F\u00f6ldalapkezel\u0151 Szervezethez utal a nemzeti parki igazgat\u00f3s\u00e1gokt\u00f3l.<br \/>\n    B\u00edr\u00f3i kezdem\u00e9nyez\u00e9sre vizsg\u00e1lta az Ab a mez\u0151gazdas\u00e1gi \u00e9s erd\u0151gazdas\u00e1gi f\u00f6ldek forgalm\u00e1r\u00f3l sz\u00f3l\u00f3, 2013-ban elfogadott t\u00f6rv\u00e9ny egyes rendelkez\u00e9seinek, tov\u00e1bb\u00e1 a t\u00f6rv\u00e9nnyel \u00f6sszef\u00fcgg\u0151 egyes rendelkez\u00e9sekr\u0151l \u00e9s \u00e1tmeneti szab\u00e1lyokr\u00f3l sz\u00f3l\u00f3 t\u00f6rv\u00e9ny egy r\u00e9sz\u00e9nek alapt\u00f6rv\u00e9ny-elleness\u00e9g\u00e9t. A kezdem\u00e9nyez\u0151 az alapt\u00f6rv\u00e9ny-elleness\u00e9g meg\u00e1llap\u00edt\u00e1s\u00e1t \u00e9s a rendelkez\u00e9sek megsemmis\u00edt\u00e9s\u00e9t k\u00e9rte.<br \/>\n    A 2013 j\u00fanius\u00e1ban elfogadott f\u00f6ldt\u00f6rv\u00e9nnyel \u00fajraszab\u00e1lyozt\u00e1k egyebek mellett a f\u00f6ldtulajdonjog \u00e9s a haszon\u00e9lvezeti jog megszerz\u00e9s\u00e9t, valamint a k\u00e9nyszerhasznos\u00edt\u00e1st. A l\u00e9nyeges v\u00e1ltoztat\u00e1sok egyike, hogy az \u00e1llattart\u00f3telepek \u00fczemeltet\u0151i \u00e9s a vet\u0151mag-el\u0151\u00e1ll\u00edt\u00f3k a kor\u00e1bban tervezett 1200 helyett 1800 hekt\u00e1r f\u00f6ldet birtokolhatnak. A t\u00f6rv\u00e9ny d\u00f6nt\u00f6tt a gazd\u00e1kb\u00f3l \u00e1ll\u00f3 f\u00f6ldbizotts\u00e1gok fel\u00e1ll\u00edt\u00e1s\u00e1r\u00f3l, ezek j\u00f3v\u00e1hagy\u00e1sa n\u00e9lk\u00fcl nem lehet f\u00f6ldet v\u00e1s\u00e1rolni.(MTI)<\/p>\n","protected":false},"excerpt":{"rendered":"<p>Ma d\u00e9lel\u0151tt nyilv\u00e1nos, teljes \u00fcl\u00e9s\u00e9n hirdeti ki az Alkotm\u00e1nyb\u00edr\u00f3s\u00e1g (Ab) az \u00e1llami f\u00f6ldvagyon kezel\u00e9s\u00e9r\u0151l sz\u00f3l\u00f3 t\u00f6rv\u00e9nym\u00f3dos\u00edt\u00e1ssal \u00e9s a 2013-as f\u00f6ldt\u00f6rv\u00e9nnyel kapcsolatos hat\u00e1rozatait.<\/p>\n","protected":false},"author":1,"featured_media":0,"comment_status":"open","ping_status":"closed","sticky":false,"template":"","format":"standard","meta":[],"categories":[19],"tags":[],"_links":{"self":[{"href":"https:\/\/gazdasagportal.hu\/index.php\/wp-json\/wp\/v2\/posts\/62602"}],"collection":[{"href":"https:\/\/gazdasagportal.hu\/index.php\/wp-json\/wp\/v2\/posts"}],"about":[{"href":"https:\/\/gazdasagportal.hu\/index.php\/wp-json\/wp\/v2\/types\/post"}],"author":[{"embeddable":true,"href":"https:\/\/gazdasagportal.hu\/index.php\/wp-json\/wp\/v2\/users\/1"}],"replies":[{"embeddable":true,"href":"https:\/\/gazdasagportal.hu\/index.php\/wp-json\/wp\/v2\/comments?post=62602"}],"version-history":[{"count":1,"href":"https:\/\/gazdasagportal.hu\/index.php\/wp-json\/wp\/v2\/posts\/62602\/revisions"}],"predecessor-version":[{"id":62603,"href":"https:\/\/gazdasagportal.hu\/index.php\/wp-json\/wp\/v2\/posts\/62602\/revisions\/62603"}],"wp:attachment":[{"href":"https:\/\/gazdasagportal.hu\/index.php\/wp-json\/wp\/v2\/media?parent=62602"}],"wp:term":[{"taxonomy":"category","embeddable":true,"href":"https:\/\/gazdasagportal.hu\/index.php\/wp-json\/wp\/v2\/categories?post=62602"},{"taxonomy":"post_tag","embeddable":true,"href":"https:\/\/gazdasagportal.hu\/index.php\/wp-json\/wp\/v2\/tags?post=62602"}],"curies":[{"name":"wp","href":"https:\/\/api.w.org\/{rel}","templated":true}]}}