{"id":62583,"date":"2015-05-31T13:48:24","date_gmt":"2015-05-31T11:48:24","guid":{"rendered":"http:\/\/stockportal.hu\/?p=62583"},"modified":"2015-05-30T22:29:33","modified_gmt":"2015-05-30T20:29:33","slug":"magyarorszag-is-csatlakozott-az-europai-fenntarthatosagi-hethez","status":"publish","type":"post","link":"https:\/\/gazdasagportal.hu\/index.php\/magyarorszag-is-csatlakozott-az-europai-fenntarthatosagi-hethez\/","title":{"rendered":"Magyarorsz\u00e1g is csatlakozott az Eur\u00f3pai Fenntarthat\u00f3s\u00e1gi H\u00e9thez"},"content":{"rendered":"<p><strong>Magyarorsz\u00e1g el\u0151sz\u00f6r csatlakozott az Eur\u00f3pai Fenntarthat\u00f3s\u00e1gi H\u00e9thez, a m\u00e1jus 30. \u00e9s j\u00fanius 5. megrendezend\u0151 esem\u00e9nyt a Nemzeti Fenntarthat\u00f3 Fejl\u0151d\u00e9si Tan\u00e1cs (NFFT) koordin\u00e1lja &#8211; k\u00f6z\u00f6lte az NFFT szombaton az MTI-vel.<\/strong><!--more--><\/p>\n<div class=\"ads-in-post1\"><div id=\"gazdasagportal.hu_fullbanner_wideboard\"><\/div>\r\n<\/div>\n<p>    Az Eur\u00f3pai Fenntarthat\u00f3s\u00e1gi H\u00e9t, egy eg\u00e9sz Eur\u00f3p\u00e1ra kiterjed\u0151 kezdem\u00e9nyez\u00e9s, amelyhez 27 orsz\u00e1g t\u00f6bb mint 3500 programmal csatlakozott.<br \/>\n    A k\u00f6zlem\u00e9ny id\u00e9zi Bartus G\u00e1bort, az NFFT titk\u00e1r\u00e1t, aki szerint &#8222;a fenntarthat\u00f3s\u00e1gi h\u00e9t c\u00e9lja, hogy bemutassa: a fenntarthat\u00f3s\u00e1gr\u00f3l val\u00f3 gondolkod\u00e1s seg\u00edti aktu\u00e1lis t\u00e1rsadalmi, demogr\u00e1fiai, szoci\u00e1lis, gazdas\u00e1gi \u00e9s k\u00f6rnyezeti probl\u00e9m\u00e1ink megold\u00e1s\u00e1t, hogy Magyarorsz\u00e1got hossz\u00fa t\u00e1von sikeres nemzett\u00e9 tudjuk tenni&#8221;.<br \/>\n    Hozz\u00e1tette: Magyarorsz\u00e1g \u00faj alapt\u00f6rv\u00e9ny\u00e9nek r\u00e9sz\u00e9v\u00e9 v\u00e1lt a j\u00f6v\u0151 nemzed\u00e9kek v\u00e9delme \u00e9s a fenntarthat\u00f3 fejl\u0151d\u00e9s ide\u00e1ja. &#8222;Sajnos azonban azt is tapasztanunk kell, hogy a k\u00f6zv\u00e9lem\u00e9ny nem t\u00e1j\u00e9kozott, a fenntarthat\u00f3 fejl\u0151d\u00e9s t\u00e9nyleges tartalma sokszor \u00f6sszemos\u00f3dik a k\u00f6rnyezetv\u00e9delemmel az emberek pedig nem tudj\u00e1k, hogyan viszonyuljanak a fenntarthat\u00f3 fejl\u0151d\u00e9s fogalm\u00e1hoz&#8221; &#8211; jelentette ki Bartus G\u00e1bor.<br \/>\n    Frans Timmermans, az Eur\u00f3pai Bizotts\u00e1g els\u0151 aleln\u00f6ke a k\u00f6zlem\u00e9nyben kifejtette, hogy a gazdas\u00e1gi, szoci\u00e1lis \u00e9s k\u00f6rnyezetv\u00e9delmi feladatok megold\u00e1s\u00e1n\u00e1l is t\u00f6rekedni kell a fenntarthat\u00f3s\u00e1gi szempontoknak \u00e9rv\u00e9nyes\u00fcl\u00e9s\u00e9re.<br \/>\n    A Nemzeti Fenntarthat\u00f3 Fejl\u0151d\u00e9si Tan\u00e1cs, amely a magyarorsz\u00e1gi rendezv\u00e9nysorozat esem\u00e9nyeit koordin\u00e1lja, m\u00e9g 2007-ben j\u00f6tt l\u00e9tre, els\u0151dleges feladata az egyeztet\u00e9s, v\u00e9lem\u00e9nyez\u00e9s \u00e9s a javaslatt\u00e9tel a fenntarthat\u00f3 fejl\u0151d\u00e9s k\u00e9rd\u00e9sk\u00f6r\u00e9ben.(MTI)<\/p>\n","protected":false},"excerpt":{"rendered":"<p>Magyarorsz\u00e1g el\u0151sz\u00f6r csatlakozott az Eur\u00f3pai Fenntarthat\u00f3s\u00e1gi H\u00e9thez, a m\u00e1jus 30. \u00e9s j\u00fanius 5. megrendezend\u0151 esem\u00e9nyt a Nemzeti Fenntarthat\u00f3 Fejl\u0151d\u00e9si Tan\u00e1cs (NFFT) koordin\u00e1lja &#8211; k\u00f6z\u00f6lte az NFFT szombaton az MTI-vel.<\/p>\n","protected":false},"author":1,"featured_media":0,"comment_status":"open","ping_status":"closed","sticky":false,"template":"","format":"standard","meta":[],"categories":[19],"tags":[],"_links":{"self":[{"href":"https:\/\/gazdasagportal.hu\/index.php\/wp-json\/wp\/v2\/posts\/62583"}],"collection":[{"href":"https:\/\/gazdasagportal.hu\/index.php\/wp-json\/wp\/v2\/posts"}],"about":[{"href":"https:\/\/gazdasagportal.hu\/index.php\/wp-json\/wp\/v2\/types\/post"}],"author":[{"embeddable":true,"href":"https:\/\/gazdasagportal.hu\/index.php\/wp-json\/wp\/v2\/users\/1"}],"replies":[{"embeddable":true,"href":"https:\/\/gazdasagportal.hu\/index.php\/wp-json\/wp\/v2\/comments?post=62583"}],"version-history":[{"count":1,"href":"https:\/\/gazdasagportal.hu\/index.php\/wp-json\/wp\/v2\/posts\/62583\/revisions"}],"predecessor-version":[{"id":62584,"href":"https:\/\/gazdasagportal.hu\/index.php\/wp-json\/wp\/v2\/posts\/62583\/revisions\/62584"}],"wp:attachment":[{"href":"https:\/\/gazdasagportal.hu\/index.php\/wp-json\/wp\/v2\/media?parent=62583"}],"wp:term":[{"taxonomy":"category","embeddable":true,"href":"https:\/\/gazdasagportal.hu\/index.php\/wp-json\/wp\/v2\/categories?post=62583"},{"taxonomy":"post_tag","embeddable":true,"href":"https:\/\/gazdasagportal.hu\/index.php\/wp-json\/wp\/v2\/tags?post=62583"}],"curies":[{"name":"wp","href":"https:\/\/api.w.org\/{rel}","templated":true}]}}