{"id":62489,"date":"2015-05-28T14:02:35","date_gmt":"2015-05-28T12:02:35","guid":{"rendered":"http:\/\/stockportal.hu\/?p=62489"},"modified":"2015-05-28T14:02:35","modified_gmt":"2015-05-28T12:02:35","slug":"a-kisvallalkozasokhoz-jut-a-fejlesztesi-forrasok-tulnyomo-resze","status":"publish","type":"post","link":"https:\/\/gazdasagportal.hu\/index.php\/a-kisvallalkozasokhoz-jut-a-fejlesztesi-forrasok-tulnyomo-resze\/","title":{"rendered":"A kisv\u00e1llalkoz\u00e1sokhoz jut a fejleszt\u00e9si forr\u00e1sok t\u00falnyom\u00f3 r\u00e9sze"},"content":{"rendered":"<p><strong>A 2014-2020-as eur\u00f3pai uni\u00f3s fejleszt\u00e9si ciklusban a gazdas\u00e1gfejleszt\u00e9si forr\u00e1sok t\u00falnyom\u00f3 t\u00f6bbs\u00e9ge a mikro-, kis- \u00e9s k\u00f6zepes v\u00e1llalkoz\u00e1sok sz\u00e1m\u00e1ra lesz el\u00e9rhet\u0151, k\u00fcl\u00f6n\u00f6sen \u00edgy lesz ez a fejleszt\u00e9si, beruh\u00e1z\u00e1si forr\u00e1sok ter\u00fclet\u00e9n &#8211; jelentette ki Glattfelder B\u00e9la, a Nemzetgazdas\u00e1gi Miniszt\u00e9rium (NGM) gazdas\u00e1gszab\u00e1lyoz\u00e1s\u00e9rt felel\u0151s \u00e1llamtitk\u00e1ra az Ipartest\u00fcletek Orsz\u00e1gos Sz\u00f6vets\u00e9ge (IPOSZ) cs\u00fct\u00f6rt\u00f6k\u00f6n tartott k\u00f6zgy\u0171l\u00e9s\u00e9n.<\/strong><!--more--><\/p>\n<div class=\"ads-in-post1\"><div id=\"gazdasagportal.hu_fullbanner_wideboard\"><\/div>\r\n<\/div>\n<p>    Az \u00e1llamtitk\u00e1r hangs\u00falyozta, a p\u00e1ly\u00e1zati felt\u00e9teleket \u00fagy alak\u00edtj\u00e1k, hogy a kisebb \u00e9s h\u00e1tr\u00e1nyos helyzet\u0171 telep\u00fcl\u00e9seken m\u0171k\u00f6d\u0151 v\u00e1llalkoz\u00e1sok t\u00f6bbletpontot szerezzenek, ezzel nagyobb es\u00e9ly\u00fck ny\u00edlik a fejleszt\u00e9si forr\u00e1sok elnyer\u00e9s\u00e9hez.(MTI)<\/p>\n","protected":false},"excerpt":{"rendered":"<p>A 2014-2020-as eur\u00f3pai uni\u00f3s fejleszt\u00e9si ciklusban a gazdas\u00e1gfejleszt\u00e9si forr\u00e1sok t\u00falnyom\u00f3 t\u00f6bbs\u00e9ge a mikro-, kis- \u00e9s k\u00f6zepes v\u00e1llalkoz\u00e1sok sz\u00e1m\u00e1ra lesz el\u00e9rhet\u0151, k\u00fcl\u00f6n\u00f6sen \u00edgy lesz ez a fejleszt\u00e9si, beruh\u00e1z\u00e1si forr\u00e1sok ter\u00fclet\u00e9n &#8211; jelentette ki Glattfelder B\u00e9la, a Nemzetgazdas\u00e1gi Miniszt\u00e9rium (NGM) gazdas\u00e1gszab\u00e1lyoz\u00e1s\u00e9rt felel\u0151s \u00e1llamtitk\u00e1ra az Ipartest\u00fcletek Orsz\u00e1gos Sz\u00f6vets\u00e9ge (IPOSZ) cs\u00fct\u00f6rt\u00f6k\u00f6n tartott k\u00f6zgy\u0171l\u00e9s\u00e9n.<\/p>\n","protected":false},"author":1,"featured_media":0,"comment_status":"open","ping_status":"closed","sticky":false,"template":"","format":"standard","meta":[],"categories":[19],"tags":[],"_links":{"self":[{"href":"https:\/\/gazdasagportal.hu\/index.php\/wp-json\/wp\/v2\/posts\/62489"}],"collection":[{"href":"https:\/\/gazdasagportal.hu\/index.php\/wp-json\/wp\/v2\/posts"}],"about":[{"href":"https:\/\/gazdasagportal.hu\/index.php\/wp-json\/wp\/v2\/types\/post"}],"author":[{"embeddable":true,"href":"https:\/\/gazdasagportal.hu\/index.php\/wp-json\/wp\/v2\/users\/1"}],"replies":[{"embeddable":true,"href":"https:\/\/gazdasagportal.hu\/index.php\/wp-json\/wp\/v2\/comments?post=62489"}],"version-history":[{"count":1,"href":"https:\/\/gazdasagportal.hu\/index.php\/wp-json\/wp\/v2\/posts\/62489\/revisions"}],"predecessor-version":[{"id":62490,"href":"https:\/\/gazdasagportal.hu\/index.php\/wp-json\/wp\/v2\/posts\/62489\/revisions\/62490"}],"wp:attachment":[{"href":"https:\/\/gazdasagportal.hu\/index.php\/wp-json\/wp\/v2\/media?parent=62489"}],"wp:term":[{"taxonomy":"category","embeddable":true,"href":"https:\/\/gazdasagportal.hu\/index.php\/wp-json\/wp\/v2\/categories?post=62489"},{"taxonomy":"post_tag","embeddable":true,"href":"https:\/\/gazdasagportal.hu\/index.php\/wp-json\/wp\/v2\/tags?post=62489"}],"curies":[{"name":"wp","href":"https:\/\/api.w.org\/{rel}","templated":true}]}}