{"id":6244,"date":"2013-04-06T10:54:42","date_gmt":"2013-04-06T09:54:42","guid":{"rendered":"http:\/\/stockportal.hu\/?p=6244"},"modified":"2013-04-06T10:55:26","modified_gmt":"2013-04-06T09:55:26","slug":"vezeto-kutatointezetek-lassu-elenkulest-varnak-az-euroovezetben","status":"publish","type":"post","link":"https:\/\/gazdasagportal.hu\/index.php\/vezeto-kutatointezetek-lassu-elenkulest-varnak-az-euroovezetben\/","title":{"rendered":"Vezet\u0151 kutat\u00f3int\u00e9zetek lass\u00fa \u00e9l\u00e9nk\u00fcl\u00e9st v\u00e1rnak az eur\u00f3\u00f6vezetben"},"content":{"rendered":"<p>Az \u00e9v els\u0151 h\u00e1rom h\u00f3napj\u00e1ban m\u00e9g stagn\u00e1l, de a k\u00f6vetkez\u0151 k\u00e9t negyed\u00e9vben m\u00e1r szer\u00e9nyen n\u00f6vekszik az eur\u00f3z\u00f3na hazai \u00f6sszterm\u00e9ke, f\u0151k\u00e9nt az Egyes\u00fclt \u00c1llamok \u00e9s a felt\u00f6rekv\u0151 orsz\u00e1gok n\u00f6vekv\u0151 kereslete k\u00f6vetkezt\u00e9ben &#8211; \u00edrja a n\u00e9met Ifo gazdas\u00e1gkutat\u00f3 int\u00e9zet, a francia INSEE \u00e9s az olasz Istat p\u00e9nteken k\u00f6zreadott k\u00f6z\u00f6s progn\u00f3zisa.<!--more--><\/p>\n<p>A m\u00falt \u00e9v utols\u00f3 negyed\u00e9ben elszenvedett 0,6 sz\u00e1zal\u00e9kos visszaes\u00e9s ut\u00e1n az els\u0151 negyed\u00e9vben lassan stabiliz\u00e1l\u00f3dik a gazdas\u00e1g, de n\u00f6veked\u00e9s m\u00e9g nem lesz. A m\u00e1sodik negyed\u00e9vben viszont 0,1 sz\u00e1zal\u00e9kkal, a harmadikban pedig 0,2 sz\u00e1zal\u00e9kkal b\u0151v\u00fcl a GDP, f\u0151leg az exporttev\u00e9kenys\u00e9g \u00e9l\u00e9nk\u00fcl\u00e9s\u00e9nek k\u00f6vetkezt\u00e9ben, ami els\u0151sorban az expanz\u00edv monet\u00e1ris politika \u00e1ltal amerikai \u00e9s felt\u00f6rekv\u0151 piaci gazdas\u00e1gok n\u00f6vekv\u0151 kereslet\u00e9nek k\u00f6sz\u00f6nhet\u0151.<br \/>\nA h\u00e1ztart\u00e1sok fogyaszt\u00e1sa nem n\u0151, mert a roml\u00f3 munkaer\u0151-piaci helyzet \u00e9s a folytat\u00f3d\u00f3 k\u00f6lts\u00e9gvet\u00e9si megszor\u00edt\u00e1sok miatt m\u00e9rs\u00e9kl\u0151dik az elk\u00f6lthet\u0151 j\u00f6vedelem, de nem is cs\u00f6kken, mert ezt kiegyenl\u00edti az infl\u00e1ci\u00f3 cs\u00f6kken\u00e9se miatt keletkez\u0151 t\u00f6bblet v\u00e1s\u00e1rl\u00f3er\u0151.<br \/>\nAz ipari termel\u00e9s a tavalyi utols\u00f3 negyed\u00e9vi 2,1 sz\u00e1zal\u00e9kos visszaes\u00e9s ut\u00e1n az els\u0151 negyed\u00e9vben 0,5 sz\u00e1zal\u00e9kkal cs\u00f6kken, a k\u00f6vetkez\u0151 h\u00e1rom h\u00f3napban stagn\u00e1l, de a harmadik negyed\u00e9vben az export n\u00f6veked\u00e9se \u00e9s a bels\u0151 kereslet stabiliz\u00e1l\u00f3d\u00e1sa k\u00f6vetkezt\u00e9ben 0,3 sz\u00e1zal\u00e9kkal emelkedik.<br \/>\nA beruh\u00e1z\u00e1sok azonban a k\u00f6lts\u00e9gvet\u00e9si konszolid\u00e1ci\u00f3 miatt az els\u0151 f\u00e9l\u00e9vben tov\u00e1bb cs\u00f6kkennek, \u00e9s csak a harmadik negyed\u00e9vben lehet 0,3 sz\u00e1zal\u00e9kos n\u00f6veked\u00e9sre sz\u00e1m\u00edtani.<br \/>\nA jelent\u00e9s k\u00e9sz\u00edt\u00e9sekor azt vett\u00e9k alapul, hogy az infl\u00e1ci\u00f3 a m\u00e1rciusi 1,7 sz\u00e1zal\u00e9kr\u00f3l a harmadik negyed\u00e9vben 1,5 sz\u00e1zal\u00e9kra lassul, az eur\u00f3 jegyz\u00e9se 1,30 doll\u00e1r, az olaj \u00e1ra pedig 110 doll\u00e1r k\u00f6r\u00fcl alakul. A progn\u00f3zis nem veszi tekintetbe azt a lehet\u0151s\u00e9get sem, hogy ism\u00e9t s\u00falyos p\u00e9nzpiaci zavarok keletkeznek, noha politikai kock\u00e1zatok tov\u00e1bbra is fenn\u00e1llnak &#8211; \u00edrja a jelent\u00e9s. (MTI)<\/p>\n","protected":false},"excerpt":{"rendered":"<p>Az \u00e9v els\u0151 h\u00e1rom h\u00f3napj\u00e1ban m\u00e9g stagn\u00e1l, de a k\u00f6vetkez\u0151 k\u00e9t negyed\u00e9vben m\u00e1r szer\u00e9nyen n\u00f6vekszik az eur\u00f3z\u00f3na hazai \u00f6sszterm\u00e9ke, f\u0151k\u00e9nt az Egyes\u00fclt \u00c1llamok \u00e9s a felt\u00f6rekv\u0151 orsz\u00e1gok n\u00f6vekv\u0151 kereslete k\u00f6vetkezt\u00e9ben &#8211; \u00edrja a n\u00e9met Ifo gazdas\u00e1gkutat\u00f3 int\u00e9zet, a francia INSEE \u00e9s az olasz Istat p\u00e9nteken k\u00f6zreadott k\u00f6z\u00f6s progn\u00f3zisa.<\/p>\n","protected":false},"author":1,"featured_media":0,"comment_status":"open","ping_status":"closed","sticky":false,"template":"","format":"standard","meta":[],"categories":[13,14,12],"tags":[],"_links":{"self":[{"href":"https:\/\/gazdasagportal.hu\/index.php\/wp-json\/wp\/v2\/posts\/6244"}],"collection":[{"href":"https:\/\/gazdasagportal.hu\/index.php\/wp-json\/wp\/v2\/posts"}],"about":[{"href":"https:\/\/gazdasagportal.hu\/index.php\/wp-json\/wp\/v2\/types\/post"}],"author":[{"embeddable":true,"href":"https:\/\/gazdasagportal.hu\/index.php\/wp-json\/wp\/v2\/users\/1"}],"replies":[{"embeddable":true,"href":"https:\/\/gazdasagportal.hu\/index.php\/wp-json\/wp\/v2\/comments?post=6244"}],"version-history":[{"count":3,"href":"https:\/\/gazdasagportal.hu\/index.php\/wp-json\/wp\/v2\/posts\/6244\/revisions"}],"predecessor-version":[{"id":6262,"href":"https:\/\/gazdasagportal.hu\/index.php\/wp-json\/wp\/v2\/posts\/6244\/revisions\/6262"}],"wp:attachment":[{"href":"https:\/\/gazdasagportal.hu\/index.php\/wp-json\/wp\/v2\/media?parent=6244"}],"wp:term":[{"taxonomy":"category","embeddable":true,"href":"https:\/\/gazdasagportal.hu\/index.php\/wp-json\/wp\/v2\/categories?post=6244"},{"taxonomy":"post_tag","embeddable":true,"href":"https:\/\/gazdasagportal.hu\/index.php\/wp-json\/wp\/v2\/tags?post=6244"}],"curies":[{"name":"wp","href":"https:\/\/api.w.org\/{rel}","templated":true}]}}