{"id":62356,"date":"2015-05-26T14:14:10","date_gmt":"2015-05-26T12:14:10","guid":{"rendered":"http:\/\/stockportal.hu\/?p=62356"},"modified":"2015-05-26T14:14:10","modified_gmt":"2015-05-26T12:14:10","slug":"kisiklott-egy-tehervonat-szekelyfold-hataran-napokra-modosul-a-vonatok-menetrendje","status":"publish","type":"post","link":"https:\/\/gazdasagportal.hu\/index.php\/kisiklott-egy-tehervonat-szekelyfold-hataran-napokra-modosul-a-vonatok-menetrendje\/","title":{"rendered":"Kisiklott egy tehervonat Sz\u00e9kelyf\u00f6ld hat\u00e1r\u00e1n \u2013 napokra m\u00f3dosul a vonatok menetrendje"},"content":{"rendered":"<p><strong>Kisiklott kedden reggel egy tehervonat a Maros megyei H\u00e9jjasfalv\u00e1n, \u00e9s elz\u00e1rta a H\u00e9jjasfalv\u00e1t\u00f3l Sz\u00e9kelyudvarhelyre vezet\u0151 13C jelz\u00e9s\u0171 orsz\u00e1gutat, valamint a Brass\u00f3t Segesv\u00e1rral \u00f6sszek\u00f6t\u0151 300-as vas\u00fatvonalat.<\/strong><!--more--><\/p>\n<div class=\"ads-in-post1\"><div id=\"gazdasagportal.hu_fullbanner_wideboard\"><\/div>\r\n<\/div>\n<p>    H\u00e9jjasfalva polg\u00e1rmestere az Agerpres h\u00edr\u00fcgyn\u00f6ks\u00e9gnek elmondta, a k\u00f6zs\u00e9gh\u00e1za t\u00e9rfigyel\u0151 kamer\u00e1ja is r\u00f6gz\u00edtette, amint a 35 vagonos, szenet sz\u00e1ll\u00edt\u00f3 tehervonat utols\u00f3 vagonjait egy m\u00e1sik s\u00ednp\u00e1rra ir\u00e1ny\u00edtja a v\u00e1lt\u00f3, mint amelyiken a vonat els\u0151 fele haladt. A balesetben 11 vagon siklott ki, egyik\u00fck felborult. A kisiklott vagonok er\u0151sen megrong\u00e1lt\u00e1k a vas\u00fati p\u00e1ly\u00e1t, \u00e9s a magasfesz\u00fclts\u00e9g\u0171 villanyvezet\u00e9ket.<br \/>\n    A rom\u00e1n vas\u00fatt\u00e1rsas\u00e1g k\u00f6z\u00f6lte, hogy a k\u00f6vetkez\u0151 k\u00e9t napban ker\u00fcl\u0151 \u00faton k\u00f6zlekednek a vonatok Brass\u00f3 \u00e9s T\u00f6vis (Teius) k\u00f6z\u00f6tt. A rend\u0151rs\u00e9g alternat\u00edv \u00fatvonalakat javasol azoknak, akik g\u00e9pkocsival k\u00f6zlekednek H\u00e9jjasfalva \u00e9s Sz\u00e9kelykereszt\u00far k\u00f6z\u00f6tt.(MTI)<\/p>\n","protected":false},"excerpt":{"rendered":"<p>Kisiklott kedden reggel egy tehervonat a Maros megyei H\u00e9jjasfalv\u00e1n, \u00e9s elz\u00e1rta a H\u00e9jjasfalv\u00e1t\u00f3l Sz\u00e9kelyudvarhelyre vezet\u0151 13C jelz\u00e9s\u0171 orsz\u00e1gutat, valamint a Brass\u00f3t Segesv\u00e1rral \u00f6sszek\u00f6t\u0151 300-as vas\u00fatvonalat.<\/p>\n","protected":false},"author":1,"featured_media":0,"comment_status":"open","ping_status":"closed","sticky":false,"template":"","format":"standard","meta":[],"categories":[4,151],"tags":[],"_links":{"self":[{"href":"https:\/\/gazdasagportal.hu\/index.php\/wp-json\/wp\/v2\/posts\/62356"}],"collection":[{"href":"https:\/\/gazdasagportal.hu\/index.php\/wp-json\/wp\/v2\/posts"}],"about":[{"href":"https:\/\/gazdasagportal.hu\/index.php\/wp-json\/wp\/v2\/types\/post"}],"author":[{"embeddable":true,"href":"https:\/\/gazdasagportal.hu\/index.php\/wp-json\/wp\/v2\/users\/1"}],"replies":[{"embeddable":true,"href":"https:\/\/gazdasagportal.hu\/index.php\/wp-json\/wp\/v2\/comments?post=62356"}],"version-history":[{"count":1,"href":"https:\/\/gazdasagportal.hu\/index.php\/wp-json\/wp\/v2\/posts\/62356\/revisions"}],"predecessor-version":[{"id":62357,"href":"https:\/\/gazdasagportal.hu\/index.php\/wp-json\/wp\/v2\/posts\/62356\/revisions\/62357"}],"wp:attachment":[{"href":"https:\/\/gazdasagportal.hu\/index.php\/wp-json\/wp\/v2\/media?parent=62356"}],"wp:term":[{"taxonomy":"category","embeddable":true,"href":"https:\/\/gazdasagportal.hu\/index.php\/wp-json\/wp\/v2\/categories?post=62356"},{"taxonomy":"post_tag","embeddable":true,"href":"https:\/\/gazdasagportal.hu\/index.php\/wp-json\/wp\/v2\/tags?post=62356"}],"curies":[{"name":"wp","href":"https:\/\/api.w.org\/{rel}","templated":true}]}}