{"id":62349,"date":"2015-05-26T13:46:22","date_gmt":"2015-05-26T11:46:22","guid":{"rendered":"http:\/\/stockportal.hu\/?p=62349"},"modified":"2015-05-26T13:46:22","modified_gmt":"2015-05-26T11:46:22","slug":"ukran-valsag-nyolckamionnyi-segelyszallitmany-indul-ukrajnaba","status":"publish","type":"post","link":"https:\/\/gazdasagportal.hu\/index.php\/ukran-valsag-nyolckamionnyi-segelyszallitmany-indul-ukrajnaba\/","title":{"rendered":"Ukr\u00e1n v\u00e1ls\u00e1g &#8211; Nyolckamionnyi seg\u00e9lysz\u00e1ll\u00edtm\u00e1ny indul Ukrajn\u00e1ba"},"content":{"rendered":"<p><strong>Nyolckamionnyi, nagys\u00e1grendileg sz\u00e1zmilli\u00f3 forint \u00e9rt\u00e9k\u0171 seg\u00e9lysz\u00e1ll\u00edtm\u00e1ny indul j\u00f6v\u0151 kedden K\u00e1rp\u00e1talj\u00e1ra \u00e9s a K\u00e1rp\u00e1tokon t\u00falra &#8211; jelentette be az Emberi Er\u0151forr\u00e1sok Miniszt\u00e9rium\u00e1nak egyh\u00e1zi, nemzetis\u00e9gi \u00e9s civil t\u00e1rsadalmi kapcsolatok\u00e9rt felel\u0151s \u00e1llamtitk\u00e1ra kedden Budapesten.<\/strong><!--more--><\/p>\n<div class=\"ads-in-post1\"><div id=\"gazdasagportal.hu_fullbanner_wideboard\"><\/div>\r\n<\/div>\n<p>    Solt\u00e9sz Mikl\u00f3s a sajt\u00f3t\u00e1j\u00e9koztat\u00f3n elmondta: a seg\u00e9lysz\u00e1ll\u00edtm\u00e1nyban gy\u00f3gyszerek, gy\u00f3gy\u00e1szati seg\u00e9deszk\u00f6z\u00f6k \u00e9s tart\u00f3s\u00e9lelmiszer-csomagok vannak. A seg\u00e9lysz\u00e1ll\u00edtm\u00e1ny fele K\u00e1rp\u00e1talj\u00e1ra, a m\u00e1sik fele pedig a K\u00e1rp\u00e1tokon t\u00falra indul.<br \/>\n    Az \u00e1llamtitk\u00e1r k\u00f6zl\u00e9se szerint a m\u00e1rciusi adom\u00e1nygy\u0171jt\u0151 felh\u00edv\u00e1sra a Karitat\u00edv Tan\u00e1cs \u00f6t tagszervezete &#8211; a Katolikus Karit\u00e1sz, a Magyar M\u00e1ltai Szeretetszolg\u00e1lat, a Magyar V\u00f6r\u00f6skereszt, a Magyar Reform\u00e1tus Szeretetszolg\u00e1lat \u00e9s a Baptista Szeretetszolg\u00e1lat &#8211; egy napon bel\u00fcl reag\u00e1lt. Ezt k\u00f6vet\u0151en t\u00f6bb szervezet is csatlakozott az adom\u00e1nygy\u0171jt\u00e9shez, \u00edgy p\u00e9ld\u00e1ul az Egys\u00e9ges Magyarorsz\u00e1gi Izraelita Hitk\u00f6zs\u00e9g, a Szent Luk\u00e1cs G\u00f6r\u00f6gkatolikus Szeretetszolg\u00e1lat, valamint a Johannita Seg\u00edt\u0151 Szolg\u00e1lat.(MTI)<\/p>\n","protected":false},"excerpt":{"rendered":"<p>Nyolckamionnyi, nagys\u00e1grendileg sz\u00e1zmilli\u00f3 forint \u00e9rt\u00e9k\u0171 seg\u00e9lysz\u00e1ll\u00edtm\u00e1ny indul j\u00f6v\u0151 kedden K\u00e1rp\u00e1talj\u00e1ra \u00e9s a K\u00e1rp\u00e1tokon t\u00falra &#8211; jelentette be az Emberi Er\u0151forr\u00e1sok Miniszt\u00e9rium\u00e1nak egyh\u00e1zi, nemzetis\u00e9gi \u00e9s civil t\u00e1rsadalmi kapcsolatok\u00e9rt felel\u0151s \u00e1llamtitk\u00e1ra kedden Budapesten.<\/p>\n","protected":false},"author":1,"featured_media":0,"comment_status":"open","ping_status":"closed","sticky":false,"template":"","format":"standard","meta":[],"categories":[139],"tags":[],"_links":{"self":[{"href":"https:\/\/gazdasagportal.hu\/index.php\/wp-json\/wp\/v2\/posts\/62349"}],"collection":[{"href":"https:\/\/gazdasagportal.hu\/index.php\/wp-json\/wp\/v2\/posts"}],"about":[{"href":"https:\/\/gazdasagportal.hu\/index.php\/wp-json\/wp\/v2\/types\/post"}],"author":[{"embeddable":true,"href":"https:\/\/gazdasagportal.hu\/index.php\/wp-json\/wp\/v2\/users\/1"}],"replies":[{"embeddable":true,"href":"https:\/\/gazdasagportal.hu\/index.php\/wp-json\/wp\/v2\/comments?post=62349"}],"version-history":[{"count":1,"href":"https:\/\/gazdasagportal.hu\/index.php\/wp-json\/wp\/v2\/posts\/62349\/revisions"}],"predecessor-version":[{"id":62350,"href":"https:\/\/gazdasagportal.hu\/index.php\/wp-json\/wp\/v2\/posts\/62349\/revisions\/62350"}],"wp:attachment":[{"href":"https:\/\/gazdasagportal.hu\/index.php\/wp-json\/wp\/v2\/media?parent=62349"}],"wp:term":[{"taxonomy":"category","embeddable":true,"href":"https:\/\/gazdasagportal.hu\/index.php\/wp-json\/wp\/v2\/categories?post=62349"},{"taxonomy":"post_tag","embeddable":true,"href":"https:\/\/gazdasagportal.hu\/index.php\/wp-json\/wp\/v2\/tags?post=62349"}],"curies":[{"name":"wp","href":"https:\/\/api.w.org\/{rel}","templated":true}]}}