{"id":62347,"date":"2015-05-26T13:42:15","date_gmt":"2015-05-26T11:42:15","guid":{"rendered":"http:\/\/stockportal.hu\/?p=62347"},"modified":"2015-05-26T13:42:15","modified_gmt":"2015-05-26T11:42:15","slug":"orban-eletminoseg-javito-fejlesztesek-kezdodnek-szekesfehervaron","status":"publish","type":"post","link":"https:\/\/gazdasagportal.hu\/index.php\/orban-eletminoseg-javito-fejlesztesek-kezdodnek-szekesfehervaron\/","title":{"rendered":"Orb\u00e1n: \u00e9letmin\u0151s\u00e9g-jav\u00edt\u00f3 fejleszt\u00e9sek kezd\u0151dnek Sz\u00e9kesfeh\u00e9rv\u00e1ron"},"content":{"rendered":"<p><strong>\u00c9letmin\u0151s\u00e9g-jav\u00edt\u00f3 fejleszt\u00e9sek kezd\u0151dnek Sz\u00e9kesfeh\u00e9rv\u00e1ron, kib\u0151v\u00fcl a belv\u00e1ros, hangversenyterem, valamint multifunkci\u00f3s sport- \u00e9s rendezv\u00e9nycsarnok \u00e9p\u00fcl, \u00e9s lak\u00e1s\u00e9p\u00edt\u00e9si program indul el &#8211; hangs\u00falyozta Orb\u00e1n Viktor minisztereln\u00f6k kedden, miut\u00e1n a Modern v\u00e1rosok program keret\u00e9ben egy\u00fcttm\u0171k\u00f6d\u00e9si meg\u00e1llapod\u00e1st \u00edrt al\u00e1 Sz\u00e9kesfeh\u00e9rv\u00e1r polg\u00e1rmester\u00e9vel, Cser-Palkovics Andr\u00e1ssal.<\/strong><!--more--><\/p>\n<div class=\"ads-in-post1\"><div id=\"gazdasagportal.hu_fullbanner_wideboard\"><\/div>\r\n<\/div>\n<p>    A korm\u00e1nyf\u0151 elmondta: amint a Fej\u00e9r Megyei Szent Gy\u00f6rgy Egyetemi Oktat\u00f3k\u00f3rh\u00e1z jelenlegi fejleszt\u00e9se befejez\u0151dik, \u00fajabb beruh\u00e1z\u00e1s kezd\u0151dik, amelynek a k\u00f6lts\u00e9geir\u0151l hamarosan egyeztetnek a v\u00e1ros vezet\u0151ivel.<br \/>\n    A minisztereln\u00f6k kiemelte, hogy a kor\u00e1bban a korm\u00e1ny t\u00e1mogat\u00e1s\u00e1val visszav\u00e1s\u00e1rolt b\u00f6rg\u00f6ndi repteret sport- \u00e9s \u00fczleti c\u00e9l\u00fa rep\u00fcl\u0151t\u00e9rr\u00e9 alak\u00edtj\u00e1k.<br \/>\n    Orb\u00e1n Viktor k\u00f6z\u00f6lte, hogy a v\u00e1ros jelenleg \u00fcresen \u00e1ll\u00f3 ingatlanjainak valamelyik\u00e9ben modern k\u00f6z\u00e9piskolai oktat\u00e1si k\u00f6zpontot val\u00f3s\u00edtanak meg, ahol az oktat\u00e1si funkci\u00f3k mellett a m\u0171v\u00e9szet \u00e9s a sport is kiemelt szerepet kap majd.<br \/>\n    A korm\u00e1nyf\u0151 az \u00e9letmin\u0151s\u00e9g-jav\u00edt\u00f3 fejleszt\u00e9sek k\u00f6z\u00e9 sorolta a belv\u00e1ros \u00e9s a Zichy-liget \u00f6sszekapcsol\u00e1s\u00e1t is, \u00fagy, hogy a k\u00f6z\u00fati forgalmat az \u00e9rintett szakaszon a f\u00f6ld al\u00e1 viszik. Az \u00e9vek \u00f3ta \u00fcresen \u00e1ll\u00f3 Fekete Sas Sz\u00e1ll\u00f3b\u00f3l hangversenyterem lesz, a tervez\u00e9si k\u00f6lts\u00e9get a korm\u00e1ny mag\u00e1ra v\u00e1llalta \u2013 tette hozz\u00e1.<br \/>\n    Orb\u00e1n Viktor szerint Sz\u00e9kesfeh\u00e9rv\u00e1ron gyakorlatilag teljes foglalkoztat\u00e1s van, ez\u00e9rt ma m\u00e1r a megfelel\u0151 k\u00e9pzetts\u00e9g\u0171 munkaer\u0151 hi\u00e1nya okozza a legnagyobb gondot a helyi gazdas\u00e1gnak. Lakhat\u00e1si lehet\u0151s\u00e9gek h\u00edj\u00e1n nem \u00e9rkezik megfelel\u0151 munkaer\u0151 a v\u00e1rosba, ez\u00e9rt lak\u00e1s\u00e9p\u00edt\u00e9si programot ind\u00edtanak &#8211; tette hozz\u00e1.<br \/>\n    Sz\u00f3lt arr\u00f3l is, hogy a velencei-tavi turizmus fejleszt\u00e9s\u00e9nek kialak\u00edt\u00e1s\u00e1ba bevonj\u00e1k a v\u00e1rost.<br \/>\n    A minisztereln\u00f6k a j\u00f6v\u0151ben fel\u00e9p\u00edtend\u0151 multifunkci\u00f3s rendezv\u00e9nycsarnokr\u00f3l elmondta: a helysz\u00ednt a v\u00e1ros m\u00e1r kiv\u00e1lasztotta, most pedig meg\u00e1llapodtak abban, hogy a tervez\u00e9si k\u00f6lts\u00e9geket a korm\u00e1ny \u00e1llja.<br \/>\n    K\u00e9rd\u00e9sre v\u00e1laszolva k\u00f6z\u00f6lte: a csarnok beker\u00fcl\u00e9si k\u00f6lts\u00e9geit majd a j\u00f3v\u00e1hagyott tervek ut\u00e1n lehet megmondani, a tervez\u00e9sre azonban 500 milli\u00f3 forintot biztos\u00edt a korm\u00e1ny.<br \/>\n    Orb\u00e1n Viktor eml\u00e9keztetett arra, hogy a 2013-as kihelyezett korm\u00e1ny\u00fcl\u00e9sen meg\u00edt\u00e9lt t\u00e1mogat\u00e1sokb\u00f3l v\u00e9grehajtott fejleszt\u00e9sek nagyr\u00e9szt megval\u00f3sultak. A sz\u00e9kesfeh\u00e9rv\u00e1ri f\u0171t\u0151er\u0151m\u0171 visszav\u00e1s\u00e1rl\u00e1sa megt\u00f6rt\u00e9nt, erre az \u00e1llam 2,55 milli\u00e1rd forintot adott. A Nemzeti Eml\u00e9khely \u00fajj\u00e1\u00e9p\u00edt\u00e9s\u00e9nek el\u0151k\u00e9sz\u00edt\u00e9se, a S\u00f3st\u00f3i Stadion \u00e9p\u00edt\u00e9se a S\u00f3st\u00f3 rehabilit\u00e1ci\u00f3j\u00e1val egy\u00fctt elkezd\u0151d\u00f6tt, a geoinformatikai f\u0151iskolai kart megmentett\u00e9k, a v\u00e1rost elker\u00fcl\u0151 \u00fat \u00e9p\u00edt\u00e9se 14,5 milli\u00e1rd forintb\u00f3l jelenleg is zajlik. A maroshegyi k\u00f6z\u00f6ss\u00e9gi terek kialak\u00edt\u00e1sa is \u00edg\u00e9ret volt, az el\u0151k\u00e9sz\u00edt\u00e9se annak is megkezd\u0151d\u00f6tt, mik\u00f6zben a megyei k\u00f3rh\u00e1z \u00faj t\u00f6mbj\u00e9nek 8,3 milli\u00e1rd forintos fejleszt\u00e9s elk\u00e9sz\u00fclt \u2013 mondta.<br \/>\n    Cser-Palkovics Andr\u00e1s (Fidesz) kiemelte: a v\u00e1ros hossz\u00fa t\u00f6rt\u00e9nelme sor\u00e1n soha annyi seg\u00edts\u00e9get nem kapott az \u00e1llamt\u00f3l, mint Orb\u00e1n Viktor korm\u00e1ny\u00e1t\u00f3l az elm\u00falt \u00e9vekben. Hozz\u00e1tette: a fejleszt\u00e9si p\u00e9nzek mellett a korm\u00e1ny ad\u00f3ss\u00e1gkonszolid\u00e1ci\u00f3ja 18 milli\u00e1rd forintos t\u00e1mogat\u00e1sk\u00e9nt jelentkezik, hiszen a v\u00e1rosnak n\u00e9lk\u00fcle \u00e9vente t\u00f6bbmilli\u00e1rd forintot kellene a bankoknak fizetnie.<br \/>\n    A korm\u00e1nyf\u0151 k\u00e9rd\u00e9sre v\u00e1laszolva k\u00f6z\u00f6lte, a Modern v\u00e1rosok program forr\u00e1sai k\u00e9t helyr\u0151l sz\u00e1rmaznak: egyr\u00e9szt magyar k\u00f6lts\u00e9gvet\u00e9si forr\u00e1sokb\u00f3l, amelyek a k\u00f6vetkez\u0151 \u00e9vek b\u00fcdzs\u00e9iben szerepelnek, m\u00e1sr\u00e9szt a nagyv\u00e1rosok fejleszt\u00e9s\u00e9re sz\u00e1nt uni\u00f3s forr\u00e1sokb\u00f3l.<br \/>\n    Ugyancsak k\u00e9rd\u00e9sre v\u00e1laszolva elmondta: mintegy t\u00edz \u00e9vig tart\u00f3 vita lesz a hal\u00e1lb\u00fcntet\u00e9s\u00e9, de a menek\u00fcltek \u00fcgy\u00e9t hamar le kell z\u00e1rni. \u201eHa most nem lesz\u00fcnk \u00e9szn\u00e9l, nem lesz\u00fcnk felel\u0151ss\u00e9gteljesek, akkor t\u00edz \u00e9v m\u00falva nem fogunk r\u00e1ismerni haz\u00e1nkra\u201d \u2013 fogalmazott, hozz\u00e1t\u00e9ve: a menek\u00fclt\u00fcgy l\u00e9nyege, hogy ha egyszer hib\u00e1znak, t\u00f6bb\u00e9 nem jav\u00edthatj\u00e1k ki. Hangs\u00falyozta: \u201enek\u00fcnk, magyaroknak kell meghozni a d\u00f6nt\u00e9st, mert nem Br\u00fcsszelben fog megv\u00e1ltozni az \u00e9let a menek\u00fcltekt\u0151l, hanem itt, Magyarorsz\u00e1gon\u201d.<br \/>\n    Orb\u00e1n Viktor szerint semmi alapja nincs annak a sajt\u00f3h\u00edrnek, hogy 2017-ben k\u00f6zt\u00e1rsas\u00e1gi eln\u00f6k lesz, mik\u00f6zben L\u00e1z\u00e1r J\u00e1nos v\u00e1ltja a minisztereln\u00f6ki sz\u00e9kben. \u00dagy fogalmazott, hogy \u201ea k\u00f6zt\u00e1rsas\u00e1gi eln\u00f6ki munk\u00e1ra az orsz\u00e1g engem nem tudna haszn\u00e1lni, n\u00e1lam m\u00e9lt\u00f3bb embernek kell megtestes\u00edtenie az orsz\u00e1g egys\u00e9g\u00e9t\u201d.<br \/>\n    Jelezte, hogy a Fidesz k\u00f6vetkez\u0151 kongresszus\u00e1n p\u00e1rteln\u00f6k\u00f6t is v\u00e1laszt k\u00e9t \u00e9vre, akinek a 2018-as v\u00e1laszt\u00e1sra fel kell k\u00e9sz\u00edtenie a p\u00e1rtot, \u00e9s &#8211; mint mondta &#8211; sz\u00edvesen v\u00e1llalja ezt a feladatot.(MTI)<\/p>\n","protected":false},"excerpt":{"rendered":"<p>\u00c9letmin\u0151s\u00e9g-jav\u00edt\u00f3 fejleszt\u00e9sek kezd\u0151dnek Sz\u00e9kesfeh\u00e9rv\u00e1ron, kib\u0151v\u00fcl a belv\u00e1ros, hangversenyterem, valamint multifunkci\u00f3s sport- \u00e9s rendezv\u00e9nycsarnok \u00e9p\u00fcl, \u00e9s lak\u00e1s\u00e9p\u00edt\u00e9si program indul el &#8211; hangs\u00falyozta Orb\u00e1n Viktor minisztereln\u00f6k kedden, miut\u00e1n a Modern v\u00e1rosok program keret\u00e9ben egy\u00fcttm\u0171k\u00f6d\u00e9si meg\u00e1llapod\u00e1st \u00edrt al\u00e1 Sz\u00e9kesfeh\u00e9rv\u00e1r polg\u00e1rmester\u00e9vel, Cser-Palkovics Andr\u00e1ssal.<\/p>\n","protected":false},"author":1,"featured_media":0,"comment_status":"open","ping_status":"closed","sticky":false,"template":"","format":"standard","meta":[],"categories":[19],"tags":[],"_links":{"self":[{"href":"https:\/\/gazdasagportal.hu\/index.php\/wp-json\/wp\/v2\/posts\/62347"}],"collection":[{"href":"https:\/\/gazdasagportal.hu\/index.php\/wp-json\/wp\/v2\/posts"}],"about":[{"href":"https:\/\/gazdasagportal.hu\/index.php\/wp-json\/wp\/v2\/types\/post"}],"author":[{"embeddable":true,"href":"https:\/\/gazdasagportal.hu\/index.php\/wp-json\/wp\/v2\/users\/1"}],"replies":[{"embeddable":true,"href":"https:\/\/gazdasagportal.hu\/index.php\/wp-json\/wp\/v2\/comments?post=62347"}],"version-history":[{"count":1,"href":"https:\/\/gazdasagportal.hu\/index.php\/wp-json\/wp\/v2\/posts\/62347\/revisions"}],"predecessor-version":[{"id":62348,"href":"https:\/\/gazdasagportal.hu\/index.php\/wp-json\/wp\/v2\/posts\/62347\/revisions\/62348"}],"wp:attachment":[{"href":"https:\/\/gazdasagportal.hu\/index.php\/wp-json\/wp\/v2\/media?parent=62347"}],"wp:term":[{"taxonomy":"category","embeddable":true,"href":"https:\/\/gazdasagportal.hu\/index.php\/wp-json\/wp\/v2\/categories?post=62347"},{"taxonomy":"post_tag","embeddable":true,"href":"https:\/\/gazdasagportal.hu\/index.php\/wp-json\/wp\/v2\/tags?post=62347"}],"curies":[{"name":"wp","href":"https:\/\/api.w.org\/{rel}","templated":true}]}}