{"id":62343,"date":"2015-05-26T13:03:58","date_gmt":"2015-05-26T11:03:58","guid":{"rendered":"http:\/\/stockportal.hu\/?p=62343"},"modified":"2015-05-26T13:03:58","modified_gmt":"2015-05-26T11:03:58","slug":"ukran-valsag-szakadarok-ralottek-egy-katonai-mentoautora-az-orosz-hatarnal","status":"publish","type":"post","link":"https:\/\/gazdasagportal.hu\/index.php\/ukran-valsag-szakadarok-ralottek-egy-katonai-mentoautora-az-orosz-hatarnal\/","title":{"rendered":"Ukr\u00e1n v\u00e1ls\u00e1g &#8211; Szakad\u00e1rok r\u00e1l\u0151ttek egy katonai ment\u0151aut\u00f3ra az orosz hat\u00e1rn\u00e1l"},"content":{"rendered":"<p><strong>Oroszbar\u00e1t kelet-ukrajnai szakad\u00e1rok automata fegyverekkel r\u00e1l\u0151ttek h\u00e9tf\u0151n az ukr\u00e1n fegyveres er\u0151k egy ment\u0151aut\u00f3j\u00e1ra Luhanszk megy\u00e9ben, az orosz hat\u00e1r k\u00f6zel\u00e9ben; egy katona \u00e9let\u00e9t vesztette egy m\u00e1sikat pedig s\u00falyos s\u00e9r\u00fcl\u00e9sekkel sz\u00e1ll\u00edtottak k\u00f3rh\u00e1zba &#8211; k\u00f6z\u00f6lte kedden a megyei korm\u00e1nyz\u00f3i hivatal sajt\u00f3oszt\u00e1lya.<br \/>\n<\/strong><!--more--><\/p>\n<div class=\"ads-in-post1\"><div id=\"gazdasagportal.hu_fullbanner_wideboard\"><\/div>\r\n<\/div>\n    A ment\u0151aut\u00f3 elleni t\u00e1mad\u00e1s Sztanicja Luhanszka k\u00f6rzet\u00e9ben, a frontvonalnak az ukr\u00e1n fegyveres er\u0151k \u00e1ltal ellen\u0151rz\u00f6tt oldal\u00e1n t\u00f6rt\u00e9nt. Hennagyij Moszkal Luhanszk megyei korm\u00e1nyz\u00f3 szavai szerint a ment\u0151aut\u00f3ra annak ellen\u00e9re l\u0151ttek r\u00e1, hogy azon j\u00f3l l\u00e1that\u00f3 jelz\u00e9s volt, miszerint az egy eg\u00e9szs\u00e9g\u00fcgyi j\u00e1rm\u0171. A korm\u00e1nyz\u00f3 hozz\u00e1f\u0171zte, hogy az \u00e1llamhat\u00e1rnak ottani szakasz\u00e1n gyakran sziv\u00e1rognak \u00e1t Oroszorsz\u00e1gb\u00f3l diverzi\u00f3s, felder\u00edt\u0151 csoportok. A szakad\u00e1rok akn\u00e1kat telep\u00edtenek az utakon, \u00e9s egy\u00e9b diverzi\u00f3s cselekm\u00e9nyeket hajtanak v\u00e9gre. Eddig m\u00e1r k\u00e9t katonai j\u00e1rm\u0171 robbant fel a t\u00e9rs\u00e9gben amiatt, hogy akn\u00e1ra hajtott.<br \/>\n    A kijevi hadm\u0171veleti parancsnoks\u00e1g k\u00f6zben kedden azt jelentette, hogy el\u0151z\u0151 \u00e9jjel a frontvonal sz\u00e1mos pontj\u00e1n t\u0171z al\u00e1 vett\u00e9k az ukr\u00e1n katon\u00e1k \u00e1ll\u00e1sait.<br \/>\n    Andrij Liszenko katonai sz\u00f3viv\u0151 keddi kijevi sajt\u00f3t\u00e1j\u00e9koztat\u00f3j\u00e1n k\u00f6z\u00f6lte, hogy az elm\u00falt 24 \u00f3r\u00e1ban \u00f6sszesen egy katona vesztette \u00e9let\u00e9t \u00e9s 12 sebes\u00fclt meg a kelet-ukrajnai konfliktus \u00f6vezet\u00e9ben. A legnagyobb vesztes\u00e9get az ukr\u00e1n fegyveres er\u0151k a Luhanszkt\u00f3l nyugatra l\u00e9v\u0151 Pervomajszkn\u00e1l szenvedt\u00e9k el.<br \/>\n    Donyeck k\u00f6rny\u00e9k\u00e9n az \u00e9jjel sz\u00e1mos telep\u00fcl\u00e9st vettek t\u00fcz\u00e9rs\u00e9gi t\u0171z al\u00e1. Luhanszkt\u00f3l keletre h\u00e1romszor nyitottak t\u00fczet harckocsikkal Szize telep\u00fcl\u00e9sre. A megyesz\u00e9khelyt\u0151l \u00e9szakra fekv\u0151 Scsaszty\u00e1t \u00e9s k\u00f6rny\u00e9k\u00e9t rak\u00e9ta-sorozatvet\u0151kkel, aknavet\u0151kkel, gr\u00e1n\u00e1tvet\u0151kkel \u00e9s goly\u00f3sz\u00f3r\u00f3kkal l\u0151tt\u00e9k.<br \/>\n    A k\u00e9t megyesz\u00e9khely k\u00f6z\u00f6tt fekv\u0151 Artemivszk k\u00f6zel\u00e9ben Kirove telep\u00fcl\u00e9st, d\u00e9len, az Azov-tenger partj\u00e1n, pedig a Mariupol kik\u00f6t\u0151v\u00e1rost\u00f3l keletre fekv\u0151 Sirokine faluban l\u00e9v\u0151 ukr\u00e1n katonai \u00e1ll\u00e1sokat t\u00e1madt\u00e1k gr\u00e1n\u00e1tvet\u0151kkel, goly\u00f3sz\u00f3r\u00f3kkal \u00e9s k\u00e9zi l\u0151fegyverekkel a szakad\u00e1rok.(MTI)<\/p>\n","protected":false},"excerpt":{"rendered":"<p>Oroszbar\u00e1t kelet-ukrajnai szakad\u00e1rok automata fegyverekkel r\u00e1l\u0151ttek h\u00e9tf\u0151n az ukr\u00e1n fegyveres er\u0151k egy ment\u0151aut\u00f3j\u00e1ra Luhanszk megy\u00e9ben, az orosz hat\u00e1r k\u00f6zel\u00e9ben; egy katona \u00e9let\u00e9t vesztette egy m\u00e1sikat pedig s\u00falyos s\u00e9r\u00fcl\u00e9sekkel sz\u00e1ll\u00edtottak k\u00f3rh\u00e1zba &#8211; k\u00f6z\u00f6lte kedden a megyei korm\u00e1nyz\u00f3i hivatal sajt\u00f3oszt\u00e1lya.<\/p>\n","protected":false},"author":1,"featured_media":0,"comment_status":"open","ping_status":"closed","sticky":false,"template":"","format":"standard","meta":[],"categories":[139],"tags":[],"_links":{"self":[{"href":"https:\/\/gazdasagportal.hu\/index.php\/wp-json\/wp\/v2\/posts\/62343"}],"collection":[{"href":"https:\/\/gazdasagportal.hu\/index.php\/wp-json\/wp\/v2\/posts"}],"about":[{"href":"https:\/\/gazdasagportal.hu\/index.php\/wp-json\/wp\/v2\/types\/post"}],"author":[{"embeddable":true,"href":"https:\/\/gazdasagportal.hu\/index.php\/wp-json\/wp\/v2\/users\/1"}],"replies":[{"embeddable":true,"href":"https:\/\/gazdasagportal.hu\/index.php\/wp-json\/wp\/v2\/comments?post=62343"}],"version-history":[{"count":1,"href":"https:\/\/gazdasagportal.hu\/index.php\/wp-json\/wp\/v2\/posts\/62343\/revisions"}],"predecessor-version":[{"id":62344,"href":"https:\/\/gazdasagportal.hu\/index.php\/wp-json\/wp\/v2\/posts\/62343\/revisions\/62344"}],"wp:attachment":[{"href":"https:\/\/gazdasagportal.hu\/index.php\/wp-json\/wp\/v2\/media?parent=62343"}],"wp:term":[{"taxonomy":"category","embeddable":true,"href":"https:\/\/gazdasagportal.hu\/index.php\/wp-json\/wp\/v2\/categories?post=62343"},{"taxonomy":"post_tag","embeddable":true,"href":"https:\/\/gazdasagportal.hu\/index.php\/wp-json\/wp\/v2\/tags?post=62343"}],"curies":[{"name":"wp","href":"https:\/\/api.w.org\/{rel}","templated":true}]}}