{"id":62265,"date":"2015-05-25T06:37:18","date_gmt":"2015-05-25T04:37:18","guid":{"rendered":"http:\/\/stockportal.hu\/?p=62265"},"modified":"2015-05-25T07:39:43","modified_gmt":"2015-05-25T05:39:43","slug":"zivatar-viharos-szel-es-gyonyoru-ido-is-lesz-a-heten","status":"publish","type":"post","link":"https:\/\/gazdasagportal.hu\/index.php\/zivatar-viharos-szel-es-gyonyoru-ido-is-lesz-a-heten\/","title":{"rendered":"Zivatar, viharos sz\u00e9l \u00e9s gy\u00f6ny\u00f6r\u0171 id\u0151 is lesz a h\u00e9ten"},"content":{"rendered":"<p><strong>A k\u00f6vetkez\u0151 napokban folytat\u00f3dik a bor\u00fas, es\u0151s id\u0151. T\u00f6bbfel\u00e9 meger\u0151s\u00f6dik, vihaross\u00e1 is fokoz\u00f3dik a sz\u00e9l. A tavasz utols\u00f3 het\u00e9ben viszont m\u00e1r t\u00f6bb naps\u00fct\u00e9s is v\u00e1rhat\u00f3, s ak\u00e1r 27 Celsius-fokig is melegedhet a leveg\u0151 \u2013 der\u00fcl ki az Orsz\u00e1gos Meteorol\u00f3giai Szolg\u00e1lat vas\u00e1rnap az MTI-hez eljuttatott orsz\u00e1gos, k\u00f6z\u00e9pt\u00e1v\u00fa el\u0151rejelz\u00e9s\u00e9b\u0151l.<\/strong><!--more--><\/p>\n<div class=\"ads-in-post1\"><div id=\"gazdasagportal.hu_fullbanner_wideboard\"><\/div>\r\n<\/div>\n<p>    H\u00e9tf\u0151re virrad\u00f3 \u00e9jszaka a Dun\u00e1nt\u00falon t\u00f6bbfel\u00e9 meger\u0151s\u00f6dik, zivatarok k\u00f6rnyezet\u00e9ben vihaross\u00e1 fokoz\u00f3dhat a sz\u00e9l. Egyre nagyobb ter\u00fcleten alakulnak ki z\u00e1porok, elsz\u00f3rtan zivatar is el\u0151fordul. Napk\u00f6zben nagyr\u00e9szt er\u0151sen felh\u0151s lesz az \u00e9g, ink\u00e1bb csak keleten, \u00e9szakkeleten lehetnek d\u00e9lut\u00e1n hosszabb napos id\u0151szakok. Sokfel\u00e9 kell z\u00e1pores\u0151re sz\u00e1m\u00edtani, sz\u00f3rv\u00e1nyosan zivatar is v\u00e1rhat\u00f3. A legalacsonyabb h\u0151m\u00e9rs\u00e9klet 9-15 fok k\u00f6z\u00f6tt alakul.<br \/>\n    A legmagasabb h\u0151m\u00e9rs\u00e9klet \u00e1ltal\u00e1ban 17-23 fok k\u00f6z\u00f6tt v\u00e1rhat\u00f3, de d\u00e9lnyugaton n\u00e9h\u00e1ny fokkal h\u0171v\u00f6sebb, a Ny\u00edrs\u00e9gben melegebb val\u00f3sz\u00edn\u0171.<br \/>\n    Kedden er\u0151sen felh\u0151s vagy borult lesz az \u00e9g. T\u00f6bbfel\u00e9 v\u00e1rhat\u00f3 es\u0151, z\u00e1por, f\u0151k\u00e9nt keleten, \u00e9szakkeleten zivatar. A sz\u00e9l a Dun\u00e1nt\u00falon meger\u0151s\u00f6dik, n\u00e9hol vihaross\u00e1 fokoz\u00f3dik, keleten csak estefel\u00e9 lehetnek er\u0151s, zivatarok k\u00f6rnyezet\u00e9ben viharos sz\u00e9ll\u00f6k\u00e9sek. A leghidegebb \u00f3r\u00e1kban 10-15 fok lehet. Nappal 17-22 fokig melegszik a leveg\u0151.<br \/>\n    Szerd\u00e1n is t\u00f6bbfel\u00e9 meger\u0151s\u00f6dik, a Dun\u00e1nt\u00falon vihaross\u00e1 fokoz\u00f3dik a sz\u00e9l. Emellett a Dun\u00e1nt\u00falon m\u00e1r t\u00f6bb \u00f3r\u00e1ra kis\u00fcthet a nap, keleten viszont csak estefel\u00e9 cs\u00f6kken jelent\u0151sebben a felh\u0151zet. Nyugaton n\u00e9hol, keleten m\u00e9g t\u00f6bbfel\u00e9 v\u00e1rhat\u00f3 es\u0151, z\u00e1por. A minimumh\u0151m\u00e9rs\u00e9klet 9-15, a maximumh\u0151m\u00e9rs\u00e9klet 15-20 fok k\u00f6z\u00f6tt val\u00f3sz\u00edn\u0171.<br \/>\n    Cs\u00fct\u00f6rt\u00f6k\u00f6n t\u00f6bbnyire napos id\u0151 val\u00f3sz\u00edn\u0171, n\u00e9hol keleten alakul ki z\u00e1pores\u0151. A legalacsonyabb h\u0151m\u00e9rs\u00e9klet 6-11, a legmagasabb h\u0151m\u00e9rs\u00e9klet 17-22 fok k\u00f6z\u00f6tt alakul.<br \/>\n    P\u00e9nteken f\u0151k\u00e9nt az orsz\u00e1g \u00e9szaki fel\u00e9n alakul ki elsz\u00f3rtan z\u00e1pores\u0151. N\u00e9hol meger\u0151s\u00f6dik a sz\u00e9l is. A leghidegebb \u00f3r\u00e1kban 5-10 fok lehet. Napk\u00f6zben 19-24 fokig melegszik a leveg\u0151.<br \/>\n    Szombaton els\u0151sorban a Dun\u00e1nt\u00falon \u00e9s \u00e9szakon val\u00f3sz\u00edn\u0171 z\u00e1pores\u0151, \u00e9szaknyugaton zivatar is lehet. A legalacsonyabb h\u0151m\u00e9rs\u00e9klet 8-14, a legmagasabb h\u0151m\u00e9rs\u00e9klet 22-27 fok k\u00f6z\u00f6tt alakul.<br \/>\n    Vas\u00e1rnap jellemz\u0151en napos id\u0151 v\u00e1rhat\u00f3, keleten alakulhat ki fut\u00f3 z\u00e1pores\u0151. A minimumh\u0151m\u00e9rs\u00e9klet 10-15, a maximumok v\u00e1rhat\u00f3an 22-27 fok k\u00f6z\u00f6tt alakulnak \u2013 olvashat\u00f3 az el\u0151rejelz\u00e9sben.(MTI)<\/p>\n","protected":false},"excerpt":{"rendered":"<p>A k\u00f6vetkez\u0151 napokban folytat\u00f3dik a bor\u00fas, es\u0151s id\u0151. T\u00f6bbfel\u00e9 meger\u0151s\u00f6dik, vihaross\u00e1 is fokoz\u00f3dik a sz\u00e9l. A tavasz utols\u00f3 het\u00e9ben viszont m\u00e1r t\u00f6bb naps\u00fct\u00e9s is v\u00e1rhat\u00f3, s ak\u00e1r 27 Celsius-fokig is melegedhet a leveg\u0151 \u2013 der\u00fcl ki az Orsz\u00e1gos Meteorol\u00f3giai Szolg\u00e1lat vas\u00e1rnap az MTI-hez eljuttatott orsz\u00e1gos, k\u00f6z\u00e9pt\u00e1v\u00fa el\u0151rejelz\u00e9s\u00e9b\u0151l.<\/p>\n","protected":false},"author":1,"featured_media":0,"comment_status":"open","ping_status":"closed","sticky":false,"template":"","format":"standard","meta":[],"categories":[4,151],"tags":[],"_links":{"self":[{"href":"https:\/\/gazdasagportal.hu\/index.php\/wp-json\/wp\/v2\/posts\/62265"}],"collection":[{"href":"https:\/\/gazdasagportal.hu\/index.php\/wp-json\/wp\/v2\/posts"}],"about":[{"href":"https:\/\/gazdasagportal.hu\/index.php\/wp-json\/wp\/v2\/types\/post"}],"author":[{"embeddable":true,"href":"https:\/\/gazdasagportal.hu\/index.php\/wp-json\/wp\/v2\/users\/1"}],"replies":[{"embeddable":true,"href":"https:\/\/gazdasagportal.hu\/index.php\/wp-json\/wp\/v2\/comments?post=62265"}],"version-history":[{"count":2,"href":"https:\/\/gazdasagportal.hu\/index.php\/wp-json\/wp\/v2\/posts\/62265\/revisions"}],"predecessor-version":[{"id":62277,"href":"https:\/\/gazdasagportal.hu\/index.php\/wp-json\/wp\/v2\/posts\/62265\/revisions\/62277"}],"wp:attachment":[{"href":"https:\/\/gazdasagportal.hu\/index.php\/wp-json\/wp\/v2\/media?parent=62265"}],"wp:term":[{"taxonomy":"category","embeddable":true,"href":"https:\/\/gazdasagportal.hu\/index.php\/wp-json\/wp\/v2\/categories?post=62265"},{"taxonomy":"post_tag","embeddable":true,"href":"https:\/\/gazdasagportal.hu\/index.php\/wp-json\/wp\/v2\/tags?post=62265"}],"curies":[{"name":"wp","href":"https:\/\/api.w.org\/{rel}","templated":true}]}}