{"id":62169,"date":"2015-05-23T02:40:06","date_gmt":"2015-05-23T00:40:06","guid":{"rendered":"http:\/\/stockportal.hu\/?p=62169"},"modified":"2015-05-22T20:43:43","modified_gmt":"2015-05-22T18:43:43","slug":"obama-irannak-nem-lehet-nuklearis-fegyvere","status":"publish","type":"post","link":"https:\/\/gazdasagportal.hu\/index.php\/obama-irannak-nem-lehet-nuklearis-fegyvere\/","title":{"rendered":"Obama: Ir\u00e1nnak nem lehet nukle\u00e1ris fegyvere"},"content":{"rendered":"<p><strong>Ir\u00e1nnak semmilyen k\u00f6r\u00fclm\u00e9nyek k\u00f6z\u00f6tt sem szabad megengedni, hogy nukle\u00e1ris fegyvere legyen &#8211; jelentette ki p\u00e9nteken Barack Obama amerikai eln\u00f6k Washingtonban, az Adas Israel zsid\u00f3 hitk\u00f6zs\u00e9gn\u00e9l tett l\u00e1togat\u00e1sakor.<\/strong><!--more--><\/p>\n<div class=\"ads-in-post1\"><div id=\"gazdasagportal.hu_fullbanner_wideboard\"><\/div>\r\n<\/div>\n<p>    &#8222;Nem fogadok el rossz meg\u00e1llapod\u00e1st&#8221; &#8211; sz\u00f6gezte le az ir\u00e1ni nukle\u00e1ris program korl\u00e1toz\u00e1s\u00e1r\u00f3l folytatott nemzetk\u00f6zi t\u00e1rgyal\u00e1sokkal kapcsolatban az eln\u00f6k. A nyugati orsz\u00e1gok azzal gyan\u00fas\u00edtj\u00e1k Ir\u00e1nt, hogy polg\u00e1ri c\u00e9l\u00fanak mondott atomprogramja leple alatt nukle\u00e1ris fegyver el\u0151\u00e1ll\u00edt\u00e1s\u00e1ra t\u00f6rekszik. Teher\u00e1nt ezt k\u00f6vetkezetesen tagadja.<br \/>\n    Ir\u00e1n \u00e9s a hatok &#8211; az Egyes\u00fclt \u00c1llamok, Oroszorsz\u00e1g, K\u00edna, Franciaorsz\u00e1g, Nagy-Britannia \u00e9s N\u00e9metorsz\u00e1g &#8211; \u00e1prilis 2-\u00e1n m\u00e1r meg\u00e1llapodott egy keretszerz\u0151d\u00e9sben, amely lehet\u0151v\u00e9 teszi egyes ir\u00e1ni polg\u00e1ri c\u00e9l\u00fa nukle\u00e1ris tev\u00e9kenys\u00e9gek folytat\u00e1s\u00e1t \u00e9s azok nemzetk\u00f6zi ellen\u0151rz\u00e9s\u00e9t a Teher\u00e1n elleni szankci\u00f3k felold\u00e1sa fej\u00e9ben. A v\u00e9gleges meg\u00e1llapod\u00e1s bonyolult technikai \u00e9s jogi r\u00e9szleteinek kidolgoz\u00e1s\u00e1ra \u00e9s ny\u00e9lbe \u00fct\u00e9s\u00e9re a felek j\u00fanius v\u00e9g\u00e9t szabt\u00e1k meg hat\u00e1rid\u0151k\u00e9nt.<br \/>\n    Obama r\u00e1mutatott, hogy a neve rajta szerepel majd az egyezm\u00e9nyen, amely nagyobb biztons\u00e1got jelent majd Izrael \u00e9s a vil\u00e1g sz\u00e1m\u00e1ra is.<br \/>\n    Barack Obama meger\u0151s\u00edtette, hogy elk\u00f6telezetts\u00e9ge Izrael biztons\u00e1ga ir\u00e1nt megingathatatlan, \u00e9s az izraelieknek a k\u00e9t korm\u00e1ny k\u00f6z\u00f6tti politikai n\u00e9zetelt\u00e9r\u00e9sek ellen\u00e9re is mindenkor tudat\u00e1ban kell lenni\u00fck annak, hogy az Egyes\u00fclt \u00c1llamok m\u00f6g\u00f6tt\u00fck \u00e1ll. Ugyanakkor arr\u00f3l is sz\u00f3lt, hogy az \u00e9rt\u00e9kek k\u00f6z\u00f6ss\u00e9ge mellett &#8222;\u0151szint\u00e9n&#8221; fog besz\u00e9lni a politikai \u00e1ll\u00e1spontok k\u00fcl\u00f6nb\u00f6z\u0151s\u00e9g\u00e9r\u0151l is, k\u00fcl\u00f6n\u00f6sen a zsid\u00f3 telepek \u00e9p\u00edt\u00e9s\u00e9nek \u00e9s a befagyott izraeli-palesztin b\u00e9kefolyamat \u00fcgy\u00e9ben.<br \/>\n    Obama a &#8222;vil\u00e1gszerte aggaszt\u00f3an er\u0151s\u00f6d\u0151&#8221; antiszemitizmust &#8222;a sz\u00e9lesebb \u00e9rtelemben vett emberi \u00e9rt\u00e9kek elleni fenyeget\u00e9snek&#8221; nevezte.<br \/>\n    Az amerikai eln\u00f6k l\u00e1togat\u00e1sa a hitk\u00f6zs\u00e9gn\u00e9l egybeesett a Solidarity Sabbath (Szombat a Szolidarit\u00e1s jegy\u00e9ben) elnevez\u00e9s\u0171, eur\u00f3pai \u00e9s \u00e9szak-amerikai kezdem\u00e9nyez\u00e9s napj\u00e1val, amely arra ir\u00e1nyul, hogy felh\u00edvja a figyelmet az antiszemitizmus, a gy\u0171l\u00f6letkelt\u00e9s \u00e9s a kirekeszt\u00e9s elleni k\u00fczdelem, valamint a tolerancia fontoss\u00e1g\u00e1ra.<br \/>\n(MTI)<\/p>\n","protected":false},"excerpt":{"rendered":"<p>Ir\u00e1nnak semmilyen k\u00f6r\u00fclm\u00e9nyek k\u00f6z\u00f6tt sem szabad megengedni, hogy nukle\u00e1ris fegyvere legyen &#8211; jelentette ki p\u00e9nteken Barack Obama amerikai eln\u00f6k Washingtonban, az Adas Israel zsid\u00f3 hitk\u00f6zs\u00e9gn\u00e9l tett l\u00e1togat\u00e1sakor.<\/p>\n","protected":false},"author":1,"featured_media":0,"comment_status":"open","ping_status":"closed","sticky":false,"template":"","format":"standard","meta":[],"categories":[16],"tags":[],"_links":{"self":[{"href":"https:\/\/gazdasagportal.hu\/index.php\/wp-json\/wp\/v2\/posts\/62169"}],"collection":[{"href":"https:\/\/gazdasagportal.hu\/index.php\/wp-json\/wp\/v2\/posts"}],"about":[{"href":"https:\/\/gazdasagportal.hu\/index.php\/wp-json\/wp\/v2\/types\/post"}],"author":[{"embeddable":true,"href":"https:\/\/gazdasagportal.hu\/index.php\/wp-json\/wp\/v2\/users\/1"}],"replies":[{"embeddable":true,"href":"https:\/\/gazdasagportal.hu\/index.php\/wp-json\/wp\/v2\/comments?post=62169"}],"version-history":[{"count":1,"href":"https:\/\/gazdasagportal.hu\/index.php\/wp-json\/wp\/v2\/posts\/62169\/revisions"}],"predecessor-version":[{"id":62170,"href":"https:\/\/gazdasagportal.hu\/index.php\/wp-json\/wp\/v2\/posts\/62169\/revisions\/62170"}],"wp:attachment":[{"href":"https:\/\/gazdasagportal.hu\/index.php\/wp-json\/wp\/v2\/media?parent=62169"}],"wp:term":[{"taxonomy":"category","embeddable":true,"href":"https:\/\/gazdasagportal.hu\/index.php\/wp-json\/wp\/v2\/categories?post=62169"},{"taxonomy":"post_tag","embeddable":true,"href":"https:\/\/gazdasagportal.hu\/index.php\/wp-json\/wp\/v2\/tags?post=62169"}],"curies":[{"name":"wp","href":"https:\/\/api.w.org\/{rel}","templated":true}]}}