{"id":62080,"date":"2015-05-22T03:20:21","date_gmt":"2015-05-22T01:20:21","guid":{"rendered":"http:\/\/stockportal.hu\/?p=62080"},"modified":"2015-05-21T21:12:18","modified_gmt":"2015-05-21T19:12:18","slug":"ukran-valsag-no-a-feszultseg-a-kelet-ukrajnai-frontvonal-menten-sebesultek-halottak","status":"publish","type":"post","link":"https:\/\/gazdasagportal.hu\/index.php\/ukran-valsag-no-a-feszultseg-a-kelet-ukrajnai-frontvonal-menten-sebesultek-halottak\/","title":{"rendered":"Ukr\u00e1n v\u00e1ls\u00e1g &#8211; N\u0151 a fesz\u00fclts\u00e9g a kelet-ukrajnai frontvonal ment\u00e9n, sebes\u00fcltek, halottak"},"content":{"rendered":"<p><strong>Az ut\u00f3bbi id\u0151ben szinte nem telik el \u00fagy nap, hogy ne halna meg egyetlen ukr\u00e1n katona sem a kelet-ukrajnai oroszbar\u00e1t szakad\u00e1rokkal v\u00edvott harcokban. A konfliktus \u00f6vezet\u00e9ben az elm\u00falt 24 \u00f3r\u00e1ban egy katona vesztette \u00e9let\u00e9t \u00e9s nyolc sebes\u00fclt meg &#8211; k\u00f6z\u00f6lte cs\u00fct\u00f6rt\u00f6k\u00f6n kijevi sajt\u00f3t\u00e1j\u00e9koztat\u00f3j\u00e1n Olekszandr Motuzjanik ezredes, az eln\u00f6ki hivatal hadm\u0171veleti k\u00e9rd\u00e9sekben illet\u00e9kes sz\u00f3viv\u0151je.<\/strong><!--more--><\/p>\n<div class=\"ads-in-post1\"><div id=\"gazdasagportal.hu_fullbanner_wideboard\"><\/div>\r\n<\/div>\n<p>    Andrij Liszenko katonai sz\u00f3viv\u0151 szerdai t\u00e1j\u00e9koztat\u00f3j\u00e1n arr\u00f3l sz\u00e1molt be, hogy az azt megel\u0151z\u0151 24 \u00f3r\u00e1ban h\u00e1rom katona halt meg \u00e9s 9 szenvedett s\u00e9r\u00fcl\u00e9seket a harcok \u00f6vezet\u00e9ben.<br \/>\n    Motuzjanik szavai szerint egyre hevesebbek a szakad\u00e1rok t\u00e1mad\u00e1sai a frontvonal ment\u00e9n. Az ellens\u00e9ges er\u0151k neh\u00e9zfegyvereket is bevetnek, olyanokat, amelyeket a febru\u00e1r k\u00f6zep\u00e9n k\u00f6t\u00f6tt minszki meg\u00e1llapod\u00e1s \u00e9rtelm\u00e9ben ki kellett volna vonniuk a frontvonal menti z\u00f3n\u00e1b\u00f3l.<br \/>\n    A hadm\u0171veleti parancsnoks\u00e1g k\u00f6zlem\u00e9nye szerint cs\u00fct\u00f6rt\u00f6kre virrad\u00f3an k\u00fcl\u00f6n\u00f6sen fesz\u00fclt volt a helyzet Donyeck k\u00f6rny\u00e9k\u00e9n, ahol t\u00f6bb lakott telep\u00fcl\u00e9st &#8211; k\u00f6zt\u00fck Piszkit, Avgyijivk\u00e1t, Opitn\u00e9t, Krasznohorivk\u00e1t, Marjink\u00e1t &#8211; is aknat\u0171z al\u00e1 vettek a szakad\u00e1rok.<br \/>\n    A frontvonal \u00e9szaki szakasz\u00e1n Luhanszk k\u00f6zel\u00e9ben Scsaszty\u00e1t \u00e9s Sztanicja Luhanszk\u00e1t \u00e9rte t\u00fcz\u00e9rs\u00e9gi t\u00e1mad\u00e1s, d\u00e9len az Azovi-tenper partj\u00e1n fekv\u0151 Sirokine telep\u00fcl\u00e9st.<br \/>\n    K\u00f6zben Vitalij Najda, az ukr\u00e1n biztons\u00e1gi szolg\u00e1lat (SZBU) elh\u00e1r\u00edt\u00e1si r\u00e9szleg\u00e9nek egyik oszt\u00e1lyvezet\u0151je arr\u00f3l besz\u00e9lt cs\u00fct\u00f6rt\u00f6k\u00f6n, hogy a m\u00falt h\u00e9t v\u00e9g\u00e9n a kelet-ukrajnai Luhanszkt\u00f3l \u00e9szakra l\u00e9v\u0151, az ukr\u00e1n hadsereg ellen\u0151rz\u00e9se alatti ter\u00fcleten elfogott k\u00e9t orosz h\u00edrszerz\u0151 katona Ukrajn\u00e1ba vez\u00e9nyelt alakulat\u00e1nak v\u00e9gs\u0151 feladata Scsasztya telep\u00fcl\u00e9s elfoglal\u00e1sa. A Luhanszkhoz k\u00f6zeli, att\u00f3l \u00e9szakra fekv\u0151 Scsaszty\u00e1t jelenleg a korm\u00e1nyer\u0151k tartj\u00e1k ellen\u0151rz\u00e9s\u00fck alatt. A felder\u00edt\u00e9ssel foglalkoz\u00f3 csapat \u00e1ll\u00edt\u00f3lag tavaly szeptember \u00f3ta tev\u00e9kenykedik Ukrajna ter\u00fclet\u00e9n, csaknem h\u00fasz telep\u00fcl\u00e9sen fordultak meg, nem egyszer \u00e1thatoltak a frontvonalnak a fegyveres er\u0151k ellen\u0151rz\u00e9se alatti r\u00e9sz\u00e9re is. Ez id\u0151 alatt legal\u00e1bb n\u00e9gyszer v\u00e1ltott\u00e1k az orosz alakulat tagjait. Az elfogott katon\u00e1k m\u00e1rcius 26-\u00e1n ker\u00fcltek Ukrajn\u00e1ba. Najda szavai szerint a csoport feladatai k\u00f6z\u00e9 tartozott ukr\u00e1n katon\u00e1k, illetve rendv\u00e9delmi szervek tagjainak meg\u00f6l\u00e9se, utak, \u00e9p\u00fcletek al\u00e1akn\u00e1z\u00e1sa \u00e9s t\u00e1mad\u00e1sok el\u0151k\u00e9sz\u00edt\u00e9se felder\u00edt\u00e9si inform\u00e1ci\u00f3k \u00f6sszegy\u0171jt\u00e9s\u00e9vel.<br \/>\n    Markijan Lubkivszkij, az SZBU vezet\u0151j\u00e9nek tan\u00e1csad\u00f3ja ek\u00f6zben arr\u00f3l t\u00e1j\u00e9koztatott, hogy Moszkva k\u00fclk\u00e9pviselet\u00e9r\u0151l konzul m\u00e9g mindig nem kereste fel a v\u00e9delmi miniszt\u00e9rium kijevi katonai k\u00f3rh\u00e1z\u00e1ban fekv\u0151, sebes\u00fclt orosz katon\u00e1kat.(MTI)<\/p>\n","protected":false},"excerpt":{"rendered":"<p>Az ut\u00f3bbi id\u0151ben szinte nem telik el \u00fagy nap, hogy ne halna meg egyetlen ukr\u00e1n katona sem a kelet-ukrajnai oroszbar\u00e1t szakad\u00e1rokkal v\u00edvott harcokban. A konfliktus \u00f6vezet\u00e9ben az elm\u00falt 24 \u00f3r\u00e1ban egy katona vesztette \u00e9let\u00e9t \u00e9s nyolc sebes\u00fclt meg &#8211; k\u00f6z\u00f6lte cs\u00fct\u00f6rt\u00f6k\u00f6n kijevi sajt\u00f3t\u00e1j\u00e9koztat\u00f3j\u00e1n Olekszandr Motuzjanik ezredes, az eln\u00f6ki hivatal hadm\u0171veleti k\u00e9rd\u00e9sekben illet\u00e9kes sz\u00f3viv\u0151je.<\/p>\n","protected":false},"author":1,"featured_media":0,"comment_status":"open","ping_status":"closed","sticky":false,"template":"","format":"standard","meta":[],"categories":[139],"tags":[],"_links":{"self":[{"href":"https:\/\/gazdasagportal.hu\/index.php\/wp-json\/wp\/v2\/posts\/62080"}],"collection":[{"href":"https:\/\/gazdasagportal.hu\/index.php\/wp-json\/wp\/v2\/posts"}],"about":[{"href":"https:\/\/gazdasagportal.hu\/index.php\/wp-json\/wp\/v2\/types\/post"}],"author":[{"embeddable":true,"href":"https:\/\/gazdasagportal.hu\/index.php\/wp-json\/wp\/v2\/users\/1"}],"replies":[{"embeddable":true,"href":"https:\/\/gazdasagportal.hu\/index.php\/wp-json\/wp\/v2\/comments?post=62080"}],"version-history":[{"count":1,"href":"https:\/\/gazdasagportal.hu\/index.php\/wp-json\/wp\/v2\/posts\/62080\/revisions"}],"predecessor-version":[{"id":62081,"href":"https:\/\/gazdasagportal.hu\/index.php\/wp-json\/wp\/v2\/posts\/62080\/revisions\/62081"}],"wp:attachment":[{"href":"https:\/\/gazdasagportal.hu\/index.php\/wp-json\/wp\/v2\/media?parent=62080"}],"wp:term":[{"taxonomy":"category","embeddable":true,"href":"https:\/\/gazdasagportal.hu\/index.php\/wp-json\/wp\/v2\/categories?post=62080"},{"taxonomy":"post_tag","embeddable":true,"href":"https:\/\/gazdasagportal.hu\/index.php\/wp-json\/wp\/v2\/tags?post=62080"}],"curies":[{"name":"wp","href":"https:\/\/api.w.org\/{rel}","templated":true}]}}