{"id":62072,"date":"2015-05-22T03:38:14","date_gmt":"2015-05-22T01:38:14","guid":{"rendered":"http:\/\/stockportal.hu\/?p=62072"},"modified":"2015-05-21T21:04:13","modified_gmt":"2015-05-21T19:04:13","slug":"terrorcselekmeny-elokeszulete-miatt-elozetes-letartoztatasba-helyeztek-egy-kaposvari-ferfit","status":"publish","type":"post","link":"https:\/\/gazdasagportal.hu\/index.php\/terrorcselekmeny-elokeszulete-miatt-elozetes-letartoztatasba-helyeztek-egy-kaposvari-ferfit\/","title":{"rendered":"Terrorcselekm\u00e9ny el\u0151k\u00e9sz\u00fclete miatt el\u0151zetes letart\u00f3ztat\u00e1sba helyeztek egy kaposv\u00e1ri f\u00e9rfit"},"content":{"rendered":"<p><strong>Terrorcselekm\u00e9ny el\u0151k\u00e9sz\u00fclete miatt el\u0151zetes letart\u00f3ztat\u00e1sba helyeztek egy kaposv\u00e1ri f\u00e9rfit &#8211; k\u00f6z\u00f6lte a Somogy megyei f\u0151\u00fcgy\u00e9sz cs\u00fct\u00f6rt\u00f6k\u00f6n az MTI-vel. Horv\u00e1th Szil\u00e1rd az MTI-nek azt mondta: r\u00e9szletes t\u00e1j\u00e9koztat\u00e1st k\u00e9s\u0151bb adnak.<\/strong><!--more--><\/p>\n<div class=\"ads-in-post1\"><div id=\"gazdasagportal.hu_fullbanner_wideboard\"><\/div>\r\n<\/div>\n<p>    A v\u00e1dhat\u00f3s\u00e1g k\u00f6zl\u00e9se szerint a K\u00e9szenl\u00e9ti Rend\u0151rs\u00e9g Nemzeti Nyomoz\u00f3 Iroda folytat nyomoz\u00e1st egy kaposv\u00e1ri f\u00e9rfival szemben terrorcselekm\u00e9ny el\u0151k\u00e9sz\u00fclete \u00e9s robban\u00f3anyaggal, robbant\u00f3szerrel vissza\u00e9l\u00e9s b\u0171ntette miatt.<br \/>\n       A gyan\u00fas\u00edtottat a nyomoz\u00f3 hat\u00f3s\u00e1g \u0151rizetbe vette, majd a Somogy Megyei F\u0151\u00fcgy\u00e9szs\u00e9g cs\u00fct\u00f6rt\u00f6k\u00f6n ind\u00edtv\u00e1nyozta el\u0151zetes letart\u00f3ztat\u00e1s\u00e1t, amelyet a Kaposv\u00e1ri J\u00e1r\u00e1sb\u00edr\u00f3s\u00e1g elrendelt.(MTI)<\/p>\n","protected":false},"excerpt":{"rendered":"<p>Terrorcselekm\u00e9ny el\u0151k\u00e9sz\u00fclete miatt el\u0151zetes letart\u00f3ztat\u00e1sba helyeztek egy kaposv\u00e1ri f\u00e9rfit &#8211; k\u00f6z\u00f6lte a Somogy megyei f\u0151\u00fcgy\u00e9sz cs\u00fct\u00f6rt\u00f6k\u00f6n az MTI-vel. Horv\u00e1th Szil\u00e1rd az MTI-nek azt mondta: r\u00e9szletes t\u00e1j\u00e9koztat\u00e1st k\u00e9s\u0151bb adnak.<\/p>\n","protected":false},"author":1,"featured_media":0,"comment_status":"open","ping_status":"closed","sticky":false,"template":"","format":"standard","meta":[],"categories":[4],"tags":[],"_links":{"self":[{"href":"https:\/\/gazdasagportal.hu\/index.php\/wp-json\/wp\/v2\/posts\/62072"}],"collection":[{"href":"https:\/\/gazdasagportal.hu\/index.php\/wp-json\/wp\/v2\/posts"}],"about":[{"href":"https:\/\/gazdasagportal.hu\/index.php\/wp-json\/wp\/v2\/types\/post"}],"author":[{"embeddable":true,"href":"https:\/\/gazdasagportal.hu\/index.php\/wp-json\/wp\/v2\/users\/1"}],"replies":[{"embeddable":true,"href":"https:\/\/gazdasagportal.hu\/index.php\/wp-json\/wp\/v2\/comments?post=62072"}],"version-history":[{"count":1,"href":"https:\/\/gazdasagportal.hu\/index.php\/wp-json\/wp\/v2\/posts\/62072\/revisions"}],"predecessor-version":[{"id":62073,"href":"https:\/\/gazdasagportal.hu\/index.php\/wp-json\/wp\/v2\/posts\/62072\/revisions\/62073"}],"wp:attachment":[{"href":"https:\/\/gazdasagportal.hu\/index.php\/wp-json\/wp\/v2\/media?parent=62072"}],"wp:term":[{"taxonomy":"category","embeddable":true,"href":"https:\/\/gazdasagportal.hu\/index.php\/wp-json\/wp\/v2\/categories?post=62072"},{"taxonomy":"post_tag","embeddable":true,"href":"https:\/\/gazdasagportal.hu\/index.php\/wp-json\/wp\/v2\/tags?post=62072"}],"curies":[{"name":"wp","href":"https:\/\/api.w.org\/{rel}","templated":true}]}}