{"id":62068,"date":"2015-05-22T03:09:32","date_gmt":"2015-05-22T01:09:32","guid":{"rendered":"http:\/\/stockportal.hu\/?p=62068"},"modified":"2015-05-21T21:00:40","modified_gmt":"2015-05-21T19:00:40","slug":"iszlam-allam-obama-taktikai-kudarcnak-nevezte-ramadi-elestet","status":"publish","type":"post","link":"https:\/\/gazdasagportal.hu\/index.php\/iszlam-allam-obama-taktikai-kudarcnak-nevezte-ramadi-elestet\/","title":{"rendered":"Iszl\u00e1m \u00c1llam &#8211; Obama taktikai kudarcnak nevezte Ram\u00e1di elest\u00e9t"},"content":{"rendered":"<p><strong>Taktikai kudarcnak nevezte Ram\u00e1di nyugat-iraki v\u00e1rosnak az Iszl\u00e1m \u00c1llam (I\u00c1) dzsihadista szervezet \u00e1ltali elfoglal\u00e1s\u00e1t Barack Obama amerikai eln\u00f6k a The Atlantic magazinban cs\u00fct\u00f6rt\u00f6k\u00f6n k\u00f6z\u00f6lt interj\u00faj\u00e1ban.<\/strong><!--more--><\/p>\n<div class=\"ads-in-post1\"><div id=\"gazdasagportal.hu_fullbanner_wideboard\"><\/div>\r\n<\/div>\n<p>    &#8222;Nem hiszem, hogy veszt\u00e9sre \u00e1llunk&#8221; &#8211; nyilatkozta az eln\u00f6k, akinek az I\u00c1 elleni taktik\u00e1j\u00e1t republik\u00e1nus r\u00e9szr\u0151l az elm\u00falt napokban \u00e9les b\u00edr\u00e1latok \u00e9rt\u00e9k. T\u00f6bb vezet\u0151 ellenz\u00e9ki politikus az amerikai er\u0151k iraki jelenl\u00e9t\u00e9nek meger\u0151s\u00edt\u00e9s\u00e9t s\u00fcrgette.<br \/>\n    Obama kijelentette: az Egyes\u00fclt \u00c1llamok nem teheti meg Irak\u00e9rt a biztons\u00e1g\u00e9rt folytatott k\u00fczdelemben azt, amit maguknak az irakiaknak kellene megtenni\u00fck. Szavai szerint korm\u00e1nya a szunnit\u00e1k lakta iraki ter\u00fcleteken nemcsak a katonai kik\u00e9pz\u00e9st k\u00edv\u00e1nja kiterjeszteni, hanem serkenteni akarja a helyi t\u00f6rzsek aktivit\u00e1s\u00e1t is.<br \/>\n    Hangot adott meggy\u0151z\u0151d\u00e9s\u00e9nek, hogy Haider al-Ab\u00e1di iraki minisztereln\u00f6k \u0151szint\u00e9n elk\u00f6telezett a nem kirekeszt\u0151 iraki \u00e1llam mellett, \u00e9s kijelentette: tov\u00e1bbra is arra fogja utas\u00edtani az amerikai hader\u0151t, adjon meg minden t\u00e1mogat\u00e1st az iraki fegyveres er\u0151knek, amire sz\u00fcks\u00e9g\u00fck van az orsz\u00e1g v\u00e9delm\u00e9hez. Emellett diplom\u00e1ciai \u00e9s gazdas\u00e1gi seg\u00edts\u00e9get \u00edg\u00e9rt a k\u00f6zel-keleti orsz\u00e1g stabiliz\u00e1l\u00e1s\u00e1hoz.<br \/>\n    Az ir\u00e1ni nukle\u00e1ris program korl\u00e1toz\u00e1s\u00e1r\u00f3l sz\u00f3l\u00f3 nemzetk\u00f6zi t\u00e1rgyal\u00e1sokr\u00f3l sz\u00f3lva kijelentette: ha Teher\u00e1nnak 20 \u00e9v m\u00falva atomfegyvere lesz, akkor &#8222;azon rajta lesz a neve&#8221;. Hangs\u00falyozta, hogy amerikai nemzetbiztons\u00e1gi \u00e9rdek mellett \u00edgy szem\u00e9lyes \u00e9rdeknek is tekinti ennek megakad\u00e1lyoz\u00e1s\u00e1t.(MTI)<\/p>\n","protected":false},"excerpt":{"rendered":"<p>Taktikai kudarcnak nevezte Ram\u00e1di nyugat-iraki v\u00e1rosnak az Iszl\u00e1m \u00c1llam (I\u00c1) dzsihadista szervezet \u00e1ltali elfoglal\u00e1s\u00e1t Barack Obama amerikai eln\u00f6k a The Atlantic magazinban cs\u00fct\u00f6rt\u00f6k\u00f6n k\u00f6z\u00f6lt interj\u00faj\u00e1ban.<\/p>\n","protected":false},"author":1,"featured_media":0,"comment_status":"open","ping_status":"closed","sticky":false,"template":"","format":"standard","meta":[],"categories":[16],"tags":[],"_links":{"self":[{"href":"https:\/\/gazdasagportal.hu\/index.php\/wp-json\/wp\/v2\/posts\/62068"}],"collection":[{"href":"https:\/\/gazdasagportal.hu\/index.php\/wp-json\/wp\/v2\/posts"}],"about":[{"href":"https:\/\/gazdasagportal.hu\/index.php\/wp-json\/wp\/v2\/types\/post"}],"author":[{"embeddable":true,"href":"https:\/\/gazdasagportal.hu\/index.php\/wp-json\/wp\/v2\/users\/1"}],"replies":[{"embeddable":true,"href":"https:\/\/gazdasagportal.hu\/index.php\/wp-json\/wp\/v2\/comments?post=62068"}],"version-history":[{"count":1,"href":"https:\/\/gazdasagportal.hu\/index.php\/wp-json\/wp\/v2\/posts\/62068\/revisions"}],"predecessor-version":[{"id":62069,"href":"https:\/\/gazdasagportal.hu\/index.php\/wp-json\/wp\/v2\/posts\/62068\/revisions\/62069"}],"wp:attachment":[{"href":"https:\/\/gazdasagportal.hu\/index.php\/wp-json\/wp\/v2\/media?parent=62068"}],"wp:term":[{"taxonomy":"category","embeddable":true,"href":"https:\/\/gazdasagportal.hu\/index.php\/wp-json\/wp\/v2\/categories?post=62068"},{"taxonomy":"post_tag","embeddable":true,"href":"https:\/\/gazdasagportal.hu\/index.php\/wp-json\/wp\/v2\/tags?post=62068"}],"curies":[{"name":"wp","href":"https:\/\/api.w.org\/{rel}","templated":true}]}}