{"id":62044,"date":"2015-05-22T04:04:27","date_gmt":"2015-05-22T02:04:27","guid":{"rendered":"http:\/\/stockportal.hu\/?p=62044"},"modified":"2015-05-21T16:56:11","modified_gmt":"2015-05-21T14:56:11","slug":"vasarnaptol-ujra-teljes-vonalon-jar-a-4-es-es-6-os-villamos","status":"publish","type":"post","link":"https:\/\/gazdasagportal.hu\/index.php\/vasarnaptol-ujra-teljes-vonalon-jar-a-4-es-es-6-os-villamos\/","title":{"rendered":"Vas\u00e1rnapt\u00f3l \u00fajra teljes vonalon j\u00e1r a 4-es \u00e9s 6-os villamos"},"content":{"rendered":"<p><strong>A fel\u00faj\u00edt\u00e1s v\u00e9gezt\u00e9vel vas\u00e1rnapt\u00f3l \u00fajra teljes vonalon j\u00e1r a 4-es \u00e9s 6-os villamos, \u00e9s a k\u00f6z\u00fati forgalomkorl\u00e1toz\u00e1sok is megsz\u0171nnek &#8211; k\u00f6z\u00f6lte a Budapesti K\u00f6zleked\u00e9si K\u00f6zpont cs\u00fct\u00f6rt\u00f6k\u00f6n az MTI-vel.<\/strong><!--more--><\/p>\n<div class=\"ads-in-post1\"><div id=\"gazdasagportal.hu_fullbanner_wideboard\"><\/div>\r\n<\/div>\n<p>    A k\u00f6zlem\u00e9ny szerint vas\u00e1rnapt\u00f3l a nagyk\u00f6r\u00fati villamosok d\u00e9l-budai v\u00e9g\u00e1llom\u00e1sukt\u00f3l a Sz\u00e9ll K\u00e1lm\u00e1n t\u00e9r V\u00e9rmez\u0151 \u00fat menti oldal\u00e1n kialak\u00edtott ideiglenes v\u00e9g\u00e1llom\u00e1sig k\u00f6zlekednek. P\u00e9nteken \u00e9s szombaton elbontj\u00e1k az Oktogonn\u00e1l kialak\u00edtott ideiglenes v\u00e9g\u00e1llom\u00e1st, ez\u00e9rt ezen a k\u00e9t napon a villamosok d\u00e9l-budai v\u00e9g\u00e1llom\u00e1sukt\u00f3l csak a Blaha Lujza t\u00e9rig viszik az utasokat, ahonnan a Sz\u00e9ll K\u00e1lm\u00e1n t\u00e9r fel\u00e9 a 4-6-os jelz\u00e9s\u0171 p\u00f3tl\u00f3busszal lehet tov\u00e1bbutazni. A p\u00e9ntekr\u0151l szombatra virrad\u00f3 \u00e9jszaka 0 \u00e9s 4 \u00f3ra k\u00f6z\u00f6tt a teljes villamosvonalon p\u00f3tl\u00f3busz j\u00e1r.<br \/>\n    A k\u00f6z\u00fati forgalomkorl\u00e1toz\u00e1sok is megsz\u0171nnek: p\u00e9ntekt\u0151l a Margit k\u00f6r\u00fat Keleti K\u00e1roly utcai csom\u00f3pontj\u00e1ban, majd szombatt\u00f3l a R\u00f3mer Fl\u00f3ris utc\u00e1ban, a Margit utca-Mecset utca szerpentinen, valamint a Margit k\u00f6r\u00fat-Fekete Sas utca csom\u00f3pontban vissza\u00e1ll az eredeti forgalmi rend. Vas\u00e1rnapt\u00f3l a kor\u00e1bban a Szent Istv\u00e1n k\u00f6r\u00faton \u00e9s a Ter\u00e9z k\u00f6r\u00faton bevezetett korl\u00e1toz\u00e1sok is megsz\u0171nnek.<br \/>\n    Ugyanakkor a Sz\u00e9ll K\u00e1lm\u00e1n t\u00e9r fel\u00faj\u00edt\u00e1sa, valamint a budai fon\u00f3d\u00f3 villamosh\u00e1l\u00f3zat \u00e9p\u00edt\u00e9se miatt tov\u00e1bbra is kell forgalomkorl\u00e1toz\u00e1sokra sz\u00e1m\u00edtani &#8211; figyelmeztettek.<br \/>\n    A 4-es \u00e9s a 6-os villamos vonal\u00e1n 2015 m\u00e1rcius\u00e1ban kezd\u0151dtek komplex, a Sz\u00e9ll K\u00e1lm\u00e1n t\u00e9r fel\u00faj\u00edt\u00e1s\u00e1val, a budai fon\u00f3d\u00f3 villamosh\u00e1l\u00f3zat ki\u00e9p\u00edt\u00e9s\u00e9vel, valamint a Margit h\u00edd dilat\u00e1ci\u00f3s &#8211; a h\u0151t\u00e1gul\u00e1s miatti mozg\u00e1sokat kiegyenl\u00edt\u0151 &#8211; szerkezeti elemeinek garanci\u00e1lis cser\u00e9j\u00e9vel \u00f6sszehangolt fel\u00faj\u00edt\u00e1si \u00e9s karbantart\u00e1si munk\u00e1k. A Margit h\u00edd budai h\u00eddf\u0151j\u00e9n\u00e9l, a Keleti K\u00e1roly utca, valamint a Sz\u00e9na t\u00e9r k\u00f6rny\u00e9k\u00e9n \u00e9s a Sz\u00e9ll K\u00e1lm\u00e1n t\u00e9ren a budai fon\u00f3d\u00f3 villamosh\u00e1l\u00f3zat v\u00e1g\u00e1ny\u00e9p\u00edt\u00e9se zajlott, a BKV pedig halaszhatatlan p\u00e1lyafel\u00faj\u00edt\u00e1st v\u00e9gzett az Aradi utca \u00e9s a T\u00e1tra utca k\u00f6z\u00f6tt, aminek k\u00f6vetkezt\u00e9ben ezen a vonalszakaszon megsz\u0171ntek a sebess\u00e9gkorl\u00e1toz\u00e1sok.<br \/>\n    Felh\u00edvt\u00e1k a figyelmet arra: azzal, hogy a k\u00e9nyelmetlens\u00e9gekkel j\u00e1r\u00f3 \u00e9p\u00edtkez\u00e9seket egy id\u0151ben v\u00e9gezt\u00e9k, illetve v\u00e9gzik, nemcsak az Eur\u00f3pai Uni\u00f3 \u00e1ltal meghat\u00e1rozott hat\u00e1rid\u0151k tarthat\u00f3ak, de az egym\u00e1shoz k\u00f6zel es\u0151 ter\u00fcleteket sem kell t\u00f6bb k\u00fcl\u00f6nb\u00f6z\u0151 id\u0151pontban lez\u00e1rni, ezzel pedig jelent\u0151s id\u0151t \u00e9s p\u00e9nzt siker\u00fclt megtakar\u00edtani a f\u0151v\u00e1rosban k\u00f6zleked\u0151k sz\u00e1m\u00e1ra.(MTI)<\/p>\n","protected":false},"excerpt":{"rendered":"<p>A fel\u00faj\u00edt\u00e1s v\u00e9gezt\u00e9vel vas\u00e1rnapt\u00f3l \u00fajra teljes vonalon j\u00e1r a 4-es \u00e9s 6-os villamos, \u00e9s a k\u00f6z\u00fati forgalomkorl\u00e1toz\u00e1sok is megsz\u0171nnek &#8211; k\u00f6z\u00f6lte a Budapesti K\u00f6zleked\u00e9si K\u00f6zpont cs\u00fct\u00f6rt\u00f6k\u00f6n az MTI-vel.<\/p>\n","protected":false},"author":1,"featured_media":0,"comment_status":"open","ping_status":"closed","sticky":false,"template":"","format":"standard","meta":[],"categories":[4,151],"tags":[],"_links":{"self":[{"href":"https:\/\/gazdasagportal.hu\/index.php\/wp-json\/wp\/v2\/posts\/62044"}],"collection":[{"href":"https:\/\/gazdasagportal.hu\/index.php\/wp-json\/wp\/v2\/posts"}],"about":[{"href":"https:\/\/gazdasagportal.hu\/index.php\/wp-json\/wp\/v2\/types\/post"}],"author":[{"embeddable":true,"href":"https:\/\/gazdasagportal.hu\/index.php\/wp-json\/wp\/v2\/users\/1"}],"replies":[{"embeddable":true,"href":"https:\/\/gazdasagportal.hu\/index.php\/wp-json\/wp\/v2\/comments?post=62044"}],"version-history":[{"count":1,"href":"https:\/\/gazdasagportal.hu\/index.php\/wp-json\/wp\/v2\/posts\/62044\/revisions"}],"predecessor-version":[{"id":62045,"href":"https:\/\/gazdasagportal.hu\/index.php\/wp-json\/wp\/v2\/posts\/62044\/revisions\/62045"}],"wp:attachment":[{"href":"https:\/\/gazdasagportal.hu\/index.php\/wp-json\/wp\/v2\/media?parent=62044"}],"wp:term":[{"taxonomy":"category","embeddable":true,"href":"https:\/\/gazdasagportal.hu\/index.php\/wp-json\/wp\/v2\/categories?post=62044"},{"taxonomy":"post_tag","embeddable":true,"href":"https:\/\/gazdasagportal.hu\/index.php\/wp-json\/wp\/v2\/tags?post=62044"}],"curies":[{"name":"wp","href":"https:\/\/api.w.org\/{rel}","templated":true}]}}