{"id":61977,"date":"2015-05-21T06:47:00","date_gmt":"2015-05-21T04:47:00","guid":{"rendered":"http:\/\/stockportal.hu\/?p=61977"},"modified":"2015-05-21T06:47:40","modified_gmt":"2015-05-21T04:47:40","slug":"vihar-ma-itt-lesznek-heves-zivatarok-es-jegesok","status":"publish","type":"post","link":"https:\/\/gazdasagportal.hu\/index.php\/vihar-ma-itt-lesznek-heves-zivatarok-es-jegesok\/","title":{"rendered":"Vihar \u2013 Ma itt lesznek heves zivatarok \u00e9s j\u00e9ges\u0151k, m\u00e1sodfok\u00fa riaszt\u00e1s"},"content":{"rendered":"<p><strong>A v\u00e1rhat\u00f3 heves zivatarok \u00e9s a felh\u0151szakad\u00e1s vesz\u00e9lye miatt nyolc megy\u00e9re m\u00e1sod-, n\u00e9gyre \u00e9s a f\u0151v\u00e1rosra els\u0151fok\u00fa figyelmeztet\u00e9st adott ki cs\u00fct\u00f6rt\u00f6kre a meteorol\u00f3giai szolg\u00e1lat.<\/strong><!--more--><\/p>\n<div class=\"ads-in-post1\"><div id=\"gazdasagportal.hu_fullbanner_wideboard\"><\/div>\r\n<\/div>\n<p>    Az Orsz\u00e1gos Meteorol\u00f3giai Szolg\u00e1lat MTI-hez eljuttatott vesz\u00e9lyjelz\u00e9se szerint B\u00e1cs-Kiskun, B\u00e9k\u00e9s, Borsod-Aba\u00faj-Zempl\u00e9n, Csongr\u00e1d, Hajd\u00fa-Bihar, Heves, J\u00e1sz-Nagykun-Szolnok \u00e9s Szabolcs-Szatm\u00e1r-Bereg megy\u00e9ben m\u00e1sodfok\u00fa figyelmeztet\u00e9s van \u00e9rv\u00e9nyben. Ezekben a megy\u00e9kben cs\u00fct\u00f6rt\u00f6k\u00f6n is v\u00e1rhat\u00f3k olyan heves zivatarok, amelyeket ak\u00e1r 90 kilom\u00e9ter\/\u00f3r\u00e1sn\u00e1l er\u0151sebb sz\u00e9l \u00e9s nagy m\u00e9ret\u0171 j\u00e9g k\u00eds\u00e9rhet. Tov\u00e1bb\u00e1 helyenk\u00e9nt r\u00f6vid id\u0151 alatt ak\u00e1r 50 millim\u00e9tern\u00e9l is t\u00f6bb es\u0151 hullhat.<br \/>\n    Baranya, N\u00f3gr\u00e1d, Tolna \u00e9s Pest megy\u00e9re, valamint Budapestre a heves zivatarok \u00e9s a felh\u0151szakad\u00e1s vesz\u00e9lye miatt is els\u0151fok\u00fa figyelmeztet\u00e9st adtak ki cs\u00fct\u00f6rt\u00f6kre.<br \/>\n    A meteorol\u00f3giai szolg\u00e1lat azt \u00edrta: cs\u00fct\u00f6rt\u00f6k\u00f6n nyugaton m\u00e1r stabiliz\u00e1l\u00f3dik a l\u00e9gk\u00f6r, napk\u00f6zben a Dun\u00e1nt\u00falon m\u00e1r kisebb es\u00e9llyel fordulhat el\u0151 zivatar. Ugyanakkor a d\u00e9lut\u00e1n m\u00e1sodik fel\u00e9ben \u00e9s este &#8211; kiemelten az orsz\u00e1g keleti harmad\u00e1n \u2013 tov\u00e1bbra is sz\u00e1m\u00edtani lehet heves zivatarokra.<br \/>\n    Az el\u0151rejelz\u00e9s szerint a legmagasabb h\u0151m\u00e9rs\u00e9klet a Dun\u00e1nt\u00falon 13-18, m\u00e1sutt 20-29 Celsius-fok k\u00f6z\u00f6tt val\u00f3sz\u00edn\u0171, a legmelegebb a Tisz\u00e1nt\u00falon v\u00e1rhat\u00f3. K\u00e9s\u0151 est\u00e9re 13-19 fok k\u00f6z\u00e9 h\u0171l a leveg\u0151.(MTI)<\/p>\n","protected":false},"excerpt":{"rendered":"<p>A v\u00e1rhat\u00f3 heves zivatarok \u00e9s a felh\u0151szakad\u00e1s vesz\u00e9lye miatt nyolc megy\u00e9re m\u00e1sod-, n\u00e9gyre \u00e9s a f\u0151v\u00e1rosra els\u0151fok\u00fa figyelmeztet\u00e9st adott ki cs\u00fct\u00f6rt\u00f6kre a meteorol\u00f3giai szolg\u00e1lat.<\/p>\n","protected":false},"author":1,"featured_media":0,"comment_status":"open","ping_status":"closed","sticky":false,"template":"","format":"standard","meta":[],"categories":[4,151],"tags":[],"_links":{"self":[{"href":"https:\/\/gazdasagportal.hu\/index.php\/wp-json\/wp\/v2\/posts\/61977"}],"collection":[{"href":"https:\/\/gazdasagportal.hu\/index.php\/wp-json\/wp\/v2\/posts"}],"about":[{"href":"https:\/\/gazdasagportal.hu\/index.php\/wp-json\/wp\/v2\/types\/post"}],"author":[{"embeddable":true,"href":"https:\/\/gazdasagportal.hu\/index.php\/wp-json\/wp\/v2\/users\/1"}],"replies":[{"embeddable":true,"href":"https:\/\/gazdasagportal.hu\/index.php\/wp-json\/wp\/v2\/comments?post=61977"}],"version-history":[{"count":2,"href":"https:\/\/gazdasagportal.hu\/index.php\/wp-json\/wp\/v2\/posts\/61977\/revisions"}],"predecessor-version":[{"id":61979,"href":"https:\/\/gazdasagportal.hu\/index.php\/wp-json\/wp\/v2\/posts\/61977\/revisions\/61979"}],"wp:attachment":[{"href":"https:\/\/gazdasagportal.hu\/index.php\/wp-json\/wp\/v2\/media?parent=61977"}],"wp:term":[{"taxonomy":"category","embeddable":true,"href":"https:\/\/gazdasagportal.hu\/index.php\/wp-json\/wp\/v2\/categories?post=61977"},{"taxonomy":"post_tag","embeddable":true,"href":"https:\/\/gazdasagportal.hu\/index.php\/wp-json\/wp\/v2\/tags?post=61977"}],"curies":[{"name":"wp","href":"https:\/\/api.w.org\/{rel}","templated":true}]}}