{"id":61847,"date":"2015-05-19T21:50:45","date_gmt":"2015-05-19T19:50:45","guid":{"rendered":"http:\/\/stockportal.hu\/?p=61847"},"modified":"2015-05-19T21:50:45","modified_gmt":"2015-05-19T19:50:45","slug":"baleset-miatt-lezartak-az-m7-es-autopalyat-savolynal","status":"publish","type":"post","link":"https:\/\/gazdasagportal.hu\/index.php\/baleset-miatt-lezartak-az-m7-es-autopalyat-savolynal\/","title":{"rendered":"Baleset miatt lez\u00e1rt\u00e1k az M7-es aut\u00f3p\u00e1ly\u00e1t S\u00e1volyn\u00e1l"},"content":{"rendered":"<p><strong>A S\u00e1voly t\u00e9rs\u00e9g\u00e9ben t\u00f6rt\u00e9nt baleset helysz\u00edn\u00e9n a m\u0171szaki ment\u00e9s miatt Budapest fel\u00e9 tov\u00e1bbra is \u00fatlez\u00e1r\u00e1s van \u00e9rv\u00e9nyben az M7-esen, Nagykanizsa fel\u00e9 viszont m\u00e1r zavartalanul halad a forgalom &#8211; k\u00f6z\u00f6lte a Somogy Megyei Rend\u0151r-f\u0151kapit\u00e1nys\u00e1g kedd este honlapj\u00e1n.<\/strong><!--more--><\/p>\n<div class=\"ads-in-post1\"><div id=\"gazdasagportal.hu_fullbanner_wideboard\"><\/div>\r\n<\/div>\n<p>    Egy nyerges vontat\u00f3 kedd d\u00e9lut\u00e1n \u00e1tszak\u00edtotta az aut\u00f3p\u00e1lya bels\u0151 szalagkorl\u00e1tj\u00e1t az M7-es 184-es kilom\u00e9ter\u00e9n\u00e9l, S\u00e1voly t\u00e9rs\u00e9g\u00e9ben, a p\u00e1ly\u00e1t a f\u0151v\u00e1ros ir\u00e1ny\u00e1ba lez\u00e1rt\u00e1k. A sof\u0151r megs\u00e9r\u00fclt, a teherg\u00e9pkocsi rakom\u00e1nya &#8211; csaknem 26 tonn\u00e1nyi kukorica\u0151rlem\u00e9ny &#8211; az \u00fattestre sz\u00f3r\u00f3dott.<br \/>\n    A rend\u0151rs\u00e9g k\u00f6zl\u00e9se szerint a f\u0151v\u00e1ros fel\u00e9 halad\u00f3 forgalmat a 191-es kilom\u00e9tern\u00e9l a 7-es f\u0151\u00fatra terelik, visszat\u00e9rni a 183-as kilom\u00e9tern\u00e9l lehet. Nagykanizsa fel\u00e9 egy ideig csak a le\u00e1ll\u00f3s\u00e1vban lehetett k\u00f6zlekedni.(MTI)<\/p>\n","protected":false},"excerpt":{"rendered":"<p>A S\u00e1voly t\u00e9rs\u00e9g\u00e9ben t\u00f6rt\u00e9nt baleset helysz\u00edn\u00e9n a m\u0171szaki ment\u00e9s miatt Budapest fel\u00e9 tov\u00e1bbra is \u00fatlez\u00e1r\u00e1s van \u00e9rv\u00e9nyben az M7-esen, Nagykanizsa fel\u00e9 viszont m\u00e1r zavartalanul halad a forgalom &#8211; k\u00f6z\u00f6lte a Somogy Megyei Rend\u0151r-f\u0151kapit\u00e1nys\u00e1g kedd este honlapj\u00e1n.<\/p>\n","protected":false},"author":1,"featured_media":0,"comment_status":"open","ping_status":"closed","sticky":false,"template":"","format":"standard","meta":[],"categories":[4,151],"tags":[],"_links":{"self":[{"href":"https:\/\/gazdasagportal.hu\/index.php\/wp-json\/wp\/v2\/posts\/61847"}],"collection":[{"href":"https:\/\/gazdasagportal.hu\/index.php\/wp-json\/wp\/v2\/posts"}],"about":[{"href":"https:\/\/gazdasagportal.hu\/index.php\/wp-json\/wp\/v2\/types\/post"}],"author":[{"embeddable":true,"href":"https:\/\/gazdasagportal.hu\/index.php\/wp-json\/wp\/v2\/users\/1"}],"replies":[{"embeddable":true,"href":"https:\/\/gazdasagportal.hu\/index.php\/wp-json\/wp\/v2\/comments?post=61847"}],"version-history":[{"count":1,"href":"https:\/\/gazdasagportal.hu\/index.php\/wp-json\/wp\/v2\/posts\/61847\/revisions"}],"predecessor-version":[{"id":61848,"href":"https:\/\/gazdasagportal.hu\/index.php\/wp-json\/wp\/v2\/posts\/61847\/revisions\/61848"}],"wp:attachment":[{"href":"https:\/\/gazdasagportal.hu\/index.php\/wp-json\/wp\/v2\/media?parent=61847"}],"wp:term":[{"taxonomy":"category","embeddable":true,"href":"https:\/\/gazdasagportal.hu\/index.php\/wp-json\/wp\/v2\/categories?post=61847"},{"taxonomy":"post_tag","embeddable":true,"href":"https:\/\/gazdasagportal.hu\/index.php\/wp-json\/wp\/v2\/tags?post=61847"}],"curies":[{"name":"wp","href":"https:\/\/api.w.org\/{rel}","templated":true}]}}