{"id":61839,"date":"2015-05-19T21:42:10","date_gmt":"2015-05-19T19:42:10","guid":{"rendered":"http:\/\/stockportal.hu\/?p=61839"},"modified":"2015-05-19T21:42:10","modified_gmt":"2015-05-19T19:42:10","slug":"nyugallomanyu-pilota-fekhiba-tortenhetett-a-gripen-balesetnel","status":"publish","type":"post","link":"https:\/\/gazdasagportal.hu\/index.php\/nyugallomanyu-pilota-fekhiba-tortenhetett-a-gripen-balesetnel\/","title":{"rendered":"Nyug\u00e1llom\u00e1ny\u00fa pil\u00f3ta: f\u00e9khiba t\u00f6rt\u00e9nhetett a Gripen-balesetn\u00e9l"},"content":{"rendered":"<p><strong>Murguly Guszt\u00e1v nyug\u00e1llom\u00e1ny\u00fa Gripen-pil\u00f3ta szerint f\u00e9khiba okozta a Magyar Honv\u00e9ds\u00e9g Gripen t\u00edpus\u00fa vad\u00e1szg\u00e9p\u00e9nek keddi csehorsz\u00e1gi baleset\u00e9t.<\/strong><!--more--><\/p>\n<div class=\"ads-in-post1\"><div id=\"gazdasagportal.hu_fullbanner_wideboard\"><\/div>\r\n<\/div>\n<p>    Val\u00f3sz\u00edn\u0171leg lesz\u00e1ll\u00e1s k\u00f6zben &#8222;nem m\u0171k\u00f6d\u00f6tt a rep\u00fcl\u0151g\u00e9p f\u00e9krendszere, illetve ir\u00e1ny\u00edthatatlann\u00e1 v\u00e1lt&#8221;, ez\u00e9rt a k\u00e9t pil\u00f3t\u00e1nak katapult\u00e1lnia kellett, mert ilyenkor nagy a vesz\u00e9lye, hogy valamivel \u00f6ssze\u00fctk\u00f6znek, \u00e9s m\u00e9g nagyobb baj t\u00f6rt\u00e9nik &#8211; mondta Murguly Guszt\u00e1v az M1 aktu\u00e1lis csatorna H\u00edrad\u00f3j\u00e1nak.<br \/>\n    M\u00e9sz\u00e1ros L\u00e1szl\u00f3, a Magyar Rep\u00fcl\u0151sz\u00f6vets\u00e9g eln\u00f6ke ugyancsak az M1 H\u00edrad\u00f3j\u00e1nak elmondta: a katapult\u00e1l\u00e1s nagyon bonyolult folyamat, m\u00e1sk\u00e9pp kell v\u00e9grehajtani nagy, k\u00f6zepes magass\u00e1gban, vagy k\u00f6zvetlen\u00fcl a f\u00f6ldr\u0151l.<br \/>\n    A korszer\u0171 rep\u00fcl\u0151g\u00e9pek olyan katapulttal rendelkeznek, amely m\u0171k\u00f6dtethet\u0151 a f\u00f6ldr\u0151l, \u00e1ll\u00f3 helyzetb\u0151l is, \u00e9s a katapult\u00e1l\u00e1s ut\u00e1n sikeresen f\u00f6ldet tud \u00e9rni a pil\u00f3ta &#8211; tette hozz\u00e1.<br \/>\n    A Magyar Honv\u00e9ds\u00e9g Gripen t\u00edpus\u00fa vad\u00e1szg\u00e9pe f\u00f6ldet \u00e9r\u00e9s ut\u00e1n t\u00falfutott a kifut\u00f3p\u00e1ly\u00e1n kedd kora d\u00e9lut\u00e1n a Pr\u00e1g\u00e1t\u00f3l keletre fekv\u0151 C\u00e1slav katonai rep\u00fcl\u0151t\u00e9ren, a k\u00e9t pil\u00f3ta katapult\u00e1lt &#8211; k\u00f6z\u00f6lte a Honv\u00e9delmi Miniszt\u00e9rium (HM) az MTI-vel, hozz\u00e1t\u00e9ve: a szem\u00e9lyzet a biztons\u00e1gi protokollnak megfelel\u0151en d\u00f6nt\u00f6tt a katapult\u00e1l\u00e1s mellett, a pil\u00f3t\u00e1k nem s\u00e9r\u00fcltek meg.(MTI)<\/p>\n","protected":false},"excerpt":{"rendered":"<p>Murguly Guszt\u00e1v nyug\u00e1llom\u00e1ny\u00fa Gripen-pil\u00f3ta szerint f\u00e9khiba okozta a Magyar Honv\u00e9ds\u00e9g Gripen t\u00edpus\u00fa vad\u00e1szg\u00e9p\u00e9nek keddi csehorsz\u00e1gi baleset\u00e9t.<\/p>\n","protected":false},"author":1,"featured_media":0,"comment_status":"open","ping_status":"closed","sticky":false,"template":"","format":"standard","meta":[],"categories":[4],"tags":[],"_links":{"self":[{"href":"https:\/\/gazdasagportal.hu\/index.php\/wp-json\/wp\/v2\/posts\/61839"}],"collection":[{"href":"https:\/\/gazdasagportal.hu\/index.php\/wp-json\/wp\/v2\/posts"}],"about":[{"href":"https:\/\/gazdasagportal.hu\/index.php\/wp-json\/wp\/v2\/types\/post"}],"author":[{"embeddable":true,"href":"https:\/\/gazdasagportal.hu\/index.php\/wp-json\/wp\/v2\/users\/1"}],"replies":[{"embeddable":true,"href":"https:\/\/gazdasagportal.hu\/index.php\/wp-json\/wp\/v2\/comments?post=61839"}],"version-history":[{"count":1,"href":"https:\/\/gazdasagportal.hu\/index.php\/wp-json\/wp\/v2\/posts\/61839\/revisions"}],"predecessor-version":[{"id":61840,"href":"https:\/\/gazdasagportal.hu\/index.php\/wp-json\/wp\/v2\/posts\/61839\/revisions\/61840"}],"wp:attachment":[{"href":"https:\/\/gazdasagportal.hu\/index.php\/wp-json\/wp\/v2\/media?parent=61839"}],"wp:term":[{"taxonomy":"category","embeddable":true,"href":"https:\/\/gazdasagportal.hu\/index.php\/wp-json\/wp\/v2\/categories?post=61839"},{"taxonomy":"post_tag","embeddable":true,"href":"https:\/\/gazdasagportal.hu\/index.php\/wp-json\/wp\/v2\/tags?post=61839"}],"curies":[{"name":"wp","href":"https:\/\/api.w.org\/{rel}","templated":true}]}}