{"id":61748,"date":"2015-05-19T03:01:17","date_gmt":"2015-05-19T01:01:17","guid":{"rendered":"http:\/\/stockportal.hu\/?p=61748"},"modified":"2015-05-18T22:12:18","modified_gmt":"2015-05-18T20:12:18","slug":"iszlam-allam-egyiptomi-nok-csak-hatosagi-engedellyel-utazhatnak-torokorszagba-nehogy-a-dzsihadistakhoz-csatlakozzanak","status":"publish","type":"post","link":"https:\/\/gazdasagportal.hu\/index.php\/iszlam-allam-egyiptomi-nok-csak-hatosagi-engedellyel-utazhatnak-torokorszagba-nehogy-a-dzsihadistakhoz-csatlakozzanak\/","title":{"rendered":"Iszl\u00e1m \u00c1llam &#8211; Egyiptomi n\u0151k csak hat\u00f3s\u00e1gi enged\u00e9llyel utazhatnak T\u00f6r\u00f6korsz\u00e1gba, nehogy a dzsihadist\u00e1khoz csatlakozzanak"},"content":{"rendered":"<p><strong>A 18 \u00e9s 40 \u00e9v k\u00f6z\u00f6tti egyiptomi n\u0151k mostant\u00f3l csak k\u00fcl\u00f6n enged\u00e9llyel utazhatnak T\u00f6r\u00f6korsz\u00e1gba, mivel a kair\u00f3i hat\u00f3s\u00e1gok \u00edgy akarj\u00e1k megakad\u00e1lyozni, hogy egyre t\u00f6bb muzulm\u00e1n asszonyt cs\u00e1b\u00edtsanak magukhoz az Iszl\u00e1m \u00c1llam (I\u00c1) dzsihadista szervezet harcosai &#8211; adta h\u00edr\u00fcl honlapj\u00e1n az al-Vatan c\u00edm\u0171 egyiptomi napilap h\u00e9tf\u0151n.<\/strong><!--more--><\/p>\n<div class=\"ads-in-post1\"><div id=\"gazdasagportal.hu_fullbanner_wideboard\"><\/div>\r\n<\/div>\n<p>    A kair\u00f3i rep\u00fcl\u0151t\u00e9ren m\u00e1r p\u00e9nteken visszaford\u00edtottak nyolc T\u00f6r\u00f6korsz\u00e1gba k\u00e9sz\u00fcl\u0151 n\u0151t, akiket a biztons\u00e1giak arra utas\u00edtottak, folyamodjanak enged\u00e9ly\u00e9rt az \u00fatlev\u00e9lhat\u00f3s\u00e1ghoz.<br \/>\n    Sajt\u00f3\u00e9rtes\u00fcl\u00e9sek szerint a &#8222;biztons\u00e1gi ellen\u0151rz\u00e9s&#8221; h\u00e1rom napot vesz ig\u00e9nybe. A 18 \u00e9s 40 k\u00f6z\u00f6tti f\u00e9rfiakra vonatkoz\u00f3an m\u00e1r december \u00f3ta hasonl\u00f3 rendelet van \u00e9rv\u00e9nyben.<br \/>\n    Megfigyel\u0151k szerint az I\u00c1-hoz csatlakozni v\u00e1gy\u00f3k t\u00f6bbs\u00e9ge T\u00f6r\u00f6korsz\u00e1gon kereszt\u00fcl jut el a dzsihadista szervezet \u00e1ltal uralt sz\u00edriai ter\u00fcletekre. T\u00f6r\u00f6korsz\u00e1g t\u00f6bb sz\u00e1z kilom\u00e9teres szakaszon hat\u00e1ros a n\u00e9gy \u00e9ve polg\u00e1rh\u00e1bor\u00fa s\u00fajtotta k\u00f6zel-keleti orsz\u00e1ggal.<br \/>\n    Egyiptom k\u00f6zponti vall\u00e1sjogi int\u00e9zm\u00e9nye, a D\u00e1r al-Ift\u00e1 m\u00e1r m\u00e1rciusban arra figyelmeztette az egyiptomi n\u0151ket, hogy ne k\u00f6ssenek &#8222;internetes h\u00e1zass\u00e1got&#8221; az I\u00c1 harcosaival. Az online frigyet k\u00f6vet\u0151en a dzsihadist\u00e1k \u00e1ltal\u00e1ban az I\u00c1 \u00e1ltal uralt sz\u00edriai \u00e9s iraki ter\u00fcletekre cs\u00e1b\u00edtj\u00e1k az egyiptomi muzulm\u00e1n asszonyokat.<br \/>\n    Kair\u00f3 az iszlamista eln\u00f6k, Mohamed Murszi 2013-as elmozd\u00edt\u00e1sa \u00f3ta elkeseredett harcot v\u00edv az orsz\u00e1gban tev\u00e9keny sz\u00e9ls\u0151s\u00e9ges mil\u00edci\u00e1k, k\u00f6zt\u00fck az I\u00c1 egyiptomi \u00e1ga ellen. Az elm\u00falt k\u00e9t napban h\u00e1rom b\u00edr\u00f3, egy civil \u00e9s egy rend\u0151r v\u00e1lt fegyveres rajta\u00fct\u00e9s \u00e1ldozat\u00e1v\u00e1, tov\u00e1bb\u00e1 k\u00e9t b\u00edr\u00f3s\u00e1gi \u00e9p\u00fclet el\u0151tt robbantottak. A mer\u00e9nyleteket val\u00f3sz\u00edn\u0171leg arra v\u00e1laszul hajtott\u00e1k v\u00e9gre, hogy szombaton Murszit \u00e9s a m\u00f6g\u00f6tte \u00e1ll\u00f3 Muzulm\u00e1n Testv\u00e9ris\u00e9g sz\u00e1mos vezet\u0151j\u00e9t hal\u00e1lra \u00edt\u00e9lt\u00e9k. Vas\u00e1rnap pedig terrorv\u00e1dak miatt felakasztottak hat embert Kair\u00f3ban.<br \/>\n    Kair\u00f3 az I\u00c1 soraiban harci tapasztalatot szerzett, Sz\u00edri\u00e1b\u00f3l, Irakb\u00f3l \u00e9s L\u00edbi\u00e1b\u00f3l visszat\u00e9r\u0151 egyiptomiakat tartja az egyik legnagyobb nemzetbiztons\u00e1gi vesz\u00e9lynek. A f\u0151\u00fcgy\u00e9szs\u00e9g ez\u00e9rt febru\u00e1rban sz\u00e9lesk\u00f6r\u0171 vizsg\u00e1latot jelentett be egyebek mellett annak \u00e9rdek\u00e9ben, hogy kider\u00fclj\u00f6n, h\u00e1ny egyiptomi harcos k\u00fczd a dzsihadist\u00e1k oldal\u00e1n.<br \/>\n    A k\u00fcl\u00f6nb\u00f6z\u0151 k\u00f6zel-keleti sz\u00e9ls\u0151s\u00e9ges csoportok oldal\u00e1n harcol\u00f3 egyiptomiak sz\u00e1m\u00e1t egy londoni sz\u00e9khely\u0171 f\u00fcggetlen szervezet h\u00e1romsz\u00e1zhatvanra becs\u00fclte. A Nemzetk\u00f6zi Szervezet a Radikaliz\u00e1ci\u00f3 \u00e9s Politikai Er\u0151szak Tanulm\u00e1nyoz\u00e1s\u00e1\u00e9rt janu\u00e1rban kiadott jelent\u00e9se szerint az Irakban \u00e9s Sz\u00edri\u00e1ban harcol\u00f3 k\u00fclf\u00f6ldiek sz\u00e1ma \u00f6sszesen a 20 ezret is el\u00e9ri, s ebb\u0151l 11 ezren a K\u00f6zel-Keletr\u0151l \u00e9rkeztek a polg\u00e1rh\u00e1bor\u00fas orsz\u00e1gokba.(MTI)<\/p>\n","protected":false},"excerpt":{"rendered":"<p>A 18 \u00e9s 40 \u00e9v k\u00f6z\u00f6tti egyiptomi n\u0151k mostant\u00f3l csak k\u00fcl\u00f6n enged\u00e9llyel utazhatnak T\u00f6r\u00f6korsz\u00e1gba, mivel a kair\u00f3i hat\u00f3s\u00e1gok \u00edgy akarj\u00e1k megakad\u00e1lyozni, hogy egyre t\u00f6bb muzulm\u00e1n asszonyt cs\u00e1b\u00edtsanak magukhoz az Iszl\u00e1m \u00c1llam (I\u00c1) dzsihadista szervezet harcosai &#8211; adta h\u00edr\u00fcl honlapj\u00e1n az al-Vatan c\u00edm\u0171 egyiptomi napilap h\u00e9tf\u0151n.<\/p>\n","protected":false},"author":1,"featured_media":0,"comment_status":"open","ping_status":"closed","sticky":false,"template":"","format":"standard","meta":[],"categories":[16],"tags":[],"_links":{"self":[{"href":"https:\/\/gazdasagportal.hu\/index.php\/wp-json\/wp\/v2\/posts\/61748"}],"collection":[{"href":"https:\/\/gazdasagportal.hu\/index.php\/wp-json\/wp\/v2\/posts"}],"about":[{"href":"https:\/\/gazdasagportal.hu\/index.php\/wp-json\/wp\/v2\/types\/post"}],"author":[{"embeddable":true,"href":"https:\/\/gazdasagportal.hu\/index.php\/wp-json\/wp\/v2\/users\/1"}],"replies":[{"embeddable":true,"href":"https:\/\/gazdasagportal.hu\/index.php\/wp-json\/wp\/v2\/comments?post=61748"}],"version-history":[{"count":1,"href":"https:\/\/gazdasagportal.hu\/index.php\/wp-json\/wp\/v2\/posts\/61748\/revisions"}],"predecessor-version":[{"id":61749,"href":"https:\/\/gazdasagportal.hu\/index.php\/wp-json\/wp\/v2\/posts\/61748\/revisions\/61749"}],"wp:attachment":[{"href":"https:\/\/gazdasagportal.hu\/index.php\/wp-json\/wp\/v2\/media?parent=61748"}],"wp:term":[{"taxonomy":"category","embeddable":true,"href":"https:\/\/gazdasagportal.hu\/index.php\/wp-json\/wp\/v2\/categories?post=61748"},{"taxonomy":"post_tag","embeddable":true,"href":"https:\/\/gazdasagportal.hu\/index.php\/wp-json\/wp\/v2\/tags?post=61748"}],"curies":[{"name":"wp","href":"https:\/\/api.w.org\/{rel}","templated":true}]}}