{"id":61736,"date":"2015-05-19T00:49:38","date_gmt":"2015-05-18T22:49:38","guid":{"rendered":"http:\/\/stockportal.hu\/?p=61736"},"modified":"2015-05-18T21:51:25","modified_gmt":"2015-05-18T19:51:25","slug":"alig-nott-az-allamadossag-az-elso-negyedevben","status":"publish","type":"post","link":"https:\/\/gazdasagportal.hu\/index.php\/alig-nott-az-allamadossag-az-elso-negyedevben\/","title":{"rendered":"Alig n\u0151tt az \u00e1llamad\u00f3ss\u00e1g az els\u0151 negyed\u00e9vben"},"content":{"rendered":"<p><strong>Az \u00e1llamad\u00f3ss\u00e1g els\u0151 negyed\u00e9vi, a GDP-hez m\u00e9rt 0,3 sz\u00e1zal\u00e9kpontos n\u00f6veked\u00e9s\u00e9t pozit\u00edvan \u00e9rt\u00e9kelte Banai P\u00e9ter Ben\u0151, a Nemzetgazdas\u00e1gi Miniszt\u00e9rium (NGM) \u00e1llamh\u00e1ztart\u00e1s\u00e9rt felel\u0151s \u00e1llamtitk\u00e1ra az M1 aktu\u00e1lis csatorna h\u00e9tf\u0151i m\u0171sor\u00e1ban.<\/strong><!--more--><\/p>\n<div class=\"ads-in-post1\"><div id=\"gazdasagportal.hu_fullbanner_wideboard\"><\/div>\r\n<\/div>\n<p>    Arra a k\u00e9rd\u00e9sre, hogy 2016-ra el\u00e9rhet\u0151-e a 69 sz\u00e1zal\u00e9kos GDP-ar\u00e1nyos hi\u00e1ny, az \u00e1llamtitk\u00e1r \u00fagy v\u00e9lekedett, hogy ez re\u00e1lis forgat\u00f3k\u00f6nyv. Ugyanakkor jelezte: ez f\u00fcgg a GDP n\u00f6veked\u00e9s\u00e9t\u0151l, az \u00e1llam fegyelmezett gazd\u00e1lkod\u00e1s\u00e1t\u00f3l, valamint a deviza\u00e1rfolyamt\u00f3l is.<br \/>\n    Szint\u00e9n pozit\u00edvan \u00e9rt\u00e9kelte Banai P\u00e9ter Ben\u0151, hogy az \u00e1llamad\u00f3ss\u00e1gon bel\u00fcl az ut\u00f3bbi \u00e9vekben 52 sz\u00e1zal\u00e9kr\u00f3l 36 sz\u00e1zal\u00e9kra cs\u00f6kkent a devizaad\u00f3ss\u00e1g ar\u00e1nya, a lakoss\u00e1gi finansz\u00edroz\u00e1s pedig megdupl\u00e1z\u00f3dott. Ez ut\u00f3bbi az\u00e9rt k\u00f6vetkezhetett be, mivel a lakoss\u00e1gi megtakar\u00edt\u00e1s a GDP 7,5 sz\u00e1zal\u00e9k\u00e1ra n\u00f6vekedett.(MTI)<\/p>\n","protected":false},"excerpt":{"rendered":"<p>Az \u00e1llamad\u00f3ss\u00e1g els\u0151 negyed\u00e9vi, a GDP-hez m\u00e9rt 0,3 sz\u00e1zal\u00e9kpontos n\u00f6veked\u00e9s\u00e9t pozit\u00edvan \u00e9rt\u00e9kelte Banai P\u00e9ter Ben\u0151, a Nemzetgazdas\u00e1gi Miniszt\u00e9rium (NGM) \u00e1llamh\u00e1ztart\u00e1s\u00e9rt felel\u0151s \u00e1llamtitk\u00e1ra az M1 aktu\u00e1lis csatorna h\u00e9tf\u0151i m\u0171sor\u00e1ban.<\/p>\n","protected":false},"author":1,"featured_media":0,"comment_status":"open","ping_status":"closed","sticky":false,"template":"","format":"standard","meta":[],"categories":[19],"tags":[],"_links":{"self":[{"href":"https:\/\/gazdasagportal.hu\/index.php\/wp-json\/wp\/v2\/posts\/61736"}],"collection":[{"href":"https:\/\/gazdasagportal.hu\/index.php\/wp-json\/wp\/v2\/posts"}],"about":[{"href":"https:\/\/gazdasagportal.hu\/index.php\/wp-json\/wp\/v2\/types\/post"}],"author":[{"embeddable":true,"href":"https:\/\/gazdasagportal.hu\/index.php\/wp-json\/wp\/v2\/users\/1"}],"replies":[{"embeddable":true,"href":"https:\/\/gazdasagportal.hu\/index.php\/wp-json\/wp\/v2\/comments?post=61736"}],"version-history":[{"count":1,"href":"https:\/\/gazdasagportal.hu\/index.php\/wp-json\/wp\/v2\/posts\/61736\/revisions"}],"predecessor-version":[{"id":61737,"href":"https:\/\/gazdasagportal.hu\/index.php\/wp-json\/wp\/v2\/posts\/61736\/revisions\/61737"}],"wp:attachment":[{"href":"https:\/\/gazdasagportal.hu\/index.php\/wp-json\/wp\/v2\/media?parent=61736"}],"wp:term":[{"taxonomy":"category","embeddable":true,"href":"https:\/\/gazdasagportal.hu\/index.php\/wp-json\/wp\/v2\/categories?post=61736"},{"taxonomy":"post_tag","embeddable":true,"href":"https:\/\/gazdasagportal.hu\/index.php\/wp-json\/wp\/v2\/tags?post=61736"}],"curies":[{"name":"wp","href":"https:\/\/api.w.org\/{rel}","templated":true}]}}