{"id":61576,"date":"2015-05-16T14:29:12","date_gmt":"2015-05-16T12:29:12","guid":{"rendered":"http:\/\/stockportal.hu\/?p=61576"},"modified":"2015-05-16T14:29:12","modified_gmt":"2015-05-16T12:29:12","slug":"halalra-iteltek-mohamed-murszi-volt-egyiptomi-elnokot","status":"publish","type":"post","link":"https:\/\/gazdasagportal.hu\/index.php\/halalra-iteltek-mohamed-murszi-volt-egyiptomi-elnokot\/","title":{"rendered":"Hal\u00e1lra \u00edt\u00e9lt\u00e9k Mohamed Murszi volt egyiptomi eln\u00f6k\u00f6t"},"content":{"rendered":"<p><strong>Hal\u00e1lra \u00edt\u00e9lt\u00e9k szombaton Mohamed Murszi volt egyiptomi eln\u00f6k\u00f6t abban a perben, amelyet azzal a v\u00e1ddal ind\u00edtottak ellene, hogy &#8222;k\u00fclf\u00f6ldi fegyveresek&#8221; seg\u00edts\u00e9g\u00e9vel kit\u00f6rt b\u00f6rt\u00f6n\u00e9b\u0151l a 2011-es egyiptomi felkel\u00e9s els\u0151 napjaiban.<\/strong><!--more--><\/p>\n<div class=\"ads-in-post1\"><div id=\"gazdasagportal.hu_fullbanner_wideboard\"><\/div>\r\n<\/div>\n<p>    Saab\u00e1n es-S\u00e1mi b\u00edr\u00f3 Murszi mellett 106 tov\u00e1bbi, ugyanebben a perben hal\u00e1lra \u00edt\u00e9lt pap\u00edrjait k\u00fcldte az egyiptomi f\u0151muftihoz, mert az orsz\u00e1g el\u0151\u00edr\u00e1sai szerint csak a legf\u0151bb vall\u00e1si m\u00e9lt\u00f3s\u00e1g j\u00f3v\u00e1hagy\u00e1s\u00e1t figyelembe v\u00e9ve v\u00e9gleges\u00edtik a hal\u00e1lb\u00fcntet\u00e9seket.<br \/>\n    Az el\u00edt\u00e9ltek k\u00f6z\u00f6tt van az iszlamista exeln\u00f6k m\u00f6g\u00f6tt \u00e1ll\u00f3 Muzulm\u00e1n Testv\u00e9ris\u00e9g szervezet vezet\u0151je, Mohamed Bad\u00ede, \u00e9s a mozgalom egyik legismertebb t\u00e1mogat\u00f3ja, az \u00e9vtizedek \u00f3ta katari sz\u00e1m\u0171zet\u00e9sben \u00e9l\u0151 iszl\u00e1m hitsz\u00f3nok, J\u00faszuf el-Karad\u00e1vi is.<br \/>\n    Az iszlamista politikusok egym\u00e1sba karolva fogadt\u00e1k az \u00edt\u00e9lethirdet\u00e9st. A v\u00e1dlottaknak fel\u00e1ll\u00edtott, hangszigetelt \u00fcveggel k\u00f6rbevett vasketrecb\u0151l alig hallhat\u00f3an olyan ki\u00e1lt\u00e1sok sz\u0171r\u0151dtek ki, mint &#8222;le a katonai hatalommal&#8221; \u00e9s &#8222;szabad forradalm\u00e1rok egy\u00fctt folytatjuk&#8221;.<br \/>\n    Egy tov\u00e1bbi olyan perben is \u00edt\u00e9let sz\u00fcletett, amelyben Murszi szint\u00e9n a v\u00e1dlottak k\u00f6z\u00f6tt van, de ebben azonban r\u00f3la nem hoztak d\u00f6nt\u00e9st. Az ebben az elj\u00e1r\u00e1sban emelt v\u00e1d szerint a 2013. j\u00falius 3-\u00e1n megbuktatott eln\u00f6k \u00e9s t\u00e1rsai &#8222;k\u00fclf\u00f6ldi szervezeteknek k\u00e9mkedtek Egyiptomon bel\u00fcli terrort\u00e1mad\u00e1sok v\u00e9grehajt\u00e1s\u00e1nak c\u00e9lj\u00e1val&#8221;. Az \u00fcgy\u00e9szs\u00e9g \u00e1ll\u00edt\u00e1sa szerint Murszi\u00e9k egyebek mellett az ir\u00e1ni Forradalmi G\u00e1rd\u00e1t l\u00e1tt\u00e1k el biztons\u00e1gi jelent\u00e9sekkel.<br \/>\n    Ez ut\u00f3bbi perben 16 v\u00e1dlott hal\u00e1lb\u00fcntet\u00e9s\u00e9t vizsg\u00e1lhatja fel\u00fcl Sauki Ibr\u00e1h\u00edm All\u00e1m mufti. Az el\u00edt\u00e9ltek k\u00f6z\u00f6tt van a Muzulm\u00e1n Testv\u00e9ris\u00e9gb\u0151l alakult, id\u0151k\u00f6zben feloszlatott Szabads\u00e1g \u00e9s Igazs\u00e1goss\u00e1g p\u00e1rt f\u0151titk\u00e1ra, Mohamed el-Belt\u00e1gi, \u00e9s Heirat es-S\u00e1ter, a testv\u00e9ris\u00e9g vezet\u0151j\u00e9nek helyettese is.<br \/>\n    Mindk\u00e9t perben j\u00falius 2-\u00e1n sz\u00fcletik v\u00e9gleges d\u00f6nt\u00e9s.<br \/>\n    Az els\u0151 per 2011. janu\u00e1r 28-\u00e1ra ny\u00falik vissza. A v\u00e1d szerint h\u00e1rom nappal a Mubarak-rezsimnek v\u00e9get vet\u0151 forradalom kirobban\u00e1sa ut\u00e1n mintegy 800 fegyveres jutott be az orsz\u00e1gba a G\u00e1zai \u00f6vezettel k\u00f6z\u00f6s hat\u00e1r alatt h\u00faz\u00f3d\u00f3 csemp\u00e9szalagutakon \u00e1t, majd h\u00e1rom csoportra oszolva lerohantak k\u00e9t kair\u00f3i \u00e9s egy \u00e9szak-egyiptomi b\u00f6rt\u00f6nt.<br \/>\n    A v\u00e1dirat szerint a neh\u00e9zfegyverekkel felszerelt milicist\u00e1k k\u00f6z\u00f6tt volt a G\u00e1zai \u00f6vezetet ural\u00f3 sz\u00e9ls\u0151s\u00e9ges szervezet, a Ham\u00e1sz, illetve a Hezbollah libanoni s\u00edita p\u00e1rt \u00e9s mil\u00edcia sz\u00e1mos tagja is. A Ham\u00e1sz a Muzulm\u00e1n Testv\u00e9ris\u00e9g palesztin \u00e1gak\u00e9nt alakult meg a nyolcvanas \u00e9vek v\u00e9g\u00e9n.<br \/>\n    A fegyveresek Murszin \u00e9s a testv\u00e9ris\u00e9g sz\u00e1mos beb\u00f6rt\u00f6nz\u00f6tt vezet\u0151j\u00e9n k\u00edv\u00fcl mintegy 20 ezer rabot szabad\u00edtottak ki. A rajta\u00fct\u00e9sek sor\u00e1n t\u00f6bb mint 50 rend\u0151r vesztette \u00e9let\u00e9t.<br \/>\n    A per 131 v\u00e1dlottj\u00e1b\u00f3l 104-en &#8211; k\u00f6zt\u00fck 73 palesztin &#8211; tov\u00e1bbra is sz\u00f6k\u00e9sben vannak. A Ham\u00e1sz bel\u00fcgyminiszt\u00e9riuma kor\u00e1bban azt k\u00f6z\u00f6lte, hogy a v\u00e1dlottak list\u00e1j\u00e1n sz\u00e1mos olyan ember szerepel, akikkel m\u00e1r \u00e9vekkel az eset el\u0151tt v\u00e9gzett az izraeli hadsereg, egy gyan\u00fas\u00edtott pedig 1996 \u00f3ta izraeli b\u00f6rt\u00f6nben \u00fcl.<br \/>\n    Az els\u0151 reakci\u00f3k egyik\u00e9ben Amr Darr\u00e1g, a Murszi-\u00e9ra utols\u00f3 tervez\u00e9si minisztere arra sz\u00f3l\u00edtotta fel a nemzetk\u00f6zi k\u00f6z\u00f6ss\u00e9get, akad\u00e1lyozza meg, hogy hal\u00e1lb\u00fcntet\u00e9st szabjanak ki a volt \u00e1llamf\u0151re.(MTI)<\/p>\n","protected":false},"excerpt":{"rendered":"<p>Hal\u00e1lra \u00edt\u00e9lt\u00e9k szombaton Mohamed Murszi volt egyiptomi eln\u00f6k\u00f6t abban a perben, amelyet azzal a v\u00e1ddal ind\u00edtottak ellene, hogy &#8222;k\u00fclf\u00f6ldi fegyveresek&#8221; seg\u00edts\u00e9g\u00e9vel kit\u00f6rt b\u00f6rt\u00f6n\u00e9b\u0151l a 2011-es egyiptomi felkel\u00e9s els\u0151 napjaiban.<\/p>\n","protected":false},"author":1,"featured_media":0,"comment_status":"open","ping_status":"closed","sticky":false,"template":"","format":"standard","meta":[],"categories":[17],"tags":[],"_links":{"self":[{"href":"https:\/\/gazdasagportal.hu\/index.php\/wp-json\/wp\/v2\/posts\/61576"}],"collection":[{"href":"https:\/\/gazdasagportal.hu\/index.php\/wp-json\/wp\/v2\/posts"}],"about":[{"href":"https:\/\/gazdasagportal.hu\/index.php\/wp-json\/wp\/v2\/types\/post"}],"author":[{"embeddable":true,"href":"https:\/\/gazdasagportal.hu\/index.php\/wp-json\/wp\/v2\/users\/1"}],"replies":[{"embeddable":true,"href":"https:\/\/gazdasagportal.hu\/index.php\/wp-json\/wp\/v2\/comments?post=61576"}],"version-history":[{"count":1,"href":"https:\/\/gazdasagportal.hu\/index.php\/wp-json\/wp\/v2\/posts\/61576\/revisions"}],"predecessor-version":[{"id":61577,"href":"https:\/\/gazdasagportal.hu\/index.php\/wp-json\/wp\/v2\/posts\/61576\/revisions\/61577"}],"wp:attachment":[{"href":"https:\/\/gazdasagportal.hu\/index.php\/wp-json\/wp\/v2\/media?parent=61576"}],"wp:term":[{"taxonomy":"category","embeddable":true,"href":"https:\/\/gazdasagportal.hu\/index.php\/wp-json\/wp\/v2\/categories?post=61576"},{"taxonomy":"post_tag","embeddable":true,"href":"https:\/\/gazdasagportal.hu\/index.php\/wp-json\/wp\/v2\/tags?post=61576"}],"curies":[{"name":"wp","href":"https:\/\/api.w.org\/{rel}","templated":true}]}}