{"id":61570,"date":"2015-05-16T10:04:17","date_gmt":"2015-05-16T08:04:17","guid":{"rendered":"http:\/\/stockportal.hu\/?p=61570"},"modified":"2015-05-16T09:22:05","modified_gmt":"2015-05-16T07:22:05","slug":"ma-kezdodik-a-muzeumok-majalisa","status":"publish","type":"post","link":"https:\/\/gazdasagportal.hu\/index.php\/ma-kezdodik-a-muzeumok-majalisa\/","title":{"rendered":"Ma kezd\u0151dik a M\u00fazeumok maj\u00e1lisa"},"content":{"rendered":"<p><strong>Ma kezd\u0151dik a 20. M\u00fazeumok maj\u00e1lisa, amelyen koncertekkel, el\u0151ad\u00e1sokkal \u00e9s ki\u00e1ll\u00edt\u00e1sokkal is v\u00e1rj\u00e1k az \u00e9rdekl\u0151d\u0151ket a M\u00fazeumkertben \u00e9s a Magyar Nemzeti M\u00fazeumban (MNM).<\/strong><!--more--><\/p>\n<div class=\"ads-in-post1\"><div id=\"gazdasagportal.hu_fullbanner_wideboard\"><\/div>\r\n<\/div>\n<p>    A m\u00fazeumi vil\u00e1gnaphoz kapcsol\u00f3d\u00f3 rendezv\u00e9nyen 112 int\u00e9zm\u00e9ny mutatkozik be szombaton \u00e9s vas\u00e1rnap: az \u00e9rdekl\u0151d\u0151k r\u00e9szt vehetnek vet\u00e9lked\u0151k\u00f6n \u00e9s kalandj\u00e1t\u00e9kokban, kipr\u00f3b\u00e1lhatnak egy l\u00e1bhajt\u00e1sos Csepel-varr\u00f3g\u00e9pet, 19. sz\u00e1zadi b\u00fcntet\u00e9s-v\u00e9grehajt\u00e1si eszk\u00f6z\u00f6ket, par\u00f3k\u00e1kat \u00e9s jelmezeket \u00f6lthetnek magukra, megismerkedhetnek egy indi\u00e1n s\u00e1tor rejtelmeivel, a hengernyom\u00e1s technik\u00e1j\u00e1val \u00e9s a Monarchia f\u0151bb l\u00f6vegt\u00edpusaival.<br \/>\n    A l\u00e1togat\u00f3k b\u00e9lyeget tervezhetnek, \u00edrhatnak l\u00fadtollal, prepar\u00e1lhatnak \u0151smaradv\u00e1nyt, feladatlapok seg\u00edts\u00e9g\u00e9vel sz\u00e1mot adhatnak buszos, k\u00f6zleked\u00e9si valamint v\u00e1rosismereti tud\u00e1sukr\u00f3l, k\u00e9sz\u00edthetnek Ipoly-menti etno-trik\u00f3t \u00e9s megtudhatj\u00e1k, hogyan kell turb\u00e1nt k\u00f6tni, milyen neh\u00e9z egy agancs s\u00falya, \u00e9s hogyan jelenik meg a m\u0171alkot\u00e1sokon a neon, a l\u00e9zer \u00e9s a LED-vil\u00e1g\u00edt\u00e1s.<br \/>\n    A Civil-negyedben 18 kultur\u00e1lis-k\u00f6z\u00f6ss\u00e9gi, szoci\u00e1lis \u00e9s k\u00f6rnyezetv\u00e9delmi ir\u00e1nyults\u00e1g\u00fa szervezet v\u00e1rja a l\u00e1togat\u00f3kat, az MNM az \u00c9l\u0151 M\u00fazeum-programmal, m\u00fazeumpedag\u00f3giai foglalkoz\u00e1sokkal \u00e9s krimiszer\u0171en izgalmas t\u00e9m\u00e1j\u00fa &#8211; a rejt\u00e9lyes Seuso-kincsr\u0151l, a m\u0171t\u00e1rgykereskedelem titkair\u00f3l, Magyarorsz\u00e1g 2. vil\u00e1gh\u00e1bor\u00fas hadba l\u00e9p\u00e9s\u00e9r\u0151l sz\u00f3l\u00f3 &#8211; el\u0151ad\u00e1sokkal is k\u00e9sz\u00fcl.<br \/>\n    A m\u00fazeumban ma ny\u00edl\u00f3 Elsodort vil\u00e1g. Plak\u00e1t\u00e1lmok 1910-1920 c\u00edm\u0171 id\u0151szaki plak\u00e1tki\u00e1ll\u00edt\u00e1s az Osztr\u00e1k-Magyar Monarchia utols\u00f3 \u00e9vtized\u00e9nek sz\u00ednes magyar plak\u00e1tterm\u00e9s\u00e9b\u0151l ny\u00fajt v\u00e1logat\u00e1st, bemutatva a h\u00e1bor\u00fa el\u0151tti \u00e9vek mindennapjait, a harcterek val\u00f3s\u00e1g\u00e1t, a rom\u00e1n katonai megsz\u00e1ll\u00e1st \u00e9s az 1920. \u00e9vi trianoni d\u00f6nt\u00e9st, mindezt az utca plak\u00e1tjainak v\u00e1ltoz\u00e1s\u00e1n, a k\u00f6zhangulat form\u00e1l\u00f3d\u00e1s\u00e1n kereszt\u00fcl.<br \/>\n    A rendezv\u00e9nyen fell\u00e9p m\u00e1sok mellett Rutkai Bori, a Group N&#8217;Swing, a Bubor\u00e9k Egy\u00fcttes, Dj Panda, a Cabaret Medrano \u00e9s a Baltaz\u00e1r Sz\u00ednh\u00e1z, lesz s\u00e9t\u00e1l\u00f3 koncert, biztons\u00e1gtechnikai t\u00fara \u00e9s k\u0151kutat\u00f3 m\u00fazeumkerti s\u00e9ta is.<br \/>\n    Ezen a napon adj\u00e1k \u00e1t az MNM D\u00edszterm\u00e9ben a m\u00fazeumi szakma rangos elismer\u00e9seit, az \u00c9v m\u00fazeuma \u00e9s az \u00c9v ki\u00e1ll\u00edt\u00e1sa d\u00edjakat is.(MTI)<\/p>\n","protected":false},"excerpt":{"rendered":"<p>Ma kezd\u0151dik a 20. M\u00fazeumok maj\u00e1lisa, amelyen koncertekkel, el\u0151ad\u00e1sokkal \u00e9s ki\u00e1ll\u00edt\u00e1sokkal is v\u00e1rj\u00e1k az \u00e9rdekl\u0151d\u0151ket a M\u00fazeumkertben \u00e9s a Magyar Nemzeti M\u00fazeumban (MNM).<\/p>\n","protected":false},"author":1,"featured_media":0,"comment_status":"open","ping_status":"closed","sticky":false,"template":"","format":"standard","meta":[],"categories":[4],"tags":[],"_links":{"self":[{"href":"https:\/\/gazdasagportal.hu\/index.php\/wp-json\/wp\/v2\/posts\/61570"}],"collection":[{"href":"https:\/\/gazdasagportal.hu\/index.php\/wp-json\/wp\/v2\/posts"}],"about":[{"href":"https:\/\/gazdasagportal.hu\/index.php\/wp-json\/wp\/v2\/types\/post"}],"author":[{"embeddable":true,"href":"https:\/\/gazdasagportal.hu\/index.php\/wp-json\/wp\/v2\/users\/1"}],"replies":[{"embeddable":true,"href":"https:\/\/gazdasagportal.hu\/index.php\/wp-json\/wp\/v2\/comments?post=61570"}],"version-history":[{"count":1,"href":"https:\/\/gazdasagportal.hu\/index.php\/wp-json\/wp\/v2\/posts\/61570\/revisions"}],"predecessor-version":[{"id":61571,"href":"https:\/\/gazdasagportal.hu\/index.php\/wp-json\/wp\/v2\/posts\/61570\/revisions\/61571"}],"wp:attachment":[{"href":"https:\/\/gazdasagportal.hu\/index.php\/wp-json\/wp\/v2\/media?parent=61570"}],"wp:term":[{"taxonomy":"category","embeddable":true,"href":"https:\/\/gazdasagportal.hu\/index.php\/wp-json\/wp\/v2\/categories?post=61570"},{"taxonomy":"post_tag","embeddable":true,"href":"https:\/\/gazdasagportal.hu\/index.php\/wp-json\/wp\/v2\/tags?post=61570"}],"curies":[{"name":"wp","href":"https:\/\/api.w.org\/{rel}","templated":true}]}}