{"id":61568,"date":"2015-05-16T09:20:55","date_gmt":"2015-05-16T07:20:55","guid":{"rendered":"http:\/\/stockportal.hu\/?p=61568"},"modified":"2015-05-16T09:20:55","modified_gmt":"2015-05-16T07:20:55","slug":"iszlam-allam-az-amerikai-legiero-tamadta-a-terroristakat-ramadinal","status":"publish","type":"post","link":"https:\/\/gazdasagportal.hu\/index.php\/iszlam-allam-az-amerikai-legiero-tamadta-a-terroristakat-ramadinal\/","title":{"rendered":"Iszl\u00e1m \u00c1llam &#8211; Az amerikai l\u00e9gier\u0151 t\u00e1madta a terrorist\u00e1kat Ram\u00e1din\u00e1l"},"content":{"rendered":"<p><strong>Az amerikai \u00e9s a sz\u00f6vets\u00e9ges l\u00e9gier\u0151 csap\u00e1sokat m\u00e9rt az Iszl\u00e1m \u00c1llam (I\u00c1) dsihadista szervezet fegyvereseire Ram\u00e1di iraki v\u00e1ros k\u00f6rny\u00e9k\u00e9n, amelynek k\u00f6zpontj\u00e1t el\u0151z\u0151leg elfoglalt\u00e1k a sz\u00e9ls\u0151s\u00e9gesek &#8211; der\u00fclt ki a katonai koal\u00edci\u00f3 p\u00e9nteken kiadott k\u00f6zlem\u00e9ny\u00e9b\u0151l.<\/strong><!--more--><\/p>\n<div class=\"ads-in-post1\"><div id=\"gazdasagportal.hu_fullbanner_wideboard\"><\/div>\r\n<\/div>\n<p>    A komm\u00fcnik\u00e9 szerint a koal\u00edci\u00f3 g\u00e9pei cs\u00fct\u00f6rt\u00f6k reggel \u00f3ta 12-12 l\u00e9gicsap\u00e1st hajtottak v\u00e9gre Irakban \u00e9s Sz\u00edri\u00e1ban. Irakban Bejdzsi, Fall\u00fadzsa \u00e9s Ram\u00e1di k\u00f6rny\u00e9k\u00e9n t\u00e1madtak, Sz\u00edri\u00e1ban pedig al-Haszaka \u00e9s Kobani k\u00f6rny\u00e9k\u00e9n.<br \/>\n    Washingtoni id\u0151 szerint p\u00e9ntek este \u00fajabb csap\u00e1sokat m\u00e9rtek I\u00c1-c\u00e9lpontokra Ram\u00e1di t\u00e9rs\u00e9g\u00e9ben.<br \/>\n    Thomas D. Weidley, az amerikai tenger\u00e9szgyalogs\u00e1g dand\u00e1rt\u00e1bornoka, a koal\u00edci\u00f3s er\u0151k vez\u00e9rkari f\u0151n\u00f6ke p\u00e9nteken a kuvaiti f\u0151hadisz\u00e1ll\u00e1sr\u00f3l telefonon nyilatkozva kitartott amellett, hogy m\u0171k\u00f6dik az I\u00c1 elleni strat\u00e9gia, \u00e9s hogy a terrorszervezet mind Irakban, mind Sz\u00edri\u00e1ban defenz\u00edv\u00e1ba k\u00e9nyszer\u00fclt.<br \/>\n    P\u00e9nteken az I\u00c1 a Bagdadt\u00f3l 110 kilom\u00e9terre l\u00e9v\u0151 Ram\u00e1di k\u00f6zpontj\u00e1ban tartom\u00e1nyi \u00e9s v\u00e1rosi korm\u00e1nyzati \u00e9p\u00fcleteket foglalt el, \u00e9s ellen\u0151rz\u00e9se al\u00e1 vonta a bejdzsi olajfinom\u00edt\u00f3 nagy r\u00e9sz\u00e9t. A legnagyobb \u00e9szak-iraki v\u00e1ros, Moszul eredetileg tavaszra tervezett visszafoglal\u00e1sa ma m\u00e1r csak t\u00e1voli c\u00e9l lehet.<br \/>\n    Weidley az I\u00c1 propagandafog\u00e1s\u00e1nak min\u0151s\u00edtette azt az \u00e1ll\u00edt\u00e1st, miszerint a terrorszervezet teljes eg\u00e9sz\u00e9ben elfoglalta Ram\u00e1dit, Anb\u00e1r tartom\u00e1ny sz\u00e9khely\u00e9t. Szavai szerint voltak m\u00e1r hasonl\u00f3 t\u00e1mad\u00e1sok a v\u00e1ros ellen, \u00e9s ezeket az iraki korm\u00e1nyer\u0151k rendre visszavert\u00e9k.<br \/>\n    A Pentagon azt \u00e1ll\u00edtja, tudat\u00e1ban volt annak, hogy az I\u00c1 Irakb\u00f3l val\u00f3 kiszor\u00edt\u00e1sa \u00e9vekig is eltarthat, amikor 2014 augusztus\u00e1ban elind\u00edtotta a l\u00e9gicsap\u00e1sok sorozat\u00e1t. Az arab orsz\u00e1gban jelenleg valamivel t\u00f6bb mint h\u00e1romezer amerikai katona vesz r\u00e9sz a hazai er\u0151k kik\u00e9pz\u00e9s\u00e9ben, tan\u00e1csad\u00e1sban \u00e9s amerikai objektumok v\u00e9delm\u00e9ben.<br \/>\n    Weidley t\u00e1bornok szerint jelenleg nincsenek tervek az amerikai katonai jelenl\u00e9t meger\u0151s\u00edt\u00e9s\u00e9re, vagy a csapatoknak a frontvonalak k\u00f6zel\u00e9be vez\u00e9nyl\u00e9s\u00e9re. A parancsnok elismerte, hogy az I\u00c1 &#8222;epiz\u00f3dszer\u0171en&#8221; ellen\u0151rz\u00e9se al\u00e1 tudja vonni Irak egyes ter\u00fcleteit, de ezek a sikerek \u00e1ll\u00edt\u00e1sa szerint kisebbek \u00e9s fenntarthatatlanok.<br \/>\n    &#8222;Lesznek j\u00f3 napok \u00e9s rossz napok Irakban. Az I\u00c1 arra t\u00f6rekszik, hogy ezt egy rossz napp\u00e1 tegye Ram\u00e1diban. Mi mindig is azt mondtuk, hogy ez egy hossz\u00fa harc lesz&#8221; &#8211; hangoztatta washingtoni sajt\u00f3t\u00e1j\u00e9koztat\u00f3j\u00e1n Jeff Rathke k\u00fcl\u00fcgyi sz\u00f3viv\u0151.<br \/>\n    Joe Biden amerikai aleln\u00f6k a ram\u00e1di t\u00e1mad\u00e1s hat\u00e1s\u00e1ra az amerikai fegyversz\u00e1ll\u00edt\u00e1sok felgyors\u00edt\u00e1s\u00e1t \u00edg\u00e9rte p\u00e9nteken telefonon Haider al-Ab\u00e1di iraki minisztereln\u00f6knek. A Feh\u00e9r H\u00e1z k\u00f6zlem\u00e9nye szerint az Egyes\u00fclt \u00c1llamok neh\u00e9zfegyvereket, egyebek k\u00f6z\u00f6tt AT-4-es t\u00edpus\u00fa, v\u00e1llr\u00f3l ind\u00edthat\u00f3 rak\u00e9t\u00e1kat, valamint l\u0151szert \u00e9s egy\u00e9b felszerel\u00e9st fog eljuttatni Irakba.(MTI)<\/p>\n","protected":false},"excerpt":{"rendered":"<p>Az amerikai \u00e9s a sz\u00f6vets\u00e9ges l\u00e9gier\u0151 csap\u00e1sokat m\u00e9rt az Iszl\u00e1m \u00c1llam (I\u00c1) dsihadista szervezet fegyvereseire Ram\u00e1di iraki v\u00e1ros k\u00f6rny\u00e9k\u00e9n, amelynek k\u00f6zpontj\u00e1t el\u0151z\u0151leg elfoglalt\u00e1k a sz\u00e9ls\u0151s\u00e9gesek &#8211; der\u00fclt ki a katonai koal\u00edci\u00f3 p\u00e9nteken kiadott k\u00f6zlem\u00e9ny\u00e9b\u0151l.<\/p>\n","protected":false},"author":1,"featured_media":0,"comment_status":"open","ping_status":"closed","sticky":false,"template":"","format":"standard","meta":[],"categories":[16],"tags":[],"_links":{"self":[{"href":"https:\/\/gazdasagportal.hu\/index.php\/wp-json\/wp\/v2\/posts\/61568"}],"collection":[{"href":"https:\/\/gazdasagportal.hu\/index.php\/wp-json\/wp\/v2\/posts"}],"about":[{"href":"https:\/\/gazdasagportal.hu\/index.php\/wp-json\/wp\/v2\/types\/post"}],"author":[{"embeddable":true,"href":"https:\/\/gazdasagportal.hu\/index.php\/wp-json\/wp\/v2\/users\/1"}],"replies":[{"embeddable":true,"href":"https:\/\/gazdasagportal.hu\/index.php\/wp-json\/wp\/v2\/comments?post=61568"}],"version-history":[{"count":1,"href":"https:\/\/gazdasagportal.hu\/index.php\/wp-json\/wp\/v2\/posts\/61568\/revisions"}],"predecessor-version":[{"id":61569,"href":"https:\/\/gazdasagportal.hu\/index.php\/wp-json\/wp\/v2\/posts\/61568\/revisions\/61569"}],"wp:attachment":[{"href":"https:\/\/gazdasagportal.hu\/index.php\/wp-json\/wp\/v2\/media?parent=61568"}],"wp:term":[{"taxonomy":"category","embeddable":true,"href":"https:\/\/gazdasagportal.hu\/index.php\/wp-json\/wp\/v2\/categories?post=61568"},{"taxonomy":"post_tag","embeddable":true,"href":"https:\/\/gazdasagportal.hu\/index.php\/wp-json\/wp\/v2\/tags?post=61568"}],"curies":[{"name":"wp","href":"https:\/\/api.w.org\/{rel}","templated":true}]}}