{"id":61562,"date":"2015-05-16T05:04:28","date_gmt":"2015-05-16T03:04:28","guid":{"rendered":"http:\/\/stockportal.hu\/?p=61562"},"modified":"2015-05-15T22:47:20","modified_gmt":"2015-05-15T20:47:20","slug":"simon-ugy-fidesz-ki-kell-derulnie-honnan-volt-simon-gabornak-tobb-szaz-millioja-titkos-szamlakon","status":"publish","type":"post","link":"https:\/\/gazdasagportal.hu\/index.php\/simon-ugy-fidesz-ki-kell-derulnie-honnan-volt-simon-gabornak-tobb-szaz-millioja-titkos-szamlakon\/","title":{"rendered":"Simon-\u00fcgy &#8211; Fidesz: ki kell der\u00fclnie, honnan volt Simon G\u00e1bornak t\u00f6bb sz\u00e1z milli\u00f3ja titkos sz\u00e1ml\u00e1kon!"},"content":{"rendered":"<p><strong>A Fidesz felh\u00e1bor\u00edt\u00f3nak, megd\u00f6bbent\u0151nek \u00e9s a k\u00f6z\u00e9let tisztas\u00e1ga elleni mer\u00e9nyletnek tekinti azt, ha nem der\u00fcl ki, hogy a szocialist\u00e1k eln\u00f6khelyettes\u00e9nek, Simon G\u00e1bornak honnan volt t\u00f6bb sz\u00e1z milli\u00f3ja titkos banksz\u00e1ml\u00e1kon.<\/strong><!--more--><\/p>\n<div class=\"ads-in-post1\"><div id=\"gazdasagportal.hu_fullbanner_wideboard\"><\/div>\r\n<\/div>\n<p>    Ezt a nagyobbik korm\u00e1nyp\u00e1rt k\u00f6z\u00f6lte p\u00e9nteken az MTI-vel, egy\u00fattal r\u00f6gz\u00edtve: minden magyar embernek joga van ahhoz, hogy megtudja, honnan \u00e9s milyen b\u0171ncselekm\u00e9nyb\u0151l sz\u00e1rmazik ez a p\u00e9nz.<br \/>\n    Annak, aki ezt a b\u0171ncselekm\u00e9nyt elk\u00f6vette, el kell nyernie m\u00e9lt\u00f3 b\u00fcntet\u00e9s\u00e9t &#8211; sz\u00f6gezt\u00e9k le a k\u00f6zlem\u00e9nyben, hozz\u00e1t\u00e9ve: ha Simon G\u00e1bor &#8222;amn\u00e9zi\u00e1ban&#8221; szenved \u00e9s nem hajland\u00f3 eml\u00e9kezni, vagy a p\u00e1rtj\u00e1ban nem mondt\u00e1k meg neki, hogy honnan ered ez a p\u00e9nz, akkor arra k\u00e9rik a szocialista politikusokat, seg\u00edtsenek neki eml\u00e9kezni \u00e9s mondj\u00e1k el v\u00e9gre, honnan vannak a titkos sz\u00e1zmilli\u00f3k.<br \/>\n    A Napi Gazdas\u00e1g p\u00e9nteken \u00edrt arr\u00f3l, hogy l\u00e9nyeg\u00e9ben lez\u00e1rult az MSZP egykori eln\u00f6khelyettes\u00e9nek \u00fcgy\u00e9ben folytatott nyomoz\u00e1s, Simon G\u00e1bor ak\u00e1r meg is \u00faszhatja az \u00fcgyet, amelyben okirat-hamis\u00edt\u00e1s, ad\u00f3csal\u00e1s \u00e9s m\u00e1s b\u0171ncselekm\u00e9ny gyan\u00faja miatt indult elj\u00e1r\u00e1s vele szemben.(MTI)<\/p>\n","protected":false},"excerpt":{"rendered":"<p>A Fidesz felh\u00e1bor\u00edt\u00f3nak, megd\u00f6bbent\u0151nek \u00e9s a k\u00f6z\u00e9let tisztas\u00e1ga elleni mer\u00e9nyletnek tekinti azt, ha nem der\u00fcl ki, hogy a szocialist\u00e1k eln\u00f6khelyettes\u00e9nek, Simon G\u00e1bornak honnan volt t\u00f6bb sz\u00e1z milli\u00f3ja titkos banksz\u00e1ml\u00e1kon.<\/p>\n","protected":false},"author":1,"featured_media":0,"comment_status":"open","ping_status":"closed","sticky":false,"template":"","format":"standard","meta":[],"categories":[4,18],"tags":[],"_links":{"self":[{"href":"https:\/\/gazdasagportal.hu\/index.php\/wp-json\/wp\/v2\/posts\/61562"}],"collection":[{"href":"https:\/\/gazdasagportal.hu\/index.php\/wp-json\/wp\/v2\/posts"}],"about":[{"href":"https:\/\/gazdasagportal.hu\/index.php\/wp-json\/wp\/v2\/types\/post"}],"author":[{"embeddable":true,"href":"https:\/\/gazdasagportal.hu\/index.php\/wp-json\/wp\/v2\/users\/1"}],"replies":[{"embeddable":true,"href":"https:\/\/gazdasagportal.hu\/index.php\/wp-json\/wp\/v2\/comments?post=61562"}],"version-history":[{"count":1,"href":"https:\/\/gazdasagportal.hu\/index.php\/wp-json\/wp\/v2\/posts\/61562\/revisions"}],"predecessor-version":[{"id":61563,"href":"https:\/\/gazdasagportal.hu\/index.php\/wp-json\/wp\/v2\/posts\/61562\/revisions\/61563"}],"wp:attachment":[{"href":"https:\/\/gazdasagportal.hu\/index.php\/wp-json\/wp\/v2\/media?parent=61562"}],"wp:term":[{"taxonomy":"category","embeddable":true,"href":"https:\/\/gazdasagportal.hu\/index.php\/wp-json\/wp\/v2\/categories?post=61562"},{"taxonomy":"post_tag","embeddable":true,"href":"https:\/\/gazdasagportal.hu\/index.php\/wp-json\/wp\/v2\/tags?post=61562"}],"curies":[{"name":"wp","href":"https:\/\/api.w.org\/{rel}","templated":true}]}}