{"id":61550,"date":"2015-05-13T03:08:42","date_gmt":"2015-05-13T01:08:42","guid":{"rendered":"http:\/\/stockportal.hu\/?p=61550"},"modified":"2015-05-15T22:29:42","modified_gmt":"2015-05-15T20:29:42","slug":"a-talibok-elfoglaltak-a-tadzsikisztannal-hataros-terulet-nagy-reszet","status":"publish","type":"post","link":"https:\/\/gazdasagportal.hu\/index.php\/a-talibok-elfoglaltak-a-tadzsikisztannal-hataros-terulet-nagy-reszet\/","title":{"rendered":"A t\u00e1libok elfoglalt\u00e1k a T\u00e1dzsikiszt\u00e1nnal hat\u00e1ros ter\u00fclet nagy r\u00e9sz\u00e9t"},"content":{"rendered":"<p><strong>Az Afganiszt\u00e1nban el\u0151renyomul\u00f3 t\u00e1libok elfoglalt\u00e1k a T\u00e1dzsikiszt\u00e1nnal hat\u00e1ros r\u00e9gi\u00f3 nagy r\u00e9sz\u00e9t &#8211; figyelmeztetett p\u00e9nteken a k\u00f6z\u00e9p-\u00e1zsiai orsz\u00e1g titkosszolg\u00e1lati sz\u00f3viv\u0151je.<\/strong><!--more--><\/p>\n<div class=\"ads-in-post1\"><div id=\"gazdasagportal.hu_fullbanner_wideboard\"><\/div>\r\n<\/div>\n<p>    A szakember a TASZSZ orosz \u00e1llami h\u00edr\u00fcgyn\u00f6ks\u00e9g dusanbei tud\u00f3s\u00edt\u00f3j\u00e1nak elmondta, hogy a sz\u00e9ls\u0151s\u00e9ges iszlamista mozgalom fegyveresei Badahsan tartom\u00e1ny ter\u00fclet\u00e9nek majdnem 80 sz\u00e1zal\u00e9k\u00e1t ellen\u0151rzik.<br \/>\n    A terrorist\u00e1k egyes osztagai gyakorlatilag n\u00e9h\u00e1ny kilom\u00e9terre megk\u00f6zel\u00edtett\u00e9k T\u00e1dzsikiszt\u00e1n hat\u00e1r\u00e1t. A felder\u00edt\u00e9s adatai szerint ezek a radik\u00e1lis csoportok kor\u00e1bban Pakiszt\u00e1n ter\u00fclet\u00e9n tart\u00f3zkodtak, \u00c9szak-Vaziriszt\u00e1nban, az \u00fagynevezett t\u00f6rzsi \u00f6vezetben, ahonnan a pakiszt\u00e1ni hadsereg kiszor\u00edtotta \u0151ket &#8211; mondta a t\u00e1dzsikiszt\u00e1ni titkosszolg\u00e1lat k\u00e9pvisel\u0151je.<br \/>\n    Hozz\u00e1tette: tudom\u00e1suk szerint a t\u00e1liboknak egyel\u0151re nem \u00e1ll sz\u00e1nd\u00e9kukban, hogy \u00e1tl\u00e9pj\u00e9k T\u00e1dzsikiszt\u00e1n hat\u00e1r\u00e1t, ennek ellen\u00e9re a t\u00e1dzsik hadsereg megel\u0151z\u00e9s c\u00e9lj\u00e1val a legs\u00e9r\u00fcl\u00e9kenyebb szakaszokon m\u00e1sodik v\u00e9delmi vonalat is l\u00e9trehozott.<br \/>\n    A t\u00e1dzsik titkosszolg\u00e1lati sz\u00f3viv\u0151 nem z\u00e1rta ki, hogy &#8222;ebben a b\u0171n\u00f6z\u0151i internacion\u00e1l\u00e9ban&#8221;, ahogy az iszlamista sz\u00e9ls\u0151s\u00e9geseket nevezte, ne lenn\u00e9nek ott az Iszl\u00e1m \u00c1llam h\u00edvei, akik k\u00f6z\u00f6tt k\u00f6z\u00e9p-\u00e1zsiai, \u00edgy t\u00e1dzsikiszt\u00e1ni fegyveresek is harcolnak.<br \/>\n    A dusanbei illet\u00e9kes elmondta, hogy orsz\u00e1ga sz\u00e1m\u00edt a Kollekt\u00edv Biztons\u00e1gi Szerz\u0151d\u00e9s Szervezete (ODKB) tag\u00e1llamainak seg\u00edts\u00e9g\u00e9re a t\u00e1libok \u00e9s m\u00e1s sz\u00e9ls\u0151s\u00e9gesek elleni fell\u00e9p\u00e9sben.<br \/>\n    A szervezet gyorsreag\u00e1l\u00e1s\u00fa k\u00f6z\u00f6s hadereje a rendk\u00edv\u00fcli harck\u00e9pess\u00e9g ellen\u0151rz\u00e9s\u00e9nek keret\u00e9ben \u00e9pp most hajt v\u00e9gre terrorellenes gyakorlatot az Afganiszt\u00e1nnal hat\u00e1ros t\u00e1dzsik r\u00e9gi\u00f3ban.<br \/>\n    Az ODKB, az 1992-ben l\u00e9trehozott katonapolitikai szervezet tagja Feh\u00e9roroszorsz\u00e1g, Kazahszt\u00e1n, Kirgiziszt\u00e1n, Oroszorsz\u00e1g, \u00d6rm\u00e9nyorsz\u00e1g \u00e9s T\u00e1dzsikiszt\u00e1n.<br \/>\n    A pakiszt\u00e1ni hadsereg p\u00e9nteken nagyszab\u00e1s\u00fa sz\u00e1razf\u00f6ldi \u00e9s l\u00e9gi offenz\u00edv\u00e1t ind\u00edtott a t\u00e1libok ellen az orsz\u00e1g \u00e9szaknyugati r\u00e9sz\u00e9ben l\u00e9v\u0151 Saval-v\u00f6lgyben amely az iszlamista l\u00e1zad\u00f3k utols\u00f3 nagyobb fellegv\u00e1r\u00e1nak sz\u00e1m\u00edt.(MTI)<\/p>\n","protected":false},"excerpt":{"rendered":"<p>Az Afganiszt\u00e1nban el\u0151renyomul\u00f3 t\u00e1libok elfoglalt\u00e1k a T\u00e1dzsikiszt\u00e1nnal hat\u00e1ros r\u00e9gi\u00f3 nagy r\u00e9sz\u00e9t &#8211; figyelmeztetett p\u00e9nteken a k\u00f6z\u00e9p-\u00e1zsiai orsz\u00e1g titkosszolg\u00e1lati sz\u00f3viv\u0151je.<\/p>\n","protected":false},"author":1,"featured_media":0,"comment_status":"open","ping_status":"closed","sticky":false,"template":"","format":"standard","meta":[],"categories":[14],"tags":[],"_links":{"self":[{"href":"https:\/\/gazdasagportal.hu\/index.php\/wp-json\/wp\/v2\/posts\/61550"}],"collection":[{"href":"https:\/\/gazdasagportal.hu\/index.php\/wp-json\/wp\/v2\/posts"}],"about":[{"href":"https:\/\/gazdasagportal.hu\/index.php\/wp-json\/wp\/v2\/types\/post"}],"author":[{"embeddable":true,"href":"https:\/\/gazdasagportal.hu\/index.php\/wp-json\/wp\/v2\/users\/1"}],"replies":[{"embeddable":true,"href":"https:\/\/gazdasagportal.hu\/index.php\/wp-json\/wp\/v2\/comments?post=61550"}],"version-history":[{"count":1,"href":"https:\/\/gazdasagportal.hu\/index.php\/wp-json\/wp\/v2\/posts\/61550\/revisions"}],"predecessor-version":[{"id":61551,"href":"https:\/\/gazdasagportal.hu\/index.php\/wp-json\/wp\/v2\/posts\/61550\/revisions\/61551"}],"wp:attachment":[{"href":"https:\/\/gazdasagportal.hu\/index.php\/wp-json\/wp\/v2\/media?parent=61550"}],"wp:term":[{"taxonomy":"category","embeddable":true,"href":"https:\/\/gazdasagportal.hu\/index.php\/wp-json\/wp\/v2\/categories?post=61550"},{"taxonomy":"post_tag","embeddable":true,"href":"https:\/\/gazdasagportal.hu\/index.php\/wp-json\/wp\/v2\/tags?post=61550"}],"curies":[{"name":"wp","href":"https:\/\/api.w.org\/{rel}","templated":true}]}}