{"id":61530,"date":"2015-05-15T17:09:03","date_gmt":"2015-05-15T15:09:03","guid":{"rendered":"http:\/\/stockportal.hu\/?p=61530"},"modified":"2015-05-15T17:09:03","modified_gmt":"2015-05-15T15:09:03","slug":"nagyon-balaton-25-esemeny-majustol-szeptember-vegeig","status":"publish","type":"post","link":"https:\/\/gazdasagportal.hu\/index.php\/nagyon-balaton-25-esemeny-majustol-szeptember-vegeig\/","title":{"rendered":"Nagyon Balaton &#8211; 25 esem\u00e9ny m\u00e1just\u00f3l szeptember v\u00e9g\u00e9ig"},"content":{"rendered":"<p><strong>Id\u00e9n is megrendezik a Nagyon Balaton programsorozatot: m\u00e1just\u00f3l szeptember v\u00e9g\u00e9ig 25 esem\u00e9ny v\u00e1rja az \u00e9rdekl\u0151d\u0151ket a Balaton r\u00e9gi\u00f3 rangos kultur\u00e1lis, gasztron\u00f3miai \u00e9s sportfesztiv\u00e1ljaival.<\/strong><!--more--><\/p>\n<div class=\"ads-in-post1\"><div id=\"gazdasagportal.hu_fullbanner_wideboard\"><\/div>\r\n<\/div>\n<p>    &#8222;A c\u00e9l a Balaton legjobb arc\u00e1t, igazi \u00e9rt\u00e9keit megmutatni. Olyan rendezv\u00e9nyek kapcsol\u00f3dnak a MOL &#8211; Nagyon Balatonhoz, mint p\u00e9ld\u00e1ul a 25 \u00e9ves M\u0171v\u00e9szetek V\u00f6lgye, a zam\u00e1rdi MasterCard Balaton Sound, Strand &#8211; Nagyon Zene Fesztiv\u00e1l \u00e9s B.My.Lake, a 10 \u00e9ves balatonf\u00f6ldv\u00e1ri KultKik\u00f6t\u0151 vagy a Paloznaki Jazz Piknik&#8221; &#8211; mondta Lobenwein Norbert, a Nagyon Balaton vezet\u0151je a programsorozatot beharangoz\u00f3 p\u00e9nteki budapesti sajt\u00f3t\u00e1j\u00e9koztat\u00f3n.<br \/>\n    Szab\u00f3 L\u00e1szl\u00f3 Zsolt, a strat\u00e9giai partner MTVA vez\u00e9rigazgat\u00f3ja hangs\u00falyozta: a k\u00f6zm\u00e9dia, k\u00fcl\u00f6n\u00f6sen a Pet\u0151fi R\u00e1di\u00f3, a Pet\u0151fi TV, a petofilive.hu, a meg\u00fajult, j\u00fanius k\u00f6zep\u00e9t\u0151l augusztus 20-ig jelentkez\u0151 Balatoni Ny\u00e1r c\u00edm\u0171 t\u00e9v\u00e9m\u0171sor eg\u00e9sz ny\u00e1ron tud\u00f3s\u00edt a Nagyon Balaton esem\u00e9nyeir\u0151l.<br \/>\n    F\u00fcl\u00f6p Zolt\u00e1n, a Nagyon Balaton f\u0151szervez\u0151je felid\u00e9zte, hogy az els\u0151 rendezv\u00e9ny 2013-ban az augusztus 20-i programokhoz k\u00f6t\u0151d\u00f6tt, \u00e1m a tapasztalatok \u00f6sszegz\u00e9s\u00e9vel arra jutottak, hogy \u00e9rdemes min\u00e9l t\u00f6bb esem\u00e9nyt bevonni, \u00e9s kiterjeszteni a sorozatot az eg\u00e9sz ny\u00e1ri szezonra. Kit\u00e9rt arra, hogy a Nagyon Balatonhoz id\u00e9n sz\u00e1mos \u00faj helysz\u00edn \u00e9s program csatlakozik, emellett er\u0151s\u00edtenek a gasztron\u00f3mi\u00e1ban is: a We Love Balaton port\u00e1llal \u00e9s a Magyar Konyh\u00e1val egy\u00fcttm\u0171k\u00f6dve a r\u00e9gi\u00f3 sz\u00e1z legjobb \u00e9tterm\u00e9t, k\u00e1v\u00e9z\u00f3j\u00e1t, l\u00e1ngos- \u00e9s hals\u00fct\u0151j\u00e9t, fagyiz\u00f3j\u00e1t MOL Nagyon Balaton Top 100 jelz\u00e9ssel l\u00e1tj\u00e1k el, \u00e9s ezeket kiemelten aj\u00e1nlj\u00e1k a k\u00f6z\u00f6ns\u00e9gnek, p\u00e9ld\u00e1ul a ny\u00e1r sor\u00e1n k\u00e9t alkalommal megjelen\u0151 ingyenes Nagyon Balaton magazinban.<br \/>\n    Tavaly mintegy 450 ezren vettek r\u00e9szt a programokon, id\u00e9n m\u00e1r 600 ezer vend\u00e9get v\u00e1rnak a szervez\u0151k. Mint elhangzott, id\u00e9n a tavaly kezd\u0151d\u00f6tt Kompkoncertek keret\u00e9ben, a balatoni zenei sorozat szimbolikus nyit\u00e1nyak\u00e9nt j\u00fanius 27-\u00e9n a Balaton k\u00f6zep\u00e9n, Tihany \u00e9s Sz\u00e1nt\u00f3d k\u00f6z\u00f6tt a kompon fog koncertet adni az id\u00e9n 70 \u00e9ves Hobo, szeptember 19-\u00e9n pedig, a Nagyon Balaton z\u00e1r\u00e1sak\u00e9nt az id\u00e9n 10 \u00e9ves Vad Fruttik j\u00e1tszik ugyanott.<br \/>\n    A Nagyon Balaton m\u00e1jus 29-\u00e9n indul a t\u00f3 k\u00f6r\u00fcli h\u00e1romnapos Ultrabalaton t\u00f6megsport-rendezv\u00e9nnyel, amelyet kilencedszer szerveznek meg. A Bring\u00e1zd k\u00f6rbe a Balatont! szint\u00e9n a t\u00f3 k\u00f6r\u00fcl, 230 kilom\u00e9teres bicikli\u00faton zajlik: h\u00fasz bringapontot hoznak l\u00e9tre a Balatonn\u00e1l, ahol a biciklist\u00e1k szersz\u00e1mokhoz \u00e9s friss\u00edt\u0151h\u00f6z juthatnak \u00e9s regisztr\u00e1lhatj\u00e1k magukat, amivel nyerni is lehet.<br \/>\n    J\u00fanius 6-\u00e1n a tihanyi piacplaccon indul a Balaton Method ny\u00e1ri turn\u00e9ja, amelynek keret\u00e9ben Szimler B\u00e1lint rendez\u0151 \u00e9s R\u00e9v Marcell operat\u0151r zen\u00e9s filmj\u00e9t kertmozikban \u00e9s a fesztiv\u00e1lokon sz\u00e1mos helyen levet\u00edtik, k\u00fcl\u00f6nb\u00f6z\u0151 programokkal t\u00e1rs\u00edtva. A balatonf\u00f6ldv\u00e1ri KultKik\u00f6t\u0151 j\u00fanius 26-t\u00f3l augusztus 29-ig v\u00e1rja a k\u00f6z\u00f6ns\u00e9get, ez\u00fattal Balatonbogl\u00e1ron \u00e9s Balatonfenyvesen is. A t\u00f6bb mint 180 program sor\u00e1ban lesz k\u00e9pzeletsz\u00ednh\u00e1zi el\u0151ad\u00e1s (A lemez k\u00e9t \u00fajabb oldala), Quimby-, KFT-, Budapest B\u00e1r- \u00e9s Budapest Jazz Orchestra-koncert, fell\u00e9pnek sz\u00ednm\u0171v\u00e9szek, te\u00e1trumi t\u00e1rsulatok \u00e9s stand-uposok is.<br \/>\n    A si\u00f3foki K\u00e1lm\u00e1n Imre Szabadt\u00e9ri Sz\u00ednpadon j\u00falius 17-\u00e9n a Budapesti Operettsz\u00ednh\u00e1z az id\u00e9n 100 \u00e9ves Cs\u00e1rd\u00e1skir\u00e1lyn\u0151t adja el\u0151, j\u00falius 25-\u00e9n az Incognito j\u00e1tszik, augusztus 19-\u00e9n pedig a hazai vil\u00e1gzenei sz\u00ednt\u00e9r kiemelked\u0151 k\u00e9pvisel\u0151i, a Muzsik\u00e1s, a Kal\u00e1ka \u00e9s Lajk\u00f3 F\u00e9lix l\u00e9p sz\u00ednpadra. A KeszthelyFest keret\u00e9ben j\u00falius 2-t\u0151l 4-ig lesznek koncertek (Pankastic, G\u00e1jer B\u00e1lint, a Nagy-Sz\u00edn-Pad el\u0151ad\u00f3i), utcasz\u00ednh\u00e1z, n\u00e9pi j\u00e1t\u00e9kok, \u00e9s balatoni borokat is k\u00edn\u00e1lnak.<br \/>\n    Miut\u00e1n a 2013-ban Eur\u00f3pa legjobb \u00faj fesztiv\u00e1lj\u00e1nak v\u00e1lasztott B.My.Lake id\u00e9n Balatonvil\u00e1gosr\u00f3l Zam\u00e1rdiba k\u00f6lt\u00f6zik, imm\u00e1r h\u00e1rom kiemelt fesztiv\u00e1lt tartanak ny\u00e1ron Zam\u00e1rdiban: j\u00falius 8-t\u0151l 12-ig az elektronikus zene fontos esem\u00e9ny\u00e9t, a Balaton Soundot (a Faithlesszel, Tiest\u00f3val, Jason Derul\u00f3val \u00e9s m\u00e1s szt\u00e1rokkal), augusztus 19. \u00e9s 22. k\u00f6z\u00f6tt pedig p\u00e1rhuzamosan zajlik majd a harmadik Strand &#8211; Nagyon Zene Fesztiv\u00e1l (Steve Aoki, Simple Plan, House of Pain fell\u00e9p\u00e9s\u00e9vel) \u00e9s a B.My.Lake (Fritz Kalkbrenner, GusGus, Sven Vath \u00e9s n\u00e9gy napon \u00e1t k\u00f6zel sz\u00e1z dj r\u00e9szv\u00e9tel\u00e9vel).<br \/>\n    Cs\u00e1kovics Gyula, Zam\u00e1rdi polg\u00e1rmestere elmondta, hogy a telep\u00fcl\u00e9s a fesztiv\u00e1loknak k\u00f6sz\u00f6nhet\u0151en idegenfogalmi ad\u00f3bev\u00e9tel\u00e9vel a top t\u00edz v\u00e1ros k\u00f6z\u00e9 ker\u00fclt. F\u00fcl\u00f6p Zolt\u00e1n hozz\u00e1f\u0171zte: a h\u00e1rom fesztiv\u00e1l megrendez\u00e9s\u00e9r\u0151l hat\u00e9ves meg\u00e1llapod\u00e1st k\u00f6t\u00f6ttek a zam\u00e1rdi \u00f6nkorm\u00e1nyzattal. &#8222;Tavaly 150 ezren voltak a Soundon, id\u00e9n tov\u00e1bbfejleszt\u00fcnk, p\u00e9ld\u00e1ul a f\u00e9lig a v\u00edzre \u00e9p\u00fcl\u0151 Nagyon Balaton Teraszon jelen lesznek a Balaton r\u00e9gi\u00f3 legjobb pinc\u00e9szetei \u00e9s \u00e9ttermei&#8221; &#8211; hangs\u00falyozta.<br \/>\n    Horv\u00e1th Gergely, a Pet\u0151fi R\u00e1di\u00f3 \u00e9s a Pet\u0151fi TV felel\u0151s szerkeszt\u0151je elmondta, hogy a t\u00e1rsrendez\u00e9s\u00fckben megval\u00f3sul\u00f3 Strand fesztiv\u00e1lr\u00f3l (amely tavaly m\u00e1r 72 ezer vend\u00e9get vonzott) \u00e9l\u0151ben k\u00f6zvet\u00edt a Pet\u0151fi R\u00e1di\u00f3, de a rendezv\u00e9nyen jelen lesz a Pet\u0151fi TV \u00e9s a Pet\u0151fi Live honlap is.<br \/>\n    A Nagyon Balaton r\u00e9sze a K\u00e1libuli, amelynek keret\u00e9ben a Balatont\u00f3l \u00e9szakra h\u00e1rom faluban, K\u00f6vesk\u00e1lon, Mindszentk\u00e1ll\u00e1n \u00e9s Szentb\u00e9kk\u00e1ll\u00e1n \u00e9l\u0151zen\u00e9vel, gyerekprogramokkal, gasztro- \u00e9s kultur\u00e1lis el\u0151ad\u00e1sokkal, m\u0171v\u00e9szeti m\u0171hellyel v\u00e1rj\u00e1k az \u00e9rdekl\u0151d\u0151ket. A VinCE Balaton borfesztiv\u00e1l j\u00falius 2-t\u0151l 5-ig lesz Balatonf\u00fcreden, a F\u00fcredi borheteket augusztus 11. \u00e9s 30. k\u00f6z\u00f6tt tartj\u00e1k. Az ARTplacc kort\u00e1rs m\u0171v\u00e9szeti \u00e9s design fesztiv\u00e1l j\u00falius 22. \u00e9s 26. k\u00f6z\u00f6tt lesz Tihanyban, m\u00e1sok mellett a Moholy-Nagy M\u0171v\u00e9szeti Egyetem, a Ludwig M\u00fazeum, a Magyar K\u00e9pz\u0151m\u0171v\u00e9szeti Egyetem \u00e9s a Design Termin\u00e1l r\u00e9szv\u00e9tel\u00e9vel.<br \/>\n    Az id\u00e9n 25 \u00e9ves M\u0171v\u00e9szetek V\u00f6lgye, amelynek Kapolcs, Tali\u00e1nd\u00f6r\u00f6gd \u00e9s Vig\u00e1ntpetend ad otthont, j\u00falius 24-t\u0151l augusztus 2-ig tart t\u00f6bb sz\u00e1z programmal \u00e9s fell\u00e9p\u0151vel. A Paloznaki Jazz Pikniken (augusztus 7-8.) k\u00e9t sz\u00ednpadon lesznek koncertek, fell\u00e9p a holland szaxofonszt\u00e1r, Candy Dulfer, valamint a Sn\u00e9tberger Zenei Tehets\u00e9g K\u00f6zpont n\u00f6vend\u00e9kei is.(MTI)<\/p>\n","protected":false},"excerpt":{"rendered":"<p>Id\u00e9n is megrendezik a Nagyon Balaton programsorozatot: m\u00e1just\u00f3l szeptember v\u00e9g\u00e9ig 25 esem\u00e9ny v\u00e1rja az \u00e9rdekl\u0151d\u0151ket a Balaton r\u00e9gi\u00f3 rangos kultur\u00e1lis, gasztron\u00f3miai \u00e9s sportfesztiv\u00e1ljaival.<\/p>\n","protected":false},"author":1,"featured_media":0,"comment_status":"open","ping_status":"closed","sticky":false,"template":"","format":"standard","meta":[],"categories":[4,151],"tags":[],"_links":{"self":[{"href":"https:\/\/gazdasagportal.hu\/index.php\/wp-json\/wp\/v2\/posts\/61530"}],"collection":[{"href":"https:\/\/gazdasagportal.hu\/index.php\/wp-json\/wp\/v2\/posts"}],"about":[{"href":"https:\/\/gazdasagportal.hu\/index.php\/wp-json\/wp\/v2\/types\/post"}],"author":[{"embeddable":true,"href":"https:\/\/gazdasagportal.hu\/index.php\/wp-json\/wp\/v2\/users\/1"}],"replies":[{"embeddable":true,"href":"https:\/\/gazdasagportal.hu\/index.php\/wp-json\/wp\/v2\/comments?post=61530"}],"version-history":[{"count":1,"href":"https:\/\/gazdasagportal.hu\/index.php\/wp-json\/wp\/v2\/posts\/61530\/revisions"}],"predecessor-version":[{"id":61531,"href":"https:\/\/gazdasagportal.hu\/index.php\/wp-json\/wp\/v2\/posts\/61530\/revisions\/61531"}],"wp:attachment":[{"href":"https:\/\/gazdasagportal.hu\/index.php\/wp-json\/wp\/v2\/media?parent=61530"}],"wp:term":[{"taxonomy":"category","embeddable":true,"href":"https:\/\/gazdasagportal.hu\/index.php\/wp-json\/wp\/v2\/categories?post=61530"},{"taxonomy":"post_tag","embeddable":true,"href":"https:\/\/gazdasagportal.hu\/index.php\/wp-json\/wp\/v2\/tags?post=61530"}],"curies":[{"name":"wp","href":"https:\/\/api.w.org\/{rel}","templated":true}]}}