{"id":61526,"date":"2015-05-15T16:49:40","date_gmt":"2015-05-15T14:49:40","guid":{"rendered":"http:\/\/stockportal.hu\/?p=61526"},"modified":"2015-05-15T16:49:40","modified_gmt":"2015-05-15T14:49:40","slug":"a-roman-kormany-eltorli-a-borravalo-megadoztatasat","status":"publish","type":"post","link":"https:\/\/gazdasagportal.hu\/index.php\/a-roman-kormany-eltorli-a-borravalo-megadoztatasat\/","title":{"rendered":"A rom\u00e1n korm\u00e1ny elt\u00f6rli a borraval\u00f3 megad\u00f3ztat\u00e1s\u00e1t"},"content":{"rendered":"<p><strong>A rom\u00e1n korm\u00e1ny elt\u00f6rli a borraval\u00f3 n\u00e9h\u00e1ny napja bevezetett megad\u00f3ztat\u00e1s\u00e1t, ehelyett \u00e1tal\u00e1nyad\u00f3t vezet be, amely kor\u00e1bban is hat\u00e1lyban volt &#8211; jelentette be p\u00e9nteken Eugen Teodorovici rom\u00e1n p\u00e9nz\u00fcgyminiszter.<\/strong><!--more--><\/p>\n<div class=\"ads-in-post1\"><div id=\"gazdasagportal.hu_fullbanner_wideboard\"><\/div>\r\n<\/div>\n<p>    A t\u00e1rcavezet\u0151 a borraval\u00f3 megad\u00f3ztat\u00e1s\u00e1r\u00f3l rendezett egyik szakmai egyeztet\u00e9st k\u00f6vet\u0151en jelentette be, hogy elt\u00f6rlik e p\u00e9nzek 16 sz\u00e1zal\u00e9kos megad\u00f3ztat\u00e1s\u00e1t, mert nem lehet alkalmazni minden ter\u00fcleten. Rom\u00e1ni\u00e1ban a h\u00f3nap elej\u00e9t\u0151l van hat\u00e1lyban a borraval\u00f3 megad\u00f3ztat\u00e1s\u00e1r\u00f3l sz\u00f3l\u00f3 s\u00fcrg\u0151ss\u00e9gi korm\u00e1nyrendelet, amelyet az ombudsman p\u00e9nteken megt\u00e1madott az alkotm\u00e1nyb\u00edr\u00f3s\u00e1gon az ad\u00f3ellen\u0151rz\u00e9skor meg\u00e1llap\u00edtott kih\u00e1g\u00e1s alapj\u00e1n kir\u00f3tt b\u00edrs\u00e1gok miatt.<br \/>\n    A szolg\u00e1ltat\u00e1sokat v\u00e9gz\u0151 c\u00e9geknek k\u00fcl\u00f6n nyugtat\u00f6mb\u00f6n kell felt\u00fcntetni\u00fck a borraval\u00f3t, amelyre 16 sz\u00e1zal\u00e9kos ad\u00f3t fizetnek a jelenleg is hat\u00e1lyban l\u00e9v\u0151 rendelet szerint. Teodorovici nem k\u00f6z\u00f6lte, hogy mikort\u00f3l t\u00f6rlik el az ad\u00f3k\u00f6telezetts\u00e9get, de v\u00e1rhat\u00f3an a korm\u00e1ny \u00fajabb rendeletben hozza meg az err\u0151l sz\u00f3l\u00f3 d\u00f6nt\u00e9st.<br \/>\n    Teodorovici k\u00f6z\u00f6lte, hogy az idegenforgalomban tev\u00e9kenyked\u0151 v\u00e1llalatok eset\u00e9ben vezetik be az \u00faj \u00e1tal\u00e1nyad\u00f3t, amely v\u00e1rhat\u00f3an janu\u00e1r 1-t\u0151l az \u00faj ad\u00f3t\u00f6rv\u00e9nnyel egy\u00fctt l\u00e9p hat\u00e1lyba. Ezt a t\u00f6bb ad\u00f3cs\u00f6kkent\u00e9st is tartalmaz\u00f3  jogszab\u00e1lytervezetet a korm\u00e1ny terjesztette a parlament el\u00e9, \u00e9s a tervek szerint j\u00fanius v\u00e9g\u00e9ig fogadja el a t\u00f6rv\u00e9nyhoz\u00f3i test\u00fclet.<br \/>\n    A 2009 \u00e9s 2012 k\u00f6z\u00f6tt regn\u00e1l\u00f3 jobbk\u00f6z\u00e9p Boc-korm\u00e1ny idej\u00e9ben volt \u00e9rv\u00e9nyben az \u00e1tal\u00e1nyad\u00f3, amit a gazdas\u00e1gi v\u00e1ls\u00e1g miatt elapadt rom\u00e1n \u00e1llami k\u00f6lts\u00e9gvet\u00e9si bev\u00e9telek p\u00f3tl\u00e1sa c\u00e9lj\u00e1b\u00f3l vezettek be.<br \/>\n    Az Eur\u00f3pai Bizotts\u00e1g aggodalm\u00e1t fejezte ki a rom\u00e1n korm\u00e1ny \u00e1ltal tervezett ad\u00f3cs\u00f6kkent\u00e9sek miatt. A bukaresti kabinet j\u00fanius 1-t\u0151l kiterjesztette valamennyi \u00e9lelmiszerre a 9 sz\u00e1zal\u00e9kos kedvezm\u00e9nyes \u00e1f\u00e1t, janu\u00e1r 1-t\u0151l pedig 24 sz\u00e1zal\u00e9kr\u00f3l 20 sz\u00e1zal\u00e9kra cs\u00f6kkenti az \u00e1f\u00e1t, \u00e9s elt\u00f6rli az osztal\u00e9kad\u00f3t.(MTI)<\/p>\n","protected":false},"excerpt":{"rendered":"<p>A rom\u00e1n korm\u00e1ny elt\u00f6rli a borraval\u00f3 n\u00e9h\u00e1ny napja bevezetett megad\u00f3ztat\u00e1s\u00e1t, ehelyett \u00e1tal\u00e1nyad\u00f3t vezet be, amely kor\u00e1bban is hat\u00e1lyban volt &#8211; jelentette be p\u00e9nteken Eugen Teodorovici rom\u00e1n p\u00e9nz\u00fcgyminiszter.<\/p>\n","protected":false},"author":1,"featured_media":0,"comment_status":"open","ping_status":"closed","sticky":false,"template":"","format":"standard","meta":[],"categories":[12],"tags":[],"_links":{"self":[{"href":"https:\/\/gazdasagportal.hu\/index.php\/wp-json\/wp\/v2\/posts\/61526"}],"collection":[{"href":"https:\/\/gazdasagportal.hu\/index.php\/wp-json\/wp\/v2\/posts"}],"about":[{"href":"https:\/\/gazdasagportal.hu\/index.php\/wp-json\/wp\/v2\/types\/post"}],"author":[{"embeddable":true,"href":"https:\/\/gazdasagportal.hu\/index.php\/wp-json\/wp\/v2\/users\/1"}],"replies":[{"embeddable":true,"href":"https:\/\/gazdasagportal.hu\/index.php\/wp-json\/wp\/v2\/comments?post=61526"}],"version-history":[{"count":1,"href":"https:\/\/gazdasagportal.hu\/index.php\/wp-json\/wp\/v2\/posts\/61526\/revisions"}],"predecessor-version":[{"id":61527,"href":"https:\/\/gazdasagportal.hu\/index.php\/wp-json\/wp\/v2\/posts\/61526\/revisions\/61527"}],"wp:attachment":[{"href":"https:\/\/gazdasagportal.hu\/index.php\/wp-json\/wp\/v2\/media?parent=61526"}],"wp:term":[{"taxonomy":"category","embeddable":true,"href":"https:\/\/gazdasagportal.hu\/index.php\/wp-json\/wp\/v2\/categories?post=61526"},{"taxonomy":"post_tag","embeddable":true,"href":"https:\/\/gazdasagportal.hu\/index.php\/wp-json\/wp\/v2\/tags?post=61526"}],"curies":[{"name":"wp","href":"https:\/\/api.w.org\/{rel}","templated":true}]}}