{"id":61402,"date":"2015-05-14T11:12:46","date_gmt":"2015-05-14T09:12:46","guid":{"rendered":"http:\/\/stockportal.hu\/?p=61402"},"modified":"2015-05-14T11:12:46","modified_gmt":"2015-05-14T09:12:46","slug":"koltsegvetes-tobb-penzt-hagy-a-lakossagnal-a-jovo-evi-koltsegvetes","status":"publish","type":"post","link":"https:\/\/gazdasagportal.hu\/index.php\/koltsegvetes-tobb-penzt-hagy-a-lakossagnal-a-jovo-evi-koltsegvetes\/","title":{"rendered":"K\u00f6lts\u00e9gvet\u00e9s &#8211; T\u00f6bb p\u00e9nzt hagy a lakoss\u00e1gn\u00e1l a j\u00f6v\u0151 \u00e9vi k\u00f6lts\u00e9gvet\u00e9s"},"content":{"rendered":"<p><strong>Az ad\u00f3cs\u00f6kkent\u00e9sek r\u00e9v\u00e9n t\u00f6bb p\u00e9nzt hagy a lakoss\u00e1gn\u00e1l a j\u00f6v\u0151 \u00e9vi k\u00f6lts\u00e9gvet\u00e9si t\u00f6rv\u00e9nyjavaslat, de a kiad\u00e1si oldalon is t\u00f6bb forr\u00e1s jut sz\u00e1mos ter\u00fcletre &#8211; mondta Banai P\u00e9ter Ben\u0151, a Nemzetgazdas\u00e1gi Miniszt\u00e9rium (NGM) \u00e1llamh\u00e1ztart\u00e1s\u00e9rt felel\u0151s \u00e1llamtitk\u00e1ra az M1 aktu\u00e1lis csatorna cs\u00fct\u00f6rt\u00f6ki m\u0171sor\u00e1ban.<\/strong><!--more--><\/p>\n<div class=\"ads-in-post1\"><div id=\"gazdasagportal.hu_fullbanner_wideboard\"><\/div>\r\n<\/div>\n<p>    Az \u00e1llamtitk\u00e1r hozz\u00e1tette: az alapt\u00f6rv\u00e9ny szerint a k\u00f6lts\u00e9gvet\u00e9snek az \u00e1llamad\u00f3ss\u00e1g cs\u00f6kken\u00e9s\u00e9t kell eredm\u00e9nyeznie. A cs\u00f6kken\u00e9s m\u00e9rt\u00e9k\u00e9t meghat\u00e1roz\u00f3 k\u00e9pletet m\u00f3dos\u00edtani fogj\u00e1k. Az \u00e1llamtitk\u00e1r arra sz\u00e1m\u00edt, hogy GDP-ar\u00e1nyosan 1-2 sz\u00e1zal\u00e9kponttal cs\u00f6kkenhet \u00edgy az \u00e1llamad\u00f3ss\u00e1g.<br \/>\n    Banai P\u00e9ter Ben\u0151 hangs\u00falyozta: szeretn\u00e9k el\u00e9rni, hogy az \u00e1llamad\u00f3ss\u00e1got egyre nagyobb m\u00e9rt\u00e9kben bels\u0151 forr\u00e1sb\u00f3l, lakoss\u00e1gi \u00e1llampap\u00edrokkal finansz\u00edrozz\u00e1k. Ez az\u00e9rt l\u00e9nyeges, mert \u00edgy a k\u00f6lts\u00e9gvet\u00e9s \u00e1ltal az \u00e1llampap\u00edrokra fizetett kamat a lakoss\u00e1g j\u00f6vedelmi helyzet\u00e9t jav\u00edtja, nem k\u00fclf\u00f6ldre \u00e1ramlik &#8211; fejtette ki.<br \/>\n(MTI)<\/p>\n","protected":false},"excerpt":{"rendered":"<p>Az ad\u00f3cs\u00f6kkent\u00e9sek r\u00e9v\u00e9n t\u00f6bb p\u00e9nzt hagy a lakoss\u00e1gn\u00e1l a j\u00f6v\u0151 \u00e9vi k\u00f6lts\u00e9gvet\u00e9si t\u00f6rv\u00e9nyjavaslat, de a kiad\u00e1si oldalon is t\u00f6bb forr\u00e1s jut sz\u00e1mos ter\u00fcletre &#8211; mondta Banai P\u00e9ter Ben\u0151, a Nemzetgazdas\u00e1gi Miniszt\u00e9rium (NGM) \u00e1llamh\u00e1ztart\u00e1s\u00e9rt felel\u0151s \u00e1llamtitk\u00e1ra az M1 aktu\u00e1lis csatorna cs\u00fct\u00f6rt\u00f6ki m\u0171sor\u00e1ban.<\/p>\n","protected":false},"author":1,"featured_media":0,"comment_status":"open","ping_status":"closed","sticky":false,"template":"","format":"standard","meta":[],"categories":[19],"tags":[],"_links":{"self":[{"href":"https:\/\/gazdasagportal.hu\/index.php\/wp-json\/wp\/v2\/posts\/61402"}],"collection":[{"href":"https:\/\/gazdasagportal.hu\/index.php\/wp-json\/wp\/v2\/posts"}],"about":[{"href":"https:\/\/gazdasagportal.hu\/index.php\/wp-json\/wp\/v2\/types\/post"}],"author":[{"embeddable":true,"href":"https:\/\/gazdasagportal.hu\/index.php\/wp-json\/wp\/v2\/users\/1"}],"replies":[{"embeddable":true,"href":"https:\/\/gazdasagportal.hu\/index.php\/wp-json\/wp\/v2\/comments?post=61402"}],"version-history":[{"count":1,"href":"https:\/\/gazdasagportal.hu\/index.php\/wp-json\/wp\/v2\/posts\/61402\/revisions"}],"predecessor-version":[{"id":61403,"href":"https:\/\/gazdasagportal.hu\/index.php\/wp-json\/wp\/v2\/posts\/61402\/revisions\/61403"}],"wp:attachment":[{"href":"https:\/\/gazdasagportal.hu\/index.php\/wp-json\/wp\/v2\/media?parent=61402"}],"wp:term":[{"taxonomy":"category","embeddable":true,"href":"https:\/\/gazdasagportal.hu\/index.php\/wp-json\/wp\/v2\/categories?post=61402"},{"taxonomy":"post_tag","embeddable":true,"href":"https:\/\/gazdasagportal.hu\/index.php\/wp-json\/wp\/v2\/tags?post=61402"}],"curies":[{"name":"wp","href":"https:\/\/api.w.org\/{rel}","templated":true}]}}