{"id":61375,"date":"2015-05-14T06:45:35","date_gmt":"2015-05-14T04:45:35","guid":{"rendered":"http:\/\/stockportal.hu\/?p=61375"},"modified":"2015-05-14T07:19:34","modified_gmt":"2015-05-14T05:19:34","slug":"vihar-az-orszag-nagy-reszen-tovabbra-is-figyelmeztetes-van-ervenyben","status":"publish","type":"post","link":"https:\/\/gazdasagportal.hu\/index.php\/vihar-az-orszag-nagy-reszen-tovabbra-is-figyelmeztetes-van-ervenyben\/","title":{"rendered":"Vihar \u2013 80 km feletti sz\u00e9l, j\u00e9ges\u0151, jelent\u0151s mennyis\u00e9g\u0171 csapad\u00e9k, tov\u00e1bbra is figyelmeztet\u00e9s van \u00e9rv\u00e9nyben"},"content":{"rendered":"<p><strong>Mindenhol m\u00e9rs\u00e9kelt\u00e9k a kor\u00e1bban kiadott m\u00e1sodfok\u00fa riaszt\u00e1sokat, de az orsz\u00e1g nagy r\u00e9sz\u00e9n tov\u00e1bbra is els\u0151fok\u00fa figyelmeztet\u00e9s van \u00e9rv\u00e9nyben a heves zivatar \u00e9s a felh\u0151szakad\u00e1s vesz\u00e9lye miatt.<\/strong><!--more--><\/p>\n<div class=\"ads-in-post1\"><div id=\"gazdasagportal.hu_fullbanner_wideboard\"><\/div>\r\n<\/div>\n<p>Az Orsz\u00e1gos Meteorol\u00f3giai Szolg\u00e1lat cs\u00fct\u00f6rt\u00f6k\u00f6n az MTI-hez eljuttatott vesz\u00e9lyjelz\u00e9s\u00e9ben azt \u00edrta: reggel \u00e9szakkeleten m\u00e9g t\u00f6bb helyen val\u00f3sz\u00edn\u0171 zivatar, majd \u00e1tmeneti stabiliz\u00e1l\u00f3d\u00e1s ut\u00e1n az orsz\u00e1g d\u00e9li r\u00e9sz\u00e9n \u00e9s \u00e9szakkeleten alakul ki jobb es\u00e9llyel ism\u00e9t helyenk\u00e9nt zivatar. Egy-egy hevesebb zivatarra is sz\u00e1m\u00edtani lehet, amelyet 80 kilom\u00e9ter\/\u00f3ra feletti sz\u00e9l, j\u00e9ges\u0151, valamint jelent\u0151s mennyis\u00e9g\u0171 csapad\u00e9k k\u00eds\u00e9rhet.<\/p>\n<p><a href=\"http:\/\/stockportal.hu\/wp-content\/uploads\/2015\/05\/watz20150514_0500.png\" target=\"_blank\" rel=\"noopener\"><img decoding=\"async\" loading=\"lazy\" class=\"aligncenter size-full wp-image-61384\" src=\"http:\/\/stockportal.hu\/wp-content\/uploads\/2015\/05\/watz20150514_0500.png\" alt=\"watz20150514_0500\" width=\"640\" height=\"448\" srcset=\"https:\/\/gazdasagportal.hu\/wp-content\/uploads\/2015\/05\/watz20150514_0500.png 640w, https:\/\/gazdasagportal.hu\/wp-content\/uploads\/2015\/05\/watz20150514_0500-300x210.png 300w\" sizes=\"(max-width: 640px) 100vw, 640px\" \/><\/a><\/p>\n<p style=\"text-align: center;\">forr\u00e1s: met.hu<\/p><div id=\"gazda-3718251350\" class=\"gazda-tartalomban gazda-entity-placement\"><script async src=\"https:\/\/pagead2.googlesyndication.com\/pagead\/js\/adsbygoogle.js\"><\/script>\r\n<ins class=\"adsbygoogle\"\r\n     style=\"display:block\"\r\n     data-ad-format=\"fluid\"\r\n     data-ad-layout-key=\"-6t+ed+2i-1n-4w\"\r\n     data-ad-client=\"ca-pub-1959107119989764\"\r\n     data-ad-slot=\"4008251320\"><\/ins>\r\n<script>\r\n     (adsbygoogle = window.adsbygoogle || []).push({});\r\n<\/script><\/div>\n<p>Az Orsz\u00e1gos Meteorol\u00f3giai Szolg\u00e1lat cs\u00fct\u00f6rt\u00f6kre Baranya, B\u00e1cs-Kiskun, B\u00e9k\u00e9s, Borsod-Aba\u00faj-Zempl\u00e9n, Csongr\u00e1d, Hajd\u00fa-Bihar, Heves, J\u00e1sz-Nagykun-Szolnok, N\u00f3gr\u00e1d, Somogy, Szabolcs-Szatm\u00e1r-Bereg, Tolna \u00e9s Zala megy\u00e9re a v\u00e1rhat\u00f3 heves zivatar \u00e9s a felh\u0151szakad\u00e1s vesz\u00e9lye miatt els\u0151fok\u00fa figyelmeztet\u00e9st adott ki.<br \/>\nPest megy\u00e9ben \u00e9s a f\u0151v\u00e1rosban csak a felh\u0151szakad\u00e1s vesz\u00e9lye miatt van \u00e9rv\u00e9nyben els\u0151fok\u00fa figyelmeztet\u00e9s, amely azt jelenti, hogy r\u00f6vid id\u0151 alatt 25-30 millim\u00e9tern\u00e9l is t\u00f6bb es\u0151 hullhat le.<br \/>\nAz el\u0151rejelz\u00e9s szerint a nap m\u00e1sodik fel\u00e9ben elsz\u00f3rt jelleggel fordulnak el\u0151 z\u00e1porok, zivatarok, de emellett m\u00e1r hosszabb id\u0151re kis\u00fct a nap. A d\u00e9lut\u00e1ni \u00f3r\u00e1kban els\u0151sorban a D\u00e9l-Dun\u00e1nt\u00falon, valamint az Alf\u00f6ld \u00e9szaki r\u00e9sz\u00e9n fordulhat el\u0151 egy-egy hevesebb zivatar. T\u00f6bb helyen a zivatarokt\u00f3l f\u00fcggetlen\u00fcl is meger\u0151s\u00f6dhet a sz\u00e9l. A legmagasabb nappali h\u0151m\u00e9rs\u00e9klet 20-26 Celsius-fok k\u00f6z\u00f6tt val\u00f3sz\u00edn\u0171, k\u00e9s\u0151 est\u00e9re 14-19 fok k\u00f6z\u00e9 h\u0171l a leveg\u0151.(MTI)<\/p>\n","protected":false},"excerpt":{"rendered":"<p>Mindenhol m\u00e9rs\u00e9kelt\u00e9k a kor\u00e1bban kiadott m\u00e1sodfok\u00fa riaszt\u00e1sokat, de az orsz\u00e1g nagy r\u00e9sz\u00e9n tov\u00e1bbra is els\u0151fok\u00fa figyelmeztet\u00e9s van \u00e9rv\u00e9nyben a heves zivatar \u00e9s a felh\u0151szakad\u00e1s vesz\u00e9lye miatt.<\/p>\n","protected":false},"author":1,"featured_media":0,"comment_status":"open","ping_status":"closed","sticky":false,"template":"","format":"standard","meta":[],"categories":[4,151],"tags":[],"_links":{"self":[{"href":"https:\/\/gazdasagportal.hu\/index.php\/wp-json\/wp\/v2\/posts\/61375"}],"collection":[{"href":"https:\/\/gazdasagportal.hu\/index.php\/wp-json\/wp\/v2\/posts"}],"about":[{"href":"https:\/\/gazdasagportal.hu\/index.php\/wp-json\/wp\/v2\/types\/post"}],"author":[{"embeddable":true,"href":"https:\/\/gazdasagportal.hu\/index.php\/wp-json\/wp\/v2\/users\/1"}],"replies":[{"embeddable":true,"href":"https:\/\/gazdasagportal.hu\/index.php\/wp-json\/wp\/v2\/comments?post=61375"}],"version-history":[{"count":4,"href":"https:\/\/gazdasagportal.hu\/index.php\/wp-json\/wp\/v2\/posts\/61375\/revisions"}],"predecessor-version":[{"id":61385,"href":"https:\/\/gazdasagportal.hu\/index.php\/wp-json\/wp\/v2\/posts\/61375\/revisions\/61385"}],"wp:attachment":[{"href":"https:\/\/gazdasagportal.hu\/index.php\/wp-json\/wp\/v2\/media?parent=61375"}],"wp:term":[{"taxonomy":"category","embeddable":true,"href":"https:\/\/gazdasagportal.hu\/index.php\/wp-json\/wp\/v2\/categories?post=61375"},{"taxonomy":"post_tag","embeddable":true,"href":"https:\/\/gazdasagportal.hu\/index.php\/wp-json\/wp\/v2\/tags?post=61375"}],"curies":[{"name":"wp","href":"https:\/\/api.w.org\/{rel}","templated":true}]}}