{"id":61371,"date":"2015-05-14T02:24:48","date_gmt":"2015-05-14T00:24:48","guid":{"rendered":"http:\/\/stockportal.hu\/?p=61371"},"modified":"2015-05-13T23:52:38","modified_gmt":"2015-05-13T21:52:38","slug":"csehorszag-egyedul-akar-donteni-a-menekultekrol","status":"publish","type":"post","link":"https:\/\/gazdasagportal.hu\/index.php\/csehorszag-egyedul-akar-donteni-a-menekultekrol\/","title":{"rendered":"Csehorsz\u00e1g egyed\u00fcl akar d\u00f6nteni a menek\u00fcltekr\u0151l"},"content":{"rendered":"<p><strong>Csehorsz\u00e1g saj\u00e1t korm\u00e1nya szuver\u00e9n d\u00f6nt\u00e9se alapj\u00e1n k\u00edv\u00e1n seg\u00edts\u00e9get ny\u00fajtani a menek\u00fclteknek, nem pedig az Eur\u00f3pai Uni\u00f3 \u00e1ltal\u00e1nosan megfogalmazott mechanizmusai alapj\u00e1n &#8211; jelentette ki Bohuslav Sobotka cseh minisztereln\u00f6k a korm\u00e1ny szerdai \u00fcl\u00e9se ut\u00e1ni sajt\u00f3t\u00e1j\u00e9koztat\u00f3n Pr\u00e1g\u00e1ban.<\/strong><!--more--><\/p>\n<div class=\"ads-in-post1\"><div id=\"gazdasagportal.hu_fullbanner_wideboard\"><\/div>\r\n<\/div>\n<p>    Sobotka ezzel az Eur\u00f3pai Bizotts\u00e1g szerdai \u00fcl\u00e9s\u00e9re reag\u00e1lt, amelyen a test\u00fclet javaslatcsomagot terjesztett el\u0151 a migr\u00e1ci\u00f3s hull\u00e1m kezel\u00e9s\u00e9re. A szerdai d\u00f6nt\u00e9s szerint a br\u00fcsszeli bizotts\u00e1g m\u00e1jus v\u00e9g\u00e9ig a tagorsz\u00e1gok k\u00f6z\u00f6tti \u00e1tmeneti jelleg\u0171 eloszt\u00e1si mechanizmusra tesz majd javaslatot, amely az uni\u00f3n bel\u00fcl egy\u00e9rtelm\u0171en nemzetk\u00f6zi v\u00e9delemre szorul\u00f3 szem\u00e9lyekre vonatkozik majd.<br \/>\n    &#8222;A k\u00f6telez\u0151 befogad\u00e1si kv\u00f3t\u00e1kat elutas\u00edtjuk&#8221; &#8211; sz\u00f6gezte le a minisztereln\u00f6k.<br \/>\n    Sobotka szerint Csehorsz\u00e1g k\u00e9szen \u00e1ll arra, hogy t\u00f6bb p\u00e9nzt k\u00fcl\u00f6n\u00edtsen el a menek\u00fclteknek sz\u00e1nt seg\u00edts\u00e9gre. Ezt azonban els\u0151sorban azokban az orsz\u00e1gokban kellene \u00e9rtelmesen felhaszn\u00e1lni, ahonnan az Eur\u00f3p\u00e1ba \u00f6z\u00f6nl\u0151 menek\u00fcltek sz\u00e1rmaznak. Pr\u00e1ga a seg\u00edts\u00e9get \u00f6nk\u00e9ntes alapon, lehet\u0151s\u00e9gei szerint k\u00edv\u00e1nja megadni a menek\u00fclteknek.<br \/>\n    &#8222;Az Eur\u00f3pai Uni\u00f3 tag\u00e1llamainak korm\u00e1nyai tudj\u00e1k a legjobban, milyen n\u00e1luk a helyzet&#8221; &#8211; mutatott r\u00e1 a cseh korm\u00e1nyf\u0151.<br \/>\n    Sobotka m\u00e1r kedden a cseh-szlov\u00e1k k\u00f6z\u00f6s korm\u00e1ny\u00fcl\u00e9s ut\u00e1n a d\u00e9l-morvaorsz\u00e1gi Valtic\u00e9ben kifejezte meggy\u0151z\u0151d\u00e9s\u00e9t, hogy minden orsz\u00e1g \u00f6nmaga tudja a legjobban eld\u00f6nteni, hogy a szolidarit\u00e1s jegy\u00e9ben milyen int\u00e9zked\u00e9seket tud megval\u00f3s\u00edtani. &#8222;Ezt semmif\u00e9le kv\u00f3t\u00e1k nem helyettes\u00edthetik. Nem \u00e9rt\u00fcnk egyet a kv\u00f3t\u00e1k bevezet\u00e9s\u00e9vel&#8221; &#8211; h\u00fazta al\u00e1 kedden Sobotka.<br \/>\n    Csehorsz\u00e1g ezt az \u00e1ll\u00e1spontot fogja k\u00e9pviselni az Eur\u00f3pai Tan\u00e1csban is. &#8222;V\u00e9deni akarjuk orsz\u00e1gunk \u00e9rdekeit \u00e9s a j\u00f3zan \u00e9sz elveit is&#8221; &#8211; hangs\u00falyozta a korm\u00e1nyf\u0151. Megjegyezte: Csehorsz\u00e1g nem c\u00e9lorsz\u00e1ga a bev\u00e1ndorl\u00f3knak, \u00e9s a schengeni t\u00e9rs\u00e9gen bel\u00fcl nem tudja megakad\u00e1lyozni, hogy a menek\u00fcltek b\u00e1rmikor m\u00e1s orsz\u00e1gba menjenek \u00e1t.  &#8222;A kv\u00f3t\u00e1k rendszere ez\u00e9rt megval\u00f3s\u00edthatatlan \u00e9s hosszabb t\u00e1von tarthatatlan&#8221; &#8211; v\u00e9lekedett a politikus.<br \/>\n    A nyilv\u00e1noss\u00e1gra hozott adatok szerint Csehorsz\u00e1g tavaly 765 szem\u00e9lynek ny\u00fajtott politikai mened\u00e9ket, legt\u00f6bbj\u00fck Ukrajn\u00e1b\u00f3l, Sz\u00edri\u00e1b\u00f3l \u00e9s Kub\u00e1b\u00f3l sz\u00e1rmazott. Szlov\u00e1ki\u00e1ban tavaly 175 k\u00fclf\u00f6ldi kapott mened\u00e9ket.(MTI)<\/p>\n","protected":false},"excerpt":{"rendered":"<p>Csehorsz\u00e1g saj\u00e1t korm\u00e1nya szuver\u00e9n d\u00f6nt\u00e9se alapj\u00e1n k\u00edv\u00e1n seg\u00edts\u00e9get ny\u00fajtani a menek\u00fclteknek, nem pedig az Eur\u00f3pai Uni\u00f3 \u00e1ltal\u00e1nosan megfogalmazott mechanizmusai alapj\u00e1n &#8211; jelentette ki Bohuslav Sobotka cseh minisztereln\u00f6k a korm\u00e1ny szerdai \u00fcl\u00e9se ut\u00e1ni sajt\u00f3t\u00e1j\u00e9koztat\u00f3n Pr\u00e1g\u00e1ban.<\/p>\n","protected":false},"author":1,"featured_media":0,"comment_status":"open","ping_status":"closed","sticky":false,"template":"","format":"standard","meta":[],"categories":[12],"tags":[],"_links":{"self":[{"href":"https:\/\/gazdasagportal.hu\/index.php\/wp-json\/wp\/v2\/posts\/61371"}],"collection":[{"href":"https:\/\/gazdasagportal.hu\/index.php\/wp-json\/wp\/v2\/posts"}],"about":[{"href":"https:\/\/gazdasagportal.hu\/index.php\/wp-json\/wp\/v2\/types\/post"}],"author":[{"embeddable":true,"href":"https:\/\/gazdasagportal.hu\/index.php\/wp-json\/wp\/v2\/users\/1"}],"replies":[{"embeddable":true,"href":"https:\/\/gazdasagportal.hu\/index.php\/wp-json\/wp\/v2\/comments?post=61371"}],"version-history":[{"count":1,"href":"https:\/\/gazdasagportal.hu\/index.php\/wp-json\/wp\/v2\/posts\/61371\/revisions"}],"predecessor-version":[{"id":61372,"href":"https:\/\/gazdasagportal.hu\/index.php\/wp-json\/wp\/v2\/posts\/61371\/revisions\/61372"}],"wp:attachment":[{"href":"https:\/\/gazdasagportal.hu\/index.php\/wp-json\/wp\/v2\/media?parent=61371"}],"wp:term":[{"taxonomy":"category","embeddable":true,"href":"https:\/\/gazdasagportal.hu\/index.php\/wp-json\/wp\/v2\/categories?post=61371"},{"taxonomy":"post_tag","embeddable":true,"href":"https:\/\/gazdasagportal.hu\/index.php\/wp-json\/wp\/v2\/tags?post=61371"}],"curies":[{"name":"wp","href":"https:\/\/api.w.org\/{rel}","templated":true}]}}