{"id":61363,"date":"2015-05-14T03:04:32","date_gmt":"2015-05-14T01:04:32","guid":{"rendered":"http:\/\/stockportal.hu\/?p=61363"},"modified":"2015-05-13T23:44:17","modified_gmt":"2015-05-13T21:44:17","slug":"koltsegvetes-elemzok-pozitiv-a-foszamok-csokkenese-tarthato-a-hianycel","status":"publish","type":"post","link":"https:\/\/gazdasagportal.hu\/index.php\/koltsegvetes-elemzok-pozitiv-a-foszamok-csokkenese-tarthato-a-hianycel\/","title":{"rendered":"K\u00f6lts\u00e9gvet\u00e9s &#8211; Elemz\u0151k: pozit\u00edv a f\u0151sz\u00e1mok cs\u00f6kken\u00e9se, tarthat\u00f3 a hi\u00e1nyc\u00e9l"},"content":{"rendered":"<p><strong>Az Erste Bank elemz\u0151je pozit\u00edv fejlem\u00e9nynek tartja, hogy a 2016. \u00e9vi k\u00f6lts\u00e9gvet\u00e9s az idein\u00e9l kisebb bev\u00e9teli \u00e9s kiad\u00e1si f\u0151\u00f6sszeggel sz\u00e1mol, az ING Bank \u00e9s a K&#038;H Bank szak\u00e9rt\u0151je szerint is tarthat\u00f3 a j\u00f6v\u0151 \u00e9vi 2 sz\u00e1zal\u00e9kos deficitc\u00e9l.<\/strong><!--more--><\/p>\n<div class=\"ads-in-post1\"><div id=\"gazdasagportal.hu_fullbanner_wideboard\"><\/div>\r\n<\/div>\n<p>    Balatoni Andr\u00e1s, az ING Bank vezet\u0151 elemz\u0151je \u00fagy v\u00e9li, a GDP-hez m\u00e9rten 2 sz\u00e1zal\u00e9kos deficitc\u00e9l tarthat\u00f3 j\u00f6v\u0151re, \u00e9s mutatja, hogy a korm\u00e1ny elt\u00f6k\u00e9lt az ad\u00f3ss\u00e1gr\u00e1ta cs\u00f6kkent\u00e9s\u00e9ben, amelyre az emelked\u0151 ad\u00f3bev\u00e9telek adj\u00e1k a fedezetet, mint az \u00e1ltal\u00e1nos forgalmi ad\u00f3 (\u00e1fa), a szem\u00e9lyi j\u00f6vedelemad\u00f3 (szja) \u00e9s a t\u00e1rsadalombiztos\u00edt\u00e1si hozz\u00e1j\u00e1rul\u00e1s.<br \/>\n    Az emelked\u0151 ad\u00f3bev\u00e9telek \u00e9s az ad\u00f3ss\u00e1gr\u00e1ta cs\u00f6kkent\u00e9se mellett is van lehet\u0151s\u00e9g ugyanakkor arra, hogy a korm\u00e1ny n\u00f6velje kiad\u00e1sait, vagy cs\u00f6kkentsen bizonyos ad\u00f3nemeket, mint a h\u00fas \u00e1f\u00e1ja &#8211; tette hozz\u00e1.<br \/>\n    Az elemz\u0151 az MTI \u00e9rdekl\u0151d\u00e9s\u00e9re elmondta: jobb is, hogy a 2016. \u00e9vi k\u00f6lts\u00e9gvet\u00e9si terv nem felel meg az ad\u00f3ss\u00e1gk\u00e9pletnek, mivel a jelenleg \u00e9rv\u00e9nyben l\u00e9v\u0151 k\u00e9plet nagyon feler\u0151s\u00edti a gazdas\u00e1gi ciklus hat\u00e1sait, rosszul reag\u00e1l bizonyos sokkokra, ez\u00e9rt fontos, hogy azt elt\u00f6r\u00f6lj\u00e9k \u00e9s helyettes\u00edts\u00e9k, vagy teljesen \u00e1t\u00edrj\u00e1k.<br \/>\n    \u00dcrm\u00f6ssy Gergely, az Erste Bank Hungary elemz\u0151je pozit\u00edv fejlem\u00e9nynek tartja, hogy az idei k\u00f6lts\u00e9gvet\u00e9shez k\u00e9pest nagys\u00e1grenddel cs\u00f6kkennek a 2016. \u00e9vi f\u0151 sz\u00e1mok: a kiad\u00e1si oldal t\u00f6bb mint 600 milli\u00e1rd forinttal, a bev\u00e9teli t\u00f6bb mint 500 milli\u00e1rd forinttal kevesebb az idei el\u0151ir\u00e1nyzatn\u00e1l.<br \/>\n    Hozz\u00e1f\u0171zte: amennyiben k\u00e9s\u0151bb, az \u0151szi tervez\u00e9si id\u0151szakban a korm\u00e1ny m\u00e9gis v\u00e1ltoztat a f\u0151sz\u00e1mokon, akkor ink\u00e1bb bizalomrombol\u00f3 hat\u00e1sa lesz a korai k\u00f6lts\u00e9gvet\u00e9si tervez\u00e9snek.<br \/>\n    A korm\u00e1ny \u00e1ltal j\u00f6v\u0151re v\u00e1rt 1,6 sz\u00e1zal\u00e9kos infl\u00e1ci\u00f3t az elemz\u0151 t\u00fal alacsonynak tartja, az elemz\u0151i v\u00e1rakoz\u00e1sok \u00e1tlaga k\u00f6zel van a 3 sz\u00e1zal\u00e9khoz. Ezzel kapcsolatban \u00fagy v\u00e9lekedett, elk\u00e9pzelhet\u0151, hogy v\u00e1rhat\u00f3k olyan int\u00e9zked\u00e9sek &#8211; p\u00e9ld\u00e1ul \u00fajabb rezsics\u00f6kkent\u00e9s -, amelyek az infl\u00e1ci\u00f3t tov\u00e1bbra is a jelenlegi alacsony szinten tartj\u00e1k majd.<br \/>\n    N\u00e9meth D\u00e1vid, a K&#038;H Bank vezet\u0151 elemz\u0151je alapvet\u0151en az elemz\u0151i konszenzussal \u00f6sszhangban l\u00e9v\u0151nek nevezte a makrogazdas\u00e1gi p\u00e1ly\u00e1t, amelyre a 2016-os b\u00fcdzs\u00e9 \u00e9p\u00fcl.<br \/>\n    Al\u00e1h\u00fazva, hogy m\u00e9ly elemz\u00e9sre m\u00e9g nem volt id\u0151, a 2,5 sz\u00e1zal\u00e9kos GDP el\u0151rejelz\u00e9st \u00e9s az 1,6 sz\u00e1zal\u00e9kos infl\u00e1ci\u00f3s tervet is teljes\u00edthet\u0151nek nevezte, megjegyezve: az ut\u00f3bbi \u00e9vekt\u0151l elt\u00e9r\u0151en a korm\u00e1nyzat nem becs\u00fclte fel\u00fcl a v\u00e1rhat\u00f3 p\u00e9nzroml\u00e1st.<br \/>\n    A k\u00f6lts\u00e9gvet\u00e9s szerinte arra \u00e9p\u00edt, hogy \u00f6szt\u00f6n\u00f6zve a lakoss\u00e1gi fogyaszt\u00e1st igyekszik fenntartani a gazdas\u00e1gi n\u00f6veked\u00e9s \u00fctem\u00e9t, amelynek idei f\u0151 \u00f6szt\u00f6nz\u0151i az uni\u00f3s p\u00e9nzek d\u00f6mpingje \u00e9s a korm\u00e1nyzati kiad\u00e1sok is csak m\u00e9rs\u00e9keltebbek lehetnek az elk\u00f6vetkez\u0151 \u00e9vben.<br \/>\n    &#8222;L\u00e1tszik, hogy a k\u00f6lts\u00e9gvet\u00e9si fegyelmen nem laz\u00edt a korm\u00e1nyzat&#8221; &#8211; tette hozz\u00e1, megjegyezve: az ad\u00f3cs\u00f6kkent\u00e9sek fedezet\u00e9t els\u0151sorban a kamatkiad\u00e1sok cs\u00f6kken\u00e9se adja, az els\u0151dleges egyenleg szinte v\u00e1ltozatlan. A tervezett 2 sz\u00e1zal\u00e9kos hi\u00e1nyc\u00e9l is teljes\u00edthet\u0151.<br \/>\n    Ugyanakkor hi\u00e1nyolta, hogy a k\u00f6lts\u00e9gvet\u00e9sben nem jelennek meg nagyl\u00e9pt\u00e9k\u0171 szerkezeti reformok. Ilyen lehetett volna szerinte az oktat\u00e1s, illetve az eg\u00e9szs\u00e9g\u00fcgy kiad\u00e1sainak jelent\u0151s emel\u00e9se, az egy\u00e9b kiad\u00e1sok terh\u00e9re.(MTI)<\/p>\n","protected":false},"excerpt":{"rendered":"<p>Az Erste Bank elemz\u0151je pozit\u00edv fejlem\u00e9nynek tartja, hogy a 2016. \u00e9vi k\u00f6lts\u00e9gvet\u00e9s az idein\u00e9l kisebb bev\u00e9teli \u00e9s kiad\u00e1si f\u0151\u00f6sszeggel sz\u00e1mol, az ING Bank \u00e9s a K&#038;H Bank szak\u00e9rt\u0151je szerint is tarthat\u00f3 a j\u00f6v\u0151 \u00e9vi 2 sz\u00e1zal\u00e9kos deficitc\u00e9l.<\/p>\n","protected":false},"author":1,"featured_media":0,"comment_status":"open","ping_status":"closed","sticky":false,"template":"","format":"standard","meta":[],"categories":[19],"tags":[],"_links":{"self":[{"href":"https:\/\/gazdasagportal.hu\/index.php\/wp-json\/wp\/v2\/posts\/61363"}],"collection":[{"href":"https:\/\/gazdasagportal.hu\/index.php\/wp-json\/wp\/v2\/posts"}],"about":[{"href":"https:\/\/gazdasagportal.hu\/index.php\/wp-json\/wp\/v2\/types\/post"}],"author":[{"embeddable":true,"href":"https:\/\/gazdasagportal.hu\/index.php\/wp-json\/wp\/v2\/users\/1"}],"replies":[{"embeddable":true,"href":"https:\/\/gazdasagportal.hu\/index.php\/wp-json\/wp\/v2\/comments?post=61363"}],"version-history":[{"count":1,"href":"https:\/\/gazdasagportal.hu\/index.php\/wp-json\/wp\/v2\/posts\/61363\/revisions"}],"predecessor-version":[{"id":61364,"href":"https:\/\/gazdasagportal.hu\/index.php\/wp-json\/wp\/v2\/posts\/61363\/revisions\/61364"}],"wp:attachment":[{"href":"https:\/\/gazdasagportal.hu\/index.php\/wp-json\/wp\/v2\/media?parent=61363"}],"wp:term":[{"taxonomy":"category","embeddable":true,"href":"https:\/\/gazdasagportal.hu\/index.php\/wp-json\/wp\/v2\/categories?post=61363"},{"taxonomy":"post_tag","embeddable":true,"href":"https:\/\/gazdasagportal.hu\/index.php\/wp-json\/wp\/v2\/tags?post=61363"}],"curies":[{"name":"wp","href":"https:\/\/api.w.org\/{rel}","templated":true}]}}