{"id":61359,"date":"2015-05-14T03:17:47","date_gmt":"2015-05-14T01:17:47","guid":{"rendered":"http:\/\/stockportal.hu\/?p=61359"},"modified":"2015-05-13T23:38:54","modified_gmt":"2015-05-13T21:38:54","slug":"elegtelennek-tartotta-a-brit-hadsereg-felszereltseget-a-brit-tronorokos","status":"publish","type":"post","link":"https:\/\/gazdasagportal.hu\/index.php\/elegtelennek-tartotta-a-brit-hadsereg-felszereltseget-a-brit-tronorokos\/","title":{"rendered":"El\u00e9gtelennek tartotta a brit hadsereg felszerelts\u00e9g\u00e9t a brit tr\u00f3n\u00f6r\u00f6k\u00f6s"},"content":{"rendered":"<p><strong>El\u00e9gtelennek tartotta a brit hadsereg felszerelts\u00e9g\u00e9t, \u00e9s a mez\u0151gazdas\u00e1gi termel\u0151k probl\u00e9m\u00e1inak \u00fcgy\u00e9ben is lobbizott a korm\u00e1nyhoz \u00edrt, \u00e9vtizedes jogi csat\u00e1roz\u00e1s ut\u00e1n szerd\u00e1n nyilv\u00e1noss\u00e1gra hozott leveleiben a brit tr\u00f3n\u00f6r\u00f6k\u00f6s.<\/strong><!--more--><\/p>\n<div class=\"ads-in-post1\"><div id=\"gazdasagportal.hu_fullbanner_wideboard\"><\/div>\r\n<\/div>\n<p>    A The Guardian c\u00edm\u0171 baloldali brit napilap \u00f6sszesen 27, 2004-ben \u00e9s 2005-ben kelt, z\u00f6mmel k\u00e9zzel \u00edrott levelet tett k\u00f6zz\u00e9 szerda d\u00e9lut\u00e1n. K\u00e1roly walesi herceg, II. Erzs\u00e9bet kir\u00e1lyn\u0151 66 esztend\u0151s els\u0151sz\u00fcl\u00f6tt fia &#8211; aki \u00e9desanyja ut\u00e1n majdan az Egyes\u00fclt Kir\u00e1lys\u00e1g uralkod\u00f3ja lesz &#8211; egyebek mellett Tony Blair volt munk\u00e1sp\u00e1rti minisztereln\u00f6knek is \u00edrt az iraki h\u00e1bor\u00fa idej\u00e9n, felr\u00f3va, hogy a brit hadsereget a sz\u00fcks\u00e9ges er\u0151forr\u00e1sok n\u00e9lk\u00fcl vez\u00e9nylik ki neh\u00e9z feladatok v\u00e9grehajt\u00e1s\u00e1ra.<br \/>\n    A brit kir\u00e1lyi csal\u00e1d tagjai a t\u00f6rv\u00e9nyerej\u0171 szok\u00e1sjog alapj\u00e1n &#8211; legal\u00e1bbis nyilv\u00e1nosan &#8211; elvileg nem nyilv\u00e1n\u00edthatnak v\u00e9lem\u00e9nyt napi politikai \u00fcgyekben.<br \/>\n    K\u00e1roly hercegr\u0151l azonban r\u00e9g\u00f3ta k\u00f6zismert, hogy egyes konkr\u00e9t k\u00e9rd\u00e9sekben &#8211; amelyek sora a k\u00f6rnyezetv\u00e9delemt\u0151l a mez\u0151gazdas\u00e1gon \u00e1t a fegyveres er\u0151k helyzet\u00e9ig terjed &#8211; gyakran fordul k\u00f6zvetlen\u00fcl a mindenkori brit korm\u00e1ny vezet\u0151 tisztvisel\u0151ihez. Bizalmas leveleinek nyilv\u00e1noss\u00e1gra hozatal\u00e1\u00e9rt a The Guardian t\u00edz\u00e9ves jogi csat\u00e1t folytatott a korm\u00e1nnyal \u00e9s az udvarral, \u00e9s a brit legfels\u0151bb b\u00edr\u00f3s\u00e1g a minap a lapnak adott igazat.<br \/>\n    A The Guardian becsl\u00e9se szerint a b\u00edr\u00f3s\u00e1gi huzavona a korm\u00e1nynak legal\u00e1bb 400 ezer fontj\u00e1ba (csaknem 170 milli\u00f3 forintba) ker\u00fclt.<br \/>\n    A brit napilappal egy id\u0151ben a brit korm\u00e1ny kabinetirod\u00e1ja is ismertette a leveleket.<br \/>\n    K\u00e1roly herceg egyik level\u00e9ben, amelyet 2004. szeptember 8-\u00e1n \u00edrt Tony Blairnek, m\u00e9g arra is kit\u00e9r, hogy a brit hadsereg Lynx t\u00edpus\u00fa helikopterei forr\u00f3 \u00e9ghajlat\u00fa orsz\u00e1gokban szerinte nem teljes\u00edtenek j\u00f3l. A tr\u00f3n\u00f6r\u00f6k\u00f6s felpanaszolja, hogy ennek ellen\u00e9re az e g\u00e9pek felv\u00e1lt\u00e1s\u00e1ra sz\u00e1nt \u00faj helikopterek beszerz\u00e9se egyre k\u00e9sik, \u00e9s mind bizonytalanabb, tekintettel a v\u00e9delmi t\u00e1rca sz\u0171k\u00f6s k\u00f6lts\u00e9gvet\u00e9s\u00e9re.<br \/>\n    &#8222;Att\u00f3l tartok, ez csak egy p\u00e9lda arra, hogy fegyveres er\u0151ink rendk\u00edv\u00fcl neh\u00e9z feladatok ell\u00e1t\u00e1s\u00e1ra kapnak megb\u00edz\u00e1sokat &#8211; k\u00fcl\u00f6n\u00f6sen Irakban &#8211; a sz\u00fcks\u00e9ges er\u0151forr\u00e1sok n\u00e9lk\u00fcl&#8221; &#8211; \u00e1ll a lev\u00e9lben.<br \/>\n    Ugyanebben a lev\u00e9lben a tr\u00f3n\u00f6r\u00f6k\u00f6s alig burkoltan kifejti azt az \u00f3haj\u00e1t is, hogy a korm\u00e1ny tal\u00e1ljon m\u00f3dot a Nagy-Britanni\u00e1ban termelt marhah\u00fas fogyaszt\u00e1s\u00e1nak \u00e9l\u00e9nk\u00edt\u00e9s\u00e9re. K\u00e1roly k\u00f6zli: tudja, hogy az EU-szab\u00e1lyok tiltj\u00e1k az olyan korm\u00e1nyzati kamp\u00e1nyt, amely kiz\u00e1r\u00f3lag brit \u00e1ruk v\u00e1s\u00e1rl\u00e1s\u00e1ra \u00f6szt\u00f6nzi a fogyaszt\u00f3kat, &#8222;nagyszer\u0171&#8221; lenne azonban, ha a korm\u00e1ny &#8222;innovat\u00edv m\u00f3dszerekkel&#8221; m\u00e9gis az \u00e9l\u00e9re tudna \u00e1llni ennek a t\u00f6rekv\u00e9snek.<br \/>\n    A 89 esztend\u0151s II. Erzs\u00e9bet kir\u00e1lyn\u0151 uralkod\u00e1sa eddigi 63 \u00e9v\u00e9ben szigor\u00faan tartotta mag\u00e1t ahhoz az alapelvhez, hogy az udvar nem avatkozik bele napi politikai k\u00e9rd\u00e9sekbe. K\u00e1roly levelez\u00e9se &#8211; j\u00f3llehet a hercegre, am\u00edg nem \u0151 az uralkod\u00f3, nem ugyanazok a protokoll\u00e1ris el\u0151\u00edr\u00e1sok vonatkoznak, mint \u00e9desanyj\u00e1ra &#8211; mark\u00e1nsan szak\u00edt ezzel a gyakorlattal.<br \/>\n    A Clarence House &#8211; K\u00e1roly tr\u00f3n\u00f6r\u00f6k\u00f6s londoni hivatala &#8211; szerda este k\u00f6zlem\u00e9nyben fejezte ki nemtetsz\u00e9s\u00e9t a levelez\u00e9s nyilv\u00e1noss\u00e1gra hozatala miatt. A k\u00f6zlem\u00e9ny szerint a walesi herceg \u00fagy gondolja, hogy joga van a mag\u00e1njelleg\u0171 kommunik\u00e1ci\u00f3ra a korm\u00e1nnyal, \u00e9s mag\u00e1nleveleinek publik\u00e1l\u00e1sa korl\u00e1tozza lehet\u0151s\u00e9geit arra, hogy hangot adjon v\u00e9lem\u00e9ny\u00e9nek \u00e9s javaslatainak azokban az \u00fcgyekben, amelyek tal\u00e1lkoz\u00f3i, utaz\u00e1sai sor\u00e1n felmer\u00fclnek.(MTI)<\/p>\n","protected":false},"excerpt":{"rendered":"<p>El\u00e9gtelennek tartotta a brit hadsereg felszerelts\u00e9g\u00e9t, \u00e9s a mez\u0151gazdas\u00e1gi termel\u0151k probl\u00e9m\u00e1inak \u00fcgy\u00e9ben is lobbizott a korm\u00e1nyhoz \u00edrt, \u00e9vtizedes jogi csat\u00e1roz\u00e1s ut\u00e1n szerd\u00e1n nyilv\u00e1noss\u00e1gra hozott leveleiben a brit tr\u00f3n\u00f6r\u00f6k\u00f6s.<\/p>\n","protected":false},"author":1,"featured_media":0,"comment_status":"open","ping_status":"closed","sticky":false,"template":"","format":"standard","meta":[],"categories":[12],"tags":[],"_links":{"self":[{"href":"https:\/\/gazdasagportal.hu\/index.php\/wp-json\/wp\/v2\/posts\/61359"}],"collection":[{"href":"https:\/\/gazdasagportal.hu\/index.php\/wp-json\/wp\/v2\/posts"}],"about":[{"href":"https:\/\/gazdasagportal.hu\/index.php\/wp-json\/wp\/v2\/types\/post"}],"author":[{"embeddable":true,"href":"https:\/\/gazdasagportal.hu\/index.php\/wp-json\/wp\/v2\/users\/1"}],"replies":[{"embeddable":true,"href":"https:\/\/gazdasagportal.hu\/index.php\/wp-json\/wp\/v2\/comments?post=61359"}],"version-history":[{"count":1,"href":"https:\/\/gazdasagportal.hu\/index.php\/wp-json\/wp\/v2\/posts\/61359\/revisions"}],"predecessor-version":[{"id":61360,"href":"https:\/\/gazdasagportal.hu\/index.php\/wp-json\/wp\/v2\/posts\/61359\/revisions\/61360"}],"wp:attachment":[{"href":"https:\/\/gazdasagportal.hu\/index.php\/wp-json\/wp\/v2\/media?parent=61359"}],"wp:term":[{"taxonomy":"category","embeddable":true,"href":"https:\/\/gazdasagportal.hu\/index.php\/wp-json\/wp\/v2\/categories?post=61359"},{"taxonomy":"post_tag","embeddable":true,"href":"https:\/\/gazdasagportal.hu\/index.php\/wp-json\/wp\/v2\/tags?post=61359"}],"curies":[{"name":"wp","href":"https:\/\/api.w.org\/{rel}","templated":true}]}}