{"id":61357,"date":"2015-05-14T03:36:16","date_gmt":"2015-05-14T01:36:16","guid":{"rendered":"http:\/\/stockportal.hu\/?p=61357"},"modified":"2015-05-13T23:37:09","modified_gmt":"2015-05-13T21:37:09","slug":"berlin-udvozli-az-europai-bizottsag-javaslatat-a-migracios-hullam-kezeleserol","status":"publish","type":"post","link":"https:\/\/gazdasagportal.hu\/index.php\/berlin-udvozli-az-europai-bizottsag-javaslatat-a-migracios-hullam-kezeleserol\/","title":{"rendered":"Berlin \u00fcdv\u00f6zli az Eur\u00f3pai Bizotts\u00e1g javaslat\u00e1t a migr\u00e1ci\u00f3s hull\u00e1m kezel\u00e9s\u00e9r\u0151l"},"content":{"rendered":"<p><strong>A n\u00e9met korm\u00e1ny \u00fcdv\u00f6zli az Eur\u00f3pai Bizotts\u00e1g szerd\u00e1n el\u0151terjesztett javaslatcsomagj\u00e1t a migr\u00e1ci\u00f3s hull\u00e1m kezel\u00e9s\u00e9r\u0151l, \u00e9s s\u00fcrgeti a tag\u00e1llamokat, hogy kezdjenek egyeztet\u00e9st a br\u00fcsszeli elk\u00e9pzel\u00e9sek alapj\u00e1n.<\/strong><!--more--><\/p>\n<div class=\"ads-in-post1\"><div id=\"gazdasagportal.hu_fullbanner_wideboard\"><\/div>\r\n<\/div>\n<p>    Thomas de Maiziere n\u00e9met bel\u00fcgyminiszter k\u00f6zlem\u00e9nye szerint a bizotts\u00e1gi ind\u00edtv\u00e1nyok nagyban hozz\u00e1seg\u00edtik a tagorsz\u00e1gok k\u00f6z\u00f6ss\u00e9g\u00e9t a &#8222;fesz\u00edt\u0151 migr\u00e1ci\u00f3s k\u00e9rd\u00e9sek&#8221; megv\u00e1laszol\u00e1s\u00e1hoz.<br \/>\n    A konzervat\u00edv CDU politikusa \u00f6rvendetesnek nevezte, hogy a br\u00fcsszeli test\u00fclet sz\u00e1mos javaslatot felkarolt, amelyek mellett N\u00e9metorsz\u00e1g  r\u00e9g\u00f3ta \u00e9rvelt t\u00f6bb tag\u00e1llammal egy\u00fctt. Ezek k\u00f6z\u00e9 tartozik &#8222;a menek\u00fcltek \u00e9s mened\u00e9kk\u00e9r\u0151k igazs\u00e1gosabb, szolid\u00e1ris eloszt\u00e1sa az EU-n bel\u00fcl&#8221;.<br \/>\n    A bizotts\u00e1g \u00e1ltal v\u00e1zolt eloszt\u00e1si mechanizmus fel\u00e9p\u00edt\u00e9se r\u00e9v\u00e9n &#8222;eur\u00f3pai szinten kezd\u0151dik diskurzus a menek\u00fcltek igazs\u00e1gosabb eloszt\u00e1s\u00e1r\u00f3l&#8221; &#8211; mutatott r\u00e1 a n\u00e9met bel\u00fcgyminiszter. Hangs\u00falyozta, hogy &#8222;a tagorsz\u00e1goknak konkr\u00e9t t\u00e1rgyal\u00e1sokat kell kezdeni\u00fck&#8221; arr\u00f3l, hogy milyen &#8222;eloszt\u00e1si kulcsot&#8221; hat\u00e1roznak meg a bizotts\u00e1gi tervekben szerepl\u0151 sz\u00e1mokhoz.<br \/>\n    Az uni\u00f3s javaslattev\u0151-v\u00e9grehajt\u00f3 int\u00e9zm\u00e9ny a tagorsz\u00e1gok k\u00f6z\u00f6tti \u00e1tmeneti jelleg\u0171 eloszt\u00e1si mechanizmust tervez, amely az EU-ban tart\u00f3zkod\u00f3, egy\u00e9rtelm\u0171en nemzetk\u00f6zi v\u00e9delemre szorul\u00f3 szem\u00e9lyekre vonatkozik majd. A test\u00fclet m\u00e1jus v\u00e9g\u00e9ig ny\u00fajtja be javaslat\u00e1t az uni\u00f3n bel\u00fcli \u00e1ttelep\u00edt\u00e9si programra, amely valamennyi tag\u00e1llamra elosztva \u00f6sszesen 20 ezer, lak\u00f3hely\u00e9t elhagyni k\u00e9nyszer\u00fcl\u0151, egy\u00e9rtelm\u0171en nemzetk\u00f6zi v\u00e9delemre szorul\u00f3 szem\u00e9ly sz\u00e1m\u00e1ra teszi majd lehet\u0151v\u00e9 a leteleped\u00e9st.<br \/>\n    A n\u00e9met korm\u00e1ny h\u00f3napok s\u00fcrgeti, hogy vezessenek be egy uni\u00f3s szint\u0171 kv\u00f3tarendszert vagy hasonl\u00f3 megold\u00e1st a mened\u00e9kjog ir\u00e1nt folyamod\u00f3k tagorsz\u00e1gok k\u00f6z\u00f6tti eloszt\u00e1s\u00e1ra. A berlini vezet\u00e9s arra hivatkozik, hogy N\u00e9metorsz\u00e1g l\u00e1tja el messze a legt\u00f6bb mened\u00e9kk\u00e9r\u0151t az EU-ban.<br \/>\n    A mened\u00e9kjogi k\u00e9relmek sz\u00e1ma tavaly 60 sz\u00e1zal\u00e9kkal emelkedett, a 2013-ban regisztr\u00e1lt 127 ezerr\u0151l 203 ezerre. Enn\u00e9l t\u00f6bben csak a kilencvenes \u00e9vek elej\u00e9n, a balk\u00e1ni h\u00e1bor\u00fak idej\u00e9n k\u00e9rtek mened\u00e9kjogot N\u00e9metorsz\u00e1gban. Az id\u00e9n m\u00e9g magasabbra emelkedik a menek\u00fclthull\u00e1m, a sz\u00f6vets\u00e9gi bev\u00e1ndorl\u00e1si \u00e9s menek\u00fclt\u00fcgyi hivatal (BAMF) el\u0151rejelz\u00e9se szerint az \u00e9v v\u00e9g\u00e9ig 400 ezer \u00faj k\u00e9relmet adnak be, vagyis a k\u00e9relmek sz\u00e1ma a kiugr\u00f3an magas tavalyi szinthez k\u00e9pest megdupl\u00e1z\u00f3dik.(MTI)<\/p>\n","protected":false},"excerpt":{"rendered":"<p>A n\u00e9met korm\u00e1ny \u00fcdv\u00f6zli az Eur\u00f3pai Bizotts\u00e1g szerd\u00e1n el\u0151terjesztett javaslatcsomagj\u00e1t a migr\u00e1ci\u00f3s hull\u00e1m kezel\u00e9s\u00e9r\u0151l, \u00e9s s\u00fcrgeti a tag\u00e1llamokat, hogy kezdjenek egyeztet\u00e9st a br\u00fcsszeli elk\u00e9pzel\u00e9sek alapj\u00e1n.<\/p>\n","protected":false},"author":1,"featured_media":0,"comment_status":"open","ping_status":"closed","sticky":false,"template":"","format":"standard","meta":[],"categories":[12],"tags":[],"_links":{"self":[{"href":"https:\/\/gazdasagportal.hu\/index.php\/wp-json\/wp\/v2\/posts\/61357"}],"collection":[{"href":"https:\/\/gazdasagportal.hu\/index.php\/wp-json\/wp\/v2\/posts"}],"about":[{"href":"https:\/\/gazdasagportal.hu\/index.php\/wp-json\/wp\/v2\/types\/post"}],"author":[{"embeddable":true,"href":"https:\/\/gazdasagportal.hu\/index.php\/wp-json\/wp\/v2\/users\/1"}],"replies":[{"embeddable":true,"href":"https:\/\/gazdasagportal.hu\/index.php\/wp-json\/wp\/v2\/comments?post=61357"}],"version-history":[{"count":1,"href":"https:\/\/gazdasagportal.hu\/index.php\/wp-json\/wp\/v2\/posts\/61357\/revisions"}],"predecessor-version":[{"id":61358,"href":"https:\/\/gazdasagportal.hu\/index.php\/wp-json\/wp\/v2\/posts\/61357\/revisions\/61358"}],"wp:attachment":[{"href":"https:\/\/gazdasagportal.hu\/index.php\/wp-json\/wp\/v2\/media?parent=61357"}],"wp:term":[{"taxonomy":"category","embeddable":true,"href":"https:\/\/gazdasagportal.hu\/index.php\/wp-json\/wp\/v2\/categories?post=61357"},{"taxonomy":"post_tag","embeddable":true,"href":"https:\/\/gazdasagportal.hu\/index.php\/wp-json\/wp\/v2\/tags?post=61357"}],"curies":[{"name":"wp","href":"https:\/\/api.w.org\/{rel}","templated":true}]}}