{"id":61355,"date":"2015-05-14T04:24:49","date_gmt":"2015-05-14T02:24:49","guid":{"rendered":"http:\/\/stockportal.hu\/?p=61355"},"modified":"2015-05-13T23:35:51","modified_gmt":"2015-05-13T21:35:51","slug":"feljelentette-a-bkv-t-az-eksz","status":"publish","type":"post","link":"https:\/\/gazdasagportal.hu\/index.php\/feljelentette-a-bkv-t-az-eksz\/","title":{"rendered":"Feljelentette a BKV-t az EKSZ"},"content":{"rendered":"<p><strong>Feljelentette a BKV-t az Egys\u00e9ges K\u00f6zleked\u00e9si Szakszervezet is (EKSZ). A BKV az MTI megkeres\u00e9s\u00e9re szerda esti k\u00f6zlem\u00e9nyben visszautas\u00edtotta a v\u00e1dakat, s azt \u00edrt\u00e1k: a szervezet felvet\u00e9seit egy esetleges b\u00e9ralku miatti nyom\u00e1sgyakorl\u00e1s eszk\u00f6z\u00e9nek tekinti.<\/strong><!--more--><\/p>\n<div class=\"ads-in-post1\"><div id=\"gazdasagportal.hu_fullbanner_wideboard\"><\/div>\r\n<\/div>\n<p>    Az EKSZ szerd\u00e1n az MTI-hez eljuttatott k\u00f6zlem\u00e9ny\u00e9ben azt \u00edrta: \u00f6sszegy\u0171jt\u00f6tt\u00e9k azokat a probl\u00e9m\u00e1kat, amelyek miatt &#8222;hossz\u00fa ideje folyamatosan vit\u00e1zni k\u00e9nyszer\u00fcl a c\u00e9gvezet\u00e9ssel, \u00e1m a mai napig nem sz\u00fcletett megold\u00e1s m\u00e9g olyanokra sem, amelyek k\u00f6zvetve \u00e9s k\u00f6zvetlen\u00fcl is vesz\u00e9lyeztethetik az utasok \u00e9let\u00e9t&#8221;. A szakszervezet \u00fagy d\u00f6nt\u00f6tt &#8222;nem hallgat el s\u00falyos szab\u00e1lytalans\u00e1gokat, s\u0151t t\u00f6rv\u00e9nytelens\u00e9geket csak az\u00e9rt, hogy ne legyen sz\u00e1lka a c\u00e9gvezet\u00e9s szem\u00e9ben&#8221;. Az EKSZ t\u00f6bb \u00fcgyben is hat\u00f3s\u00e1gi feljelent\u00e9st tett &#8211; \u00edrt\u00e1k.<br \/>\n    Kifog\u00e1saik k\u00f6z\u00f6tt p\u00e9ldak\u00e9nt eml\u00edtett\u00e9k, hogy a j\u00e1rm\u0171veken mostanra csaknem mindenhol \u00e1ltal\u00e1nos k\u00f6telezetts\u00e9gg\u00e9 v\u00e1lt els\u0151 ajt\u00f3s felsz\u00e1ll\u00e1si rend, az utaz\u00e1si igazolv\u00e1nyok \u00e9s jegyek \u00e9rv\u00e9nyess\u00e9g\u00e9nek ellen\u0151rz\u00e9se, valamint a jegy\u00e1rus\u00edt\u00e1s, amelyet &#8211; mint \u00edrt\u00e1k &#8211; &#8222;a biztons\u00e1gos k\u00f6zleked\u00e9s mellett a sof\u0151r\u00f6kre er\u0151ltetett a BKV \u00e9s a Budapesti K\u00f6zleked\u00e9si K\u00f6zpont&#8221;. Kiemelt\u00e9k tov\u00e1bb\u00e1, hogy a szabads\u00e1gok \u00e9s a pihen\u0151napok t\u00f6rv\u00e9nytelen kiad\u00e1si gyakorlata miatt is feljelentett\u00e9k a c\u00e9gvezet\u00e9st a Nemzetgazdas\u00e1gi Miniszt\u00e9riumn\u00e1l.<br \/>\n    A BKV az MTI megkeres\u00e9s\u00e9re k\u00fcld\u00f6tt reag\u00e1l\u00e1s\u00e1ban visszautas\u00edtott minden olyan \u00e1ll\u00edt\u00e1st, amely arra utal, hogy ak\u00e1r a dolgoz\u00f3k, ak\u00e1r az utasok \u00e9ps\u00e9g\u00e9t vesz\u00e9lyeztet\u0151 k\u00f6r\u00fclm\u00e9nyek lenn\u00e9nek a BKV-n\u00e1l, illetve minden olyan kijelent\u00e9st, amely szerint a BKV jogtalanul vagy etik\u00e1tlanul j\u00e1rna el munkav\u00e1llal\u00f3ival szemben.<br \/>\n    A t\u00e1rsas\u00e1g szerint az els\u0151ajt\u00f3s felsz\u00e1ll\u00e1si rendszer kiterjeszt\u00e9se nyom\u00e1n t\u00f6bb int\u00e9zked\u00e9seket hoztak, de ezzel egy\u00fctt megteremtett\u00e9k az els\u0151ajt\u00f3s felsz\u00e1ll\u00e1si rendben \u00e9rintett koll\u00e9g\u00e1k \u00e9rdekelts\u00e9g\u00e9t, sz\u00e1mukra bevezett\u00e9k p\u00e9ld\u00e1ul az \u00fagynevezett jegyellen\u0151rz\u00e9si jutal\u00e9kot. A beoszt\u00e1sokat \u00e9s a szabads\u00e1gokat a munka t\u00f6rv\u00e9nyk\u00f6nyve \u00e9s a Kollekt\u00edv Szerz\u0151d\u00e9s (KSZ) el\u0151\u00edr\u00e1saival \u00f6sszhangban v\u00e9gzik. A szabads\u00e1gok kiad\u00e1s\u00e1nak folyamat\u00e1t, illetve azok nyilv\u00e1ntart\u00e1s\u00e1t folyamatosan ellen\u0151rzik &#8211; fejtett\u00e9k ki.<br \/>\n    &#8222;A munk\u00e1ltat\u00f3k sem ny\u00edltan, sem burkoltan nem fenyegetik, nem f\u00e9leml\u00edtik meg a munkav\u00e1llal\u00f3kat&#8221; &#8211; jelentette ki a c\u00e9g, hozz\u00e1t\u00e9ve: &#8222;ilyen esetr\u0151l, vagy megf\u00e9leml\u00edt\u00e9sre vonatkoz\u00f3 megnyilv\u00e1nul\u00e1sr\u00f3l&#8221; nem tudnak, ilyen jelleg\u0171 panaszok, \u00e9szrev\u00e9telek nem voltak. Ugyanakkor megjegyezt\u00e9k: joggal v\u00e1rj\u00e1k el a dolgoz\u00f3k megfelel\u0151 hozz\u00e1\u00e1ll\u00e1s\u00e1t az elv\u00e9gzend\u0151 feladatokhoz, a szab\u00e1lyoknak megfelel\u0151, a k\u00f6zleked\u00e9s biztons\u00e1g\u00e1t nem vesz\u00e9lyeztet\u0151 munkav\u00e9gz\u00e9st, valamint a munkav\u00e9gz\u00e9shez sz\u00fcks\u00e9ges egy\u00e9b felt\u00e9telek teljes\u00edt\u00e9s\u00e9t.<br \/>\n    Kiemelt\u00e9k tov\u00e1bb\u00e1, hogy a menedzsment folyamatosan vizsg\u00e1lta \u00e9s vizsg\u00e1lja egy lehets\u00e9ges m\u00e9rt\u00e9k\u0171 b\u00e9rfejleszt\u00e9s forr\u00e1s\u00e1t, el\u0151teremt\u00e9s\u00e9nek lehet\u0151s\u00e9g\u00e9t. Ennek eredm\u00e9nyek\u00e9ppen az EKSZ \u00e1ltal, a 2015-\u00f6s b\u00e9rfejleszt\u00e9s t\u00e1rgy\u00e1ban kezdem\u00e9nyezett kollekt\u00edv munka\u00fcgyi vita lez\u00e1r\u00e1s\u00e1ra k\u00e9sz\u00edtett meg\u00e1llapod\u00e1s-tervezetet Nemes G\u00e1bor EKSZ-eln\u00f6k, valamint minden, e t\u00e1rgyban kollekt\u00edv munka\u00fcgyi vit\u00e1t kezdem\u00e9nyez\u0151 szakszervezeti vezet\u0151 sz\u00e1m\u00e1ra megk\u00fcld\u00f6tt. &#8222;Mindezek alapj\u00e1n az EKSZ k\u00f6zlem\u00e9ny\u00e9ben felvetett jogszer\u0171tlens\u00e9geket, v\u00e1dakat a BKV vezet\u00e9se nem l\u00e1tja megalapozottaknak, azok felvet\u00e9s\u00e9t egy esetleges b\u00e9ralku miatti nyom\u00e1sgyakorl\u00e1s eszk\u00f6z\u00e9nek tekinti&#8221; &#8211; fogalmazott k\u00f6zlem\u00e9ny\u00e9ben a k\u00f6zleked\u00e9si c\u00e9g.(MTI)<\/p>\n","protected":false},"excerpt":{"rendered":"<p>Feljelentette a BKV-t az Egys\u00e9ges K\u00f6zleked\u00e9si Szakszervezet is (EKSZ). A BKV az MTI megkeres\u00e9s\u00e9re szerda esti k\u00f6zlem\u00e9nyben visszautas\u00edtotta a v\u00e1dakat, s azt \u00edrt\u00e1k: a szervezet felvet\u00e9seit egy esetleges b\u00e9ralku miatti nyom\u00e1sgyakorl\u00e1s eszk\u00f6z\u00e9nek tekinti.<\/p>\n","protected":false},"author":1,"featured_media":0,"comment_status":"open","ping_status":"closed","sticky":false,"template":"","format":"standard","meta":[],"categories":[19],"tags":[],"_links":{"self":[{"href":"https:\/\/gazdasagportal.hu\/index.php\/wp-json\/wp\/v2\/posts\/61355"}],"collection":[{"href":"https:\/\/gazdasagportal.hu\/index.php\/wp-json\/wp\/v2\/posts"}],"about":[{"href":"https:\/\/gazdasagportal.hu\/index.php\/wp-json\/wp\/v2\/types\/post"}],"author":[{"embeddable":true,"href":"https:\/\/gazdasagportal.hu\/index.php\/wp-json\/wp\/v2\/users\/1"}],"replies":[{"embeddable":true,"href":"https:\/\/gazdasagportal.hu\/index.php\/wp-json\/wp\/v2\/comments?post=61355"}],"version-history":[{"count":1,"href":"https:\/\/gazdasagportal.hu\/index.php\/wp-json\/wp\/v2\/posts\/61355\/revisions"}],"predecessor-version":[{"id":61356,"href":"https:\/\/gazdasagportal.hu\/index.php\/wp-json\/wp\/v2\/posts\/61355\/revisions\/61356"}],"wp:attachment":[{"href":"https:\/\/gazdasagportal.hu\/index.php\/wp-json\/wp\/v2\/media?parent=61355"}],"wp:term":[{"taxonomy":"category","embeddable":true,"href":"https:\/\/gazdasagportal.hu\/index.php\/wp-json\/wp\/v2\/categories?post=61355"},{"taxonomy":"post_tag","embeddable":true,"href":"https:\/\/gazdasagportal.hu\/index.php\/wp-json\/wp\/v2\/tags?post=61355"}],"curies":[{"name":"wp","href":"https:\/\/api.w.org\/{rel}","templated":true}]}}