{"id":61347,"date":"2015-05-13T21:31:52","date_gmt":"2015-05-13T19:31:52","guid":{"rendered":"http:\/\/stockportal.hu\/?p=61347"},"modified":"2015-05-13T21:31:52","modified_gmt":"2015-05-13T19:31:52","slug":"vihar-heves-zivatar-viharos-szel-jegeso-kiadtak-a-masodfoku-riasztast","status":"publish","type":"post","link":"https:\/\/gazdasagportal.hu\/index.php\/vihar-heves-zivatar-viharos-szel-jegeso-kiadtak-a-masodfoku-riasztast\/","title":{"rendered":"Vihar &#8211; Heves zivatar, viharos sz\u00e9l, j\u00e9ges\u0151, kiadt\u00e1k a m\u00e1sodfok\u00fa riaszt\u00e1st"},"content":{"rendered":"<p><strong>A vihar miatt t\u00f6bb dun\u00e1nt\u00fali j\u00e1r\u00e1sra m\u00e1sodfok\u00fa riaszt\u00e1st adott ki a meteorol\u00f3giai szolg\u00e1lat szerd\u00e1n kora este. Az \u00e9rintett ter\u00fcleteken m\u00e1r a k\u00f6vetkez\u0151 \u00f3r\u00e1kban sz\u00e1m\u00edtani lehet olyan heves zivatarokra, amelyet viharos sz\u00e9l, illetve j\u00e9ges\u0151 k\u00eds\u00e9rhet, tov\u00e1bb\u00e1 r\u00f6vid id\u0151 alatt jelent\u0151s mennyis\u00e9g\u0171 csapad\u00e9k is hullhat.<\/strong><!--more--><\/p>\n<div class=\"ads-in-post1\"><div id=\"gazdasagportal.hu_fullbanner_wideboard\"><\/div>\r\n<\/div>\n<p>    Az Orsz\u00e1gos Meteorol\u00f3giai Szolg\u00e1lat MTI-hez eljuttatott vesz\u00e9lyjelz\u00e9se szerint a nap folyam\u00e1n Somogy, Vas \u00e9s Zala megy\u00e9ben v\u00e1rhat\u00f3, hogy m\u00e1sodfok\u00fa riaszt\u00e1st adnak ki a heves zivatar miatt. Baranya, B\u00e1cs-Kiskun, Fej\u00e9r, Gy\u0151r-Moson-Sopron, Heves, Kom\u00e1rom-Esztergom, N\u00f3gr\u00e1d, Tolna, Veszpr\u00e9m \u00e9s Pest megy\u00e9ben valamint Budapesten a v\u00e1rhat\u00f3 heves zivatar miatt jelenleg els\u0151fok\u00fa figyelmeztet\u00e9s van \u00e9rv\u00e9nyben.<br \/>\n    A felh\u0151szakad\u00e1sszer\u0171 es\u0151z\u00e9sek vesz\u00e9lye miatt Fej\u00e9r, Gy\u0151r-Moson-Sopron, Kom\u00e1rom-Esztergom, Vas, Veszpr\u00e9m \u00e9s Zala megy\u00e9re m\u00e1sodfok\u00fa figyelmeztet\u00e9st adtak ki. Ezekben a megy\u00e9kben r\u00f6vid id\u0151 alatt ak\u00e1r 50 millim\u00e9tern\u00e9l is t\u00f6bb es\u0151 hullhat. Baranya, B\u00e1cs-Kiskun, Heves, N\u00f3gr\u00e1d, Somogy, Tolna \u00e9s Pest megy\u00e9ben els\u0151fok\u00fa figyelmeztet\u00e9s van \u00e9rv\u00e9nyben a felh\u0151szakad\u00e1s miatt.<br \/>\n    A meteorol\u00f3giai szolg\u00e1lat k\u00f6z\u00f6lte: a zivatarok el\u0151sz\u00f6r a Dun\u00e1nt\u00falon, annak is els\u0151sorban a k\u00f6z\u00e9ps\u0151 \u00e9s \u00e9szaki harmad\u00e1n jelennek meg. Heves zivatarok is kialakulhatnak, melyekhez t\u00f6bb helyen felh\u0151szakad\u00e1s m\u00e9ret\u0171 csapad\u00e9k t\u00e1rsulhat, de f\u0151k\u00e9nt a Balaton k\u00f6rny\u00e9k\u00e9n \u00e9s att\u00f3l d\u00e9lnyugatra nagyobb m\u00e9ret\u0171 j\u00e9g \u00e9s ak\u00e1r (80-90 kilom\u00e9ter\/\u00f3ra k\u00f6r\u00fcli sz\u00e9lroham is el\u0151fordulhat.<br \/>\n    \u00c9jszaka a zivatarz\u00f3na tov\u00e1bb terjed keleti ir\u00e1nyba, a k\u00f6z\u00e9ps\u0151, majd hajnalban m\u00e1r a keleti orsz\u00e1gr\u00e9szben is lehetnek heves zivatarok, valamint felh\u0151szakad\u00e1s &#8211; \u00edrta a meteorol\u00f3giai szolg\u00e1lat.<br \/>\n    Mukics D\u00e1niel, az Orsz\u00e1gos Katasztr\u00f3fav\u00e9delmi F\u0151igazgat\u00f3s\u00e1g (OKF) helyettes sz\u00f3viv\u0151je az MTI-nek azt mondta: a j\u00e1rm\u0171vel \u00e9s gyalogosan k\u00f6zleked\u0151kt\u0151l egyar\u00e1nt fokozott figyelmet k\u00e9rnek.<br \/>\n    A katasztr\u00f3fav\u00e9delem azt javasolja, hogy a vihar idej\u00e9n otthon tart\u00f3zkod\u00f3k z\u00e1rj\u00e1k be a ny\u00edl\u00e1sz\u00e1r\u00f3kat \u00e9s lehet\u0151leg ne menjenek a szabadba. A h\u00e1z k\u00f6rny\u00e9k\u00e9n l\u00e9v\u0151 k\u00f6nnyebb t\u00e1rgyakat &#8211; kerti b\u00fatorokat, szersz\u00e1mokat, cserepes n\u00f6v\u00e9nyeket -, amelyeket felkaphat a sz\u00e9l, vigy\u00e9k be az \u00e9p\u00fcletbe. A vihar idej\u00e9re \u00e1ramtalan\u00edts\u00e1k az elektromos berendez\u00e9seket, a vihar ut\u00e1n pedig vizsg\u00e1lj\u00e1k meg, nem s\u00e9r\u00fclt-e meg a lak\u00f3h\u00e1z vagy b\u00e1rmelyik k\u00f6zm\u0171vezet\u00e9k. Aki a k\u00f6zm\u0171h\u00e1l\u00f3zat s\u00e9r\u00fcl\u00e9s\u00e9t tapasztalja, \u00e9rtes\u00edtse a szolg\u00e1ltat\u00f3t vagy a 105-\u00f6s seg\u00e9lyh\u00edv\u00f3 sz\u00e1mon a katasztr\u00f3fav\u00e9delem m\u0171veletir\u00e1ny\u00edt\u00e1si k\u00f6zpontj\u00e1t.<br \/>\n    A meteorol\u00f3giai szolg\u00e1lat figyelmeztet\u00e9se szerint cs\u00fct\u00f6rt\u00f6k estig az orsz\u00e1gban sokfel\u00e9 v\u00e1rhat\u00f3 zivatar, t\u00f6bbfel\u00e9 jelent\u0151s csapad\u00e9kkal, helyenk\u00e9nt j\u00e9ggel \u00e9s sz\u00e9lviharral. A legkev\u00e9sb\u00e9 \u00e9rintett ter\u00fcletek a jelenlegi sz\u00e1m\u00edt\u00e1sok szerint az orsz\u00e1g legd\u00e9lebbi megy\u00e9i lesznek &#8211; tett\u00e9k hozz\u00e1.(MTI)<\/p>\n","protected":false},"excerpt":{"rendered":"<p>A vihar miatt t\u00f6bb dun\u00e1nt\u00fali j\u00e1r\u00e1sra m\u00e1sodfok\u00fa riaszt\u00e1st adott ki a meteorol\u00f3giai szolg\u00e1lat szerd\u00e1n kora este. Az \u00e9rintett ter\u00fcleteken m\u00e1r a k\u00f6vetkez\u0151 \u00f3r\u00e1kban sz\u00e1m\u00edtani lehet olyan heves zivatarokra, amelyet viharos sz\u00e9l, illetve j\u00e9ges\u0151 k\u00eds\u00e9rhet, tov\u00e1bb\u00e1 r\u00f6vid id\u0151 alatt jelent\u0151s mennyis\u00e9g\u0171 csapad\u00e9k is hullhat.<\/p>\n","protected":false},"author":1,"featured_media":0,"comment_status":"open","ping_status":"closed","sticky":false,"template":"","format":"standard","meta":[],"categories":[4,151],"tags":[],"_links":{"self":[{"href":"https:\/\/gazdasagportal.hu\/index.php\/wp-json\/wp\/v2\/posts\/61347"}],"collection":[{"href":"https:\/\/gazdasagportal.hu\/index.php\/wp-json\/wp\/v2\/posts"}],"about":[{"href":"https:\/\/gazdasagportal.hu\/index.php\/wp-json\/wp\/v2\/types\/post"}],"author":[{"embeddable":true,"href":"https:\/\/gazdasagportal.hu\/index.php\/wp-json\/wp\/v2\/users\/1"}],"replies":[{"embeddable":true,"href":"https:\/\/gazdasagportal.hu\/index.php\/wp-json\/wp\/v2\/comments?post=61347"}],"version-history":[{"count":1,"href":"https:\/\/gazdasagportal.hu\/index.php\/wp-json\/wp\/v2\/posts\/61347\/revisions"}],"predecessor-version":[{"id":61348,"href":"https:\/\/gazdasagportal.hu\/index.php\/wp-json\/wp\/v2\/posts\/61347\/revisions\/61348"}],"wp:attachment":[{"href":"https:\/\/gazdasagportal.hu\/index.php\/wp-json\/wp\/v2\/media?parent=61347"}],"wp:term":[{"taxonomy":"category","embeddable":true,"href":"https:\/\/gazdasagportal.hu\/index.php\/wp-json\/wp\/v2\/categories?post=61347"},{"taxonomy":"post_tag","embeddable":true,"href":"https:\/\/gazdasagportal.hu\/index.php\/wp-json\/wp\/v2\/tags?post=61347"}],"curies":[{"name":"wp","href":"https:\/\/api.w.org\/{rel}","templated":true}]}}