{"id":61241,"date":"2015-05-12T15:55:47","date_gmt":"2015-05-12T13:55:47","guid":{"rendered":"http:\/\/stockportal.hu\/?p=61241"},"modified":"2015-05-12T15:55:47","modified_gmt":"2015-05-12T13:55:47","slug":"ukran-valsag-kijev-szerint-egyre-fokozodik-a-feszultseg-a-kelet-ukrajnai-fronton-tobben-meghaltak","status":"publish","type":"post","link":"https:\/\/gazdasagportal.hu\/index.php\/ukran-valsag-kijev-szerint-egyre-fokozodik-a-feszultseg-a-kelet-ukrajnai-fronton-tobben-meghaltak\/","title":{"rendered":"Ukr\u00e1n v\u00e1ls\u00e1g &#8211; Kijev szerint egyre fokoz\u00f3dik a fesz\u00fclts\u00e9g a kelet-ukrajnai fronton, t\u00f6bben meghaltak"},"content":{"rendered":"<p><strong>Kijev szerint egyre fokoz\u00f3dik a fesz\u00fclts\u00e9g a kelet-ukrajnai harcok \u00f6vezet\u00e9ben, az oroszbar\u00e1t szakad\u00e1rok ism\u00e9t neh\u00e9zfegyvereket vetettek be keddre virrad\u00f3an, \u00e9s ez\u00fattal lakott telep\u00fcl\u00e9seket is l\u0151ttek.<\/strong><!--more--><\/p>\n<div class=\"ads-in-post1\"><div id=\"gazdasagportal.hu_fullbanner_wideboard\"><\/div>\r\n<\/div>\n<p>    Andrij Liszenko katonai sz\u00f3viv\u0151 keddi kijevi sajt\u00f3t\u00e1j\u00e9koztat\u00f3j\u00e1n arr\u00f3l sz\u00e1molt be, hogy az elm\u00falt egy nap alatt h\u00e1rom ukr\u00e1n katona vesztette \u00e9let\u00e9t, egy pedig megsebes\u00fclt a fegyveres konfliktus \u00f6vezet\u00e9ben, Donyeck v\u00e1rosa \u00e9s a Luhanszk melletti Scsasztya telep\u00fcl\u00e9sn\u00e9l.<br \/>\n    A kijevi hadm\u0171veleti parancsnoks\u00e1g k\u00f6zlem\u00e9nye szerint el\u0151z\u0151 \u00e9jjel 120 millim\u00e9ter kaliber\u0171 aknavet\u0151kkel l\u0151tt\u00e9k a szakad\u00e1rok a Donyeck k\u00f6rny\u00e9ki Piszki, Opitne \u00e9s Vogyane telep\u00fcl\u00e9seket. A szint\u00e9n a megyek\u00f6zpont k\u00f6zel\u00e9ben fekv\u0151 Avgyijivk\u00e1ra harckocsikkal \u00e9s 152 millim\u00e9ter kaliber\u0171 neh\u00e9zfegyverekkel l\u0151ttek.<br \/>\n    A frontvonal d\u00e9li r\u00e9sz\u00e9n, Mariupol k\u00f6rny\u00e9k\u00e9n 120, illetve 82 millim\u00e9teres aknavet\u0151kkel, gr\u00e1n\u00e1tvet\u0151kkel \u00e9s k\u00e9zi fegyverekkel t\u00e1madtak az ukr\u00e1n katon\u00e1kra. A parancsnoks\u00e1g k\u00f6zlem\u00e9ny\u00e9ben megjegyezte, hogy miut\u00e1n a katon\u00e1k &#8222;megfelel\u0151 v\u00e1laszt&#8221; adtak a t\u00e1mad\u00e1sokra, a szakad\u00e1rok &#8222;\u00f6tsz\u00f6r k\u00e9rtek t\u0171zsz\u00fcnetet&#8221;.<br \/>\n     A frontvonal \u00e9szaki r\u00e9sz\u00e9n, Luhanszk k\u00f6rny\u00e9k\u00e9n Scsaszty\u00e1t \u00e9s Sztanicja Luhanszk\u00e1t l\u0151tt\u00e9k nagy kaliber\u0171 aknavet\u0151kkel, illetve gr\u00e1n\u00e1tvet\u0151kkel \u00e9s k\u00e9zi fegyverekkel. K\u00e9t tov\u00e1bbi kistelep\u00fcl\u00e9st a k\u00f6rny\u00e9ken nagy kaliber\u0171 goly\u00f3sz\u00f3r\u00f3kkal vettek t\u0171z al\u00e1.<br \/>\n    K\u00e9rd\u00e9sre v\u00e1laszolva Liszenko lesz\u00f6gezte, hogy az ukr\u00e1n fegyveres er\u0151k k\u00e9szek megfelel\u0151 v\u00e1laszt adni abban az esetben, ha a szakad\u00e1rok harckocsikkal t\u00e1madn\u00e1nak. Nem tudta ugyanakkor megmondani, h\u00e1ny harckocsival rendelkeznek a szakad\u00e1r er\u0151k. Annyit mondott, hogy &#8222;az ukr\u00e1n f\u00e9l elegend\u0151 inform\u00e1ci\u00f3val rendelkezik az +orosz terrorista csoportok+ p\u00e1nc\u00e9lozott katonai eszk\u00f6zeinek hozz\u00e1vet\u0151leges sz\u00e1m\u00e1r\u00f3l&#8221;. El\u0151z\u0151 nap Valentin Fedicsev, a hadm\u0171velet helyettes parancsnoka egy t\u00e9v\u00e9interj\u00faban azt mondta, hogy t\u00f6bb mint 700 harckocsival rendelkeznek a szakad\u00e1rok, ebb\u0151l 190-nel az oldalukon harcol\u00f3 orosz csapatok.<br \/>\n    Liszenko hozz\u00e1tette, hogy a katonai felder\u00edt\u00e9st\u0151l kapott inform\u00e1ci\u00f3k alapj\u00e1n a szakad\u00e1rok a Luhanszk megy\u00e9ben h\u00e1rom b\u00e1zison, Donyeck v\u00e1ros\u00e1ban pedig lak\u00f3\u00f6vezetekben, ipari \u00e9s agr\u00e1rl\u00e9tes\u00edtm\u00e9nyekben helyezt\u00e9k el a p\u00e1nc\u00e9losokat.<br \/>\n    A kijevi parlament kedden els\u0151 olvasatban elfogadta azt a t\u00f6rv\u00e9nym\u00f3dos\u00edt\u00e1si javaslatot, amely alapj\u00e1n k\u00fclf\u00f6ldiek, illetve \u00e1llampolg\u00e1rs\u00e1ggal nem rendelkez\u0151k is harcolhatnak az ukr\u00e1n fegyveres er\u0151k k\u00f6tel\u00e9k\u00e9ben. A t\u00f6bb jogszab\u00e1ly m\u00f3dos\u00edt\u00e1s\u00e1r\u00f3l sz\u00f3l\u00f3 ind\u00edtv\u00e1nyt a 450 f\u0151s t\u00f6rv\u00e9nyhoz\u00e1s 257 tagja hagyta j\u00f3v\u00e1 a jelen l\u00e9v\u0151 326 k\u00e9pvisel\u0151 k\u00f6z\u00fcl. Az \u00f6nk\u00e9ntes alakulatokban &#8211; amelyek mostanra betagoz\u00f3dtak a hadsereg vagy a Nemzeti G\u00e1rda k\u00f6tel\u00e9k\u00e9be &#8211; most is vannak k\u00fclf\u00f6ldi \u00f6nk\u00e9ntesek, m\u00e9g orosz \u00e1llampolg\u00e1rok is. Eddig azzal tett\u00e9k t\u00f6rv\u00e9nyess\u00e9 jelenl\u00e9t\u00fcket, hogy ukr\u00e1n \u00e1llampolg\u00e1rs\u00e1gi k\u00e9relmet ny\u00fajtottak be. Ennek elb\u00edr\u00e1l\u00e1sa azonban meglehet\u0151sen hosszadalmas Ukrajn\u00e1ban. A most megszavazott t\u00f6rv\u00e9nym\u00f3dos\u00edt\u00e1si csomag a zsoldostev\u00e9kenys\u00e9g b\u00fcntet\u00e9s\u00e9t is m\u00f3dos\u00edtja, olyan m\u00f3don, hogy az ukr\u00e1n fegyveres er\u0151k k\u00f6tel\u00e9k\u00e9ben harcol\u00f3 k\u00fclf\u00f6ldi \u00f6nk\u00e9ntesek ne essenek b\u00fcntet\u0151jogi felel\u0151ss\u00e9gre von\u00e1s al\u00e1. (MTI)<\/p>\n","protected":false},"excerpt":{"rendered":"<p>Kijev szerint egyre fokoz\u00f3dik a fesz\u00fclts\u00e9g a kelet-ukrajnai harcok \u00f6vezet\u00e9ben, az oroszbar\u00e1t szakad\u00e1rok ism\u00e9t neh\u00e9zfegyvereket vetettek be keddre virrad\u00f3an, \u00e9s ez\u00fattal lakott telep\u00fcl\u00e9seket is l\u0151ttek.<\/p>\n","protected":false},"author":1,"featured_media":0,"comment_status":"open","ping_status":"closed","sticky":false,"template":"","format":"standard","meta":[],"categories":[139],"tags":[],"_links":{"self":[{"href":"https:\/\/gazdasagportal.hu\/index.php\/wp-json\/wp\/v2\/posts\/61241"}],"collection":[{"href":"https:\/\/gazdasagportal.hu\/index.php\/wp-json\/wp\/v2\/posts"}],"about":[{"href":"https:\/\/gazdasagportal.hu\/index.php\/wp-json\/wp\/v2\/types\/post"}],"author":[{"embeddable":true,"href":"https:\/\/gazdasagportal.hu\/index.php\/wp-json\/wp\/v2\/users\/1"}],"replies":[{"embeddable":true,"href":"https:\/\/gazdasagportal.hu\/index.php\/wp-json\/wp\/v2\/comments?post=61241"}],"version-history":[{"count":1,"href":"https:\/\/gazdasagportal.hu\/index.php\/wp-json\/wp\/v2\/posts\/61241\/revisions"}],"predecessor-version":[{"id":61242,"href":"https:\/\/gazdasagportal.hu\/index.php\/wp-json\/wp\/v2\/posts\/61241\/revisions\/61242"}],"wp:attachment":[{"href":"https:\/\/gazdasagportal.hu\/index.php\/wp-json\/wp\/v2\/media?parent=61241"}],"wp:term":[{"taxonomy":"category","embeddable":true,"href":"https:\/\/gazdasagportal.hu\/index.php\/wp-json\/wp\/v2\/categories?post=61241"},{"taxonomy":"post_tag","embeddable":true,"href":"https:\/\/gazdasagportal.hu\/index.php\/wp-json\/wp\/v2\/tags?post=61241"}],"curies":[{"name":"wp","href":"https:\/\/api.w.org\/{rel}","templated":true}]}}