{"id":61237,"date":"2015-05-12T16:30:46","date_gmt":"2015-05-12T14:30:46","guid":{"rendered":"http:\/\/stockportal.hu\/?p=61237"},"modified":"2015-05-12T15:52:09","modified_gmt":"2015-05-12T13:52:09","slug":"praga-es-pozsony-is-ellenzi-a-menekultugyi-kvotak-bevezeteset","status":"publish","type":"post","link":"https:\/\/gazdasagportal.hu\/index.php\/praga-es-pozsony-is-ellenzi-a-menekultugyi-kvotak-bevezeteset\/","title":{"rendered":"Pr\u00e1ga \u00e9s Pozsony is ellenzi a menek\u00fclt\u00fcgyi kv\u00f3t\u00e1k bevezet\u00e9s\u00e9t"},"content":{"rendered":"<p><strong>Csehorsz\u00e1g \u00e9s Szlov\u00e1kia is ellenzi, hogy az Eur\u00f3pai Uni\u00f3 az Eur\u00f3p\u00e1ba \u00e9rkez\u0151 menek\u00fcltek probl\u00e9m\u00e1j\u00e1t a k\u00f6telez\u0151 kv\u00f3tarendszer bevezet\u00e9s\u00e9vel oldja meg &#8211; sz\u00f6gezte le a k\u00e9t orsz\u00e1g minisztereln\u00f6ke a cseh-szlov\u00e1k k\u00f6z\u00f6s korm\u00e1ny\u00fcl\u00e9s ut\u00e1n megtartott sajt\u00f3t\u00e1j\u00e9koztat\u00f3n kedden a d\u00e9l-morvaorsz\u00e1gi Valtic\u00e9ben.<\/strong><!--more--><\/p>\n<div class=\"ads-in-post1\"><div id=\"gazdasagportal.hu_fullbanner_wideboard\"><\/div>\r\n<\/div>\n<p>    &#8222;A k\u00f6telez\u0151 befogad\u00e1si kv\u00f3t\u00e1k bevezet\u00e9s\u00e9t elvi alapon ellenzem&#8221; &#8211; jelentette ki Robert Fico szlov\u00e1k korm\u00e1nyf\u0151.<br \/>\n    &#8222;Csehorsz\u00e1gnak tov\u00e1bbra is az az \u00e1ll\u00e1spontja, hogy ezt a k\u00e9rd\u00e9st a tag\u00e1llamoknak \u00f6n\u00e1ll\u00f3an kell megoldaniuk&#8221; &#8211; v\u00e9lekedett Bohuslav Sobotka.<br \/>\n    A k\u00e9t politikus egyet\u00e9rtett abban, hogy a menek\u00fclt\u00fcgyi probl\u00e9ma rendez\u00e9se ter\u00e9n elfogadand\u00f3 minden int\u00e9zked\u00e9snek az \u00f6nk\u00e9ntess\u00e9gen kell alapulnia.(MTI)<\/p>\n","protected":false},"excerpt":{"rendered":"<p>Csehorsz\u00e1g \u00e9s Szlov\u00e1kia is ellenzi, hogy az Eur\u00f3pai Uni\u00f3 az Eur\u00f3p\u00e1ba \u00e9rkez\u0151 menek\u00fcltek probl\u00e9m\u00e1j\u00e1t a k\u00f6telez\u0151 kv\u00f3tarendszer bevezet\u00e9s\u00e9vel oldja meg &#8211; sz\u00f6gezte le a k\u00e9t orsz\u00e1g minisztereln\u00f6ke a cseh-szlov\u00e1k k\u00f6z\u00f6s korm\u00e1ny\u00fcl\u00e9s ut\u00e1n megtartott sajt\u00f3t\u00e1j\u00e9koztat\u00f3n kedden a d\u00e9l-morvaorsz\u00e1gi Valtic\u00e9ben.<\/p>\n","protected":false},"author":1,"featured_media":0,"comment_status":"open","ping_status":"closed","sticky":false,"template":"","format":"standard","meta":[],"categories":[12],"tags":[],"_links":{"self":[{"href":"https:\/\/gazdasagportal.hu\/index.php\/wp-json\/wp\/v2\/posts\/61237"}],"collection":[{"href":"https:\/\/gazdasagportal.hu\/index.php\/wp-json\/wp\/v2\/posts"}],"about":[{"href":"https:\/\/gazdasagportal.hu\/index.php\/wp-json\/wp\/v2\/types\/post"}],"author":[{"embeddable":true,"href":"https:\/\/gazdasagportal.hu\/index.php\/wp-json\/wp\/v2\/users\/1"}],"replies":[{"embeddable":true,"href":"https:\/\/gazdasagportal.hu\/index.php\/wp-json\/wp\/v2\/comments?post=61237"}],"version-history":[{"count":1,"href":"https:\/\/gazdasagportal.hu\/index.php\/wp-json\/wp\/v2\/posts\/61237\/revisions"}],"predecessor-version":[{"id":61238,"href":"https:\/\/gazdasagportal.hu\/index.php\/wp-json\/wp\/v2\/posts\/61237\/revisions\/61238"}],"wp:attachment":[{"href":"https:\/\/gazdasagportal.hu\/index.php\/wp-json\/wp\/v2\/media?parent=61237"}],"wp:term":[{"taxonomy":"category","embeddable":true,"href":"https:\/\/gazdasagportal.hu\/index.php\/wp-json\/wp\/v2\/categories?post=61237"},{"taxonomy":"post_tag","embeddable":true,"href":"https:\/\/gazdasagportal.hu\/index.php\/wp-json\/wp\/v2\/tags?post=61237"}],"curies":[{"name":"wp","href":"https:\/\/api.w.org\/{rel}","templated":true}]}}