{"id":61235,"date":"2015-05-12T17:02:44","date_gmt":"2015-05-12T15:02:44","guid":{"rendered":"http:\/\/stockportal.hu\/?p=61235"},"modified":"2015-05-12T15:54:41","modified_gmt":"2015-05-12T13:54:41","slug":"a-duna-biztonsagarol-rendeznek-nemzetkozi-konferenciat-budapesten","status":"publish","type":"post","link":"https:\/\/gazdasagportal.hu\/index.php\/a-duna-biztonsagarol-rendeznek-nemzetkozi-konferenciat-budapesten\/","title":{"rendered":"A Duna biztons\u00e1g\u00e1r\u00f3l rendeznek nemzetk\u00f6zi konferenci\u00e1t Budapesten"},"content":{"rendered":"<p><strong>A Duna biztons\u00e1g\u00e1r\u00f3l rendeznek nemzetk\u00f6zi konferenci\u00e1t Budapesten. A program megnyit\u00f3j\u00e1n Berta Krisztina, a Bel\u00fcgyminiszt\u00e9rium helyettes \u00e1llamtitk\u00e1ra azt hangs\u00falyozta, hogy az orsz\u00e1gok k\u00f6z\u00f6tti egy\u00fcttm\u0171k\u00f6d\u00e9snek nemcsak b\u0171n\u00fcgyi szempontb\u00f3l van jelent\u0151s\u00e9ge, hanem a folyami balesetek megel\u0151z\u00e9s\u00e9ben is.<\/strong><!--more--><\/p>\n<div class=\"ads-in-post1\"><div id=\"gazdasagportal.hu_fullbanner_wideboard\"><\/div>\r\n<\/div>\n<p>    A Magyarorsz\u00e1g koordin\u00e1l\u00e1s\u00e1val, a Bolg\u00e1r K\u00f6zt\u00e1rsas\u00e1ggal \u00e9s a N\u00e9met Sz\u00f6vets\u00e9gi K\u00f6zt\u00e1rsas\u00e1ggal partners\u00e9gben, az Eur\u00f3pai Uni\u00f3 &#8222;B\u0171nmegel\u0151z\u00e9s \u00e9s a b\u0171n\u00f6z\u00e9s elleni k\u00fczdelem&#8221; programj\u00e1nak p\u00e9nz\u00fcgyi t\u00e1mogat\u00e1s\u00e1val 2013 j\u00falius\u00e1t\u00f3l 2015. j\u00fanius v\u00e9g\u00e9ig val\u00f3sul meg a &#8222;Duna Folyami F\u00f3rum strukt\u00far\u00e1j\u00e1nak l\u00e9trehoz\u00e1sa&#8221; elnevez\u00e9s\u0171 projekt. Ennek a z\u00e1r\u00f3konferenci\u00e1j\u00e1t rendezik meg kedden \u00e9s szerd\u00e1n Budapesten. A programon a projektben r\u00e9sztvev\u0151 t\u00edz orsz\u00e1g &#8211; Ausztria, Bulg\u00e1ria, Horv\u00e1torsz\u00e1g, Magyarorsz\u00e1g, Moldova, N\u00e9metorsz\u00e1g, Rom\u00e1nia, Szerbia, Szlov\u00e1kia \u00e9s Ukrajna &#8211; k\u00e9pvisel\u0151i vesznek r\u00e9szt, hogy \u00e1ttekints\u00e9k a projekt eredm\u00e9nyeit, ki\u00e9rt\u00e9kelj\u00e9k k\u00eds\u00e9rleti m\u0171k\u00f6d\u00e9s\u00e9t \u00e9s megvitass\u00e1k, hogyan tudnak a j\u00f6v\u0151ben egy\u00fcttm\u0171k\u00f6dni.<br \/>\n    Berta Krisztina k\u00f6sz\u00f6nt\u0151j\u00e9ben azt mondta: a Dun\u00e1n az elm\u00falt \u00e9vekben jelent\u0151sen megn\u0151tt a turisztikai \u00e9s az \u00e1ruforgalom egyar\u00e1nt, ami annak a vesz\u00e9ly\u00e9t is mag\u00e1ban hordozza, hogy emelkedik a foly\u00f3hoz kapcsol\u00f3d\u00f3 b\u0171ncselekm\u00e9nyek sz\u00e1ma. Hozz\u00e1tette: a magyar kezdem\u00e9nyez\u00e9s\u0171 projekttel teljes rend\u00e9szeti egy\u00fcttm\u0171k\u00f6d\u00e9st c\u00e9loztak meg, bele\u00e9rtve a b\u0171n\u00fcgyi-, hat\u00e1rrend\u00e9szeti-, v\u00e1m-, v\u00edzirend\u00e9szeti \u00e9s katasztr\u00f3fav\u00e9delmi szerveket.<br \/>\n    A projekt f\u0151 c\u00e9lja a dunai v\u00edzi biztons\u00e1g meger\u0151s\u00edt\u00e9se, a v\u00edzi \u00faton t\u00f6rt\u00e9n\u0151 \u00e9s ahhoz kapcsol\u00f3d\u00f3 b\u0171n\u00f6z\u00e9s elleni hat\u00e9kony, \u00f6sszehangolt fell\u00e9p\u00e9s, valamint az operat\u00edv, hat\u00e1rokon \u00e1tny\u00fal\u00f3 rend\u00e9szeti szakmai egy\u00fcttm\u0171k\u00f6d\u00e9s kialak\u00edt\u00e1sa. Mindezt annak \u00e9rdek\u00e9ben, hogy a Duna mind a szem\u00e9ly-, mind az \u00e1rusz\u00e1ll\u00edt\u00e1s ter\u00e9n modern \u00e9s biztons\u00e1gos k\u00f6zleked\u00e9si folyos\u00f3k\u00e9nt m\u0171k\u00f6dhessen.<br \/>\n    A k\u00f6z\u00f6s munk\u00e1ba az Eur\u00f3pai Rend\u0151rs\u00e9gi Hivatal (Europol), az Eur\u00f3pai Uni\u00f3 hat\u00e1rrend\u00e9szeti t\u00e1mogat\u00f3 \u00fcgyn\u00f6ks\u00e9ge (Frontex), valamint az Eur\u00f3pai Uni\u00f3 Hat\u00e1rt\u00e1mogat\u00f3 Misszi\u00f3ja (EUBAM) is bekapcsol\u00f3dott.<br \/>\n    Berta Krisztina p\u00e9ldak\u00e9nt eml\u00edtette, hogy az Europol 2011-es, valamint 2014-es Duna r\u00e9gi\u00f3ra vonatkoz\u00f3 szervezett b\u0171n\u00f6z\u00e9ssel kapcsolatos fenyegetetts\u00e9g-\u00e9rt\u00e9kel\u00e9sei vil\u00e1gosan r\u00e1mutattak arra, hogy a v\u00edzi-k\u00f6zleked\u00e9shez kapcsol\u00f3d\u00f3 b\u0171ncselekm\u00e9nyek eset\u00e9n igen magas a l\u00e1tencia. Ez\u00e9rt is fontos az orsz\u00e1gok k\u00f6z\u00f6tti egy\u00fcttm\u0171k\u00f6d\u00e9s \u00e9s gyors inform\u00e1ci\u00f3\u00e1raml\u00e1s &#8211; tette hozz\u00e1. \u00dagy fogalmazott: &#8222;ha \u00f6sszegezz\u00fck szakmai ismereteinket, mind region\u00e1lis, eur\u00f3pai \u00e9s glob\u00e1lis szinten gyorsabban, hat\u00e9konyabban \u00e9s ez\u00e1ltal sikeresebben l\u00e9phet\u00fcnk fel, \u00e9s kezelhetj\u00fck a ter\u00fcleten jelentkez\u0151 kih\u00edv\u00e1sokat&#8221;.<br \/>\n    A k\u00e9tnapos konferenci\u00e1n v\u00e1rhat\u00f3an a projekt eredm\u00e9nyei alapj\u00e1n k\u00f6z\u00f6s aj\u00e1nl\u00e1sokat fogalmaznak meg a r\u00e9sztvev\u0151k. Berta Krisztina rem\u00e9ny\u00e9t fejezte ki, hogy a k\u00f6vetkez\u0151 h\u00e9t\u00e9ves uni\u00f3s t\u00e1mogat\u00e1si keretb\u0151l is siker\u00fcl forr\u00e1sokat tal\u00e1lni ahhoz, hogy kidolgozhass\u00e1k a tov\u00e1bbi egy\u00fcttm\u0171k\u00f6d\u00e9s jogi alapjait \u00e9s rendszeres k\u00f6z\u00f6s m\u0171veleteket hajthassanak v\u00e9gre.(MTI)<\/p>\n","protected":false},"excerpt":{"rendered":"<p>A Duna biztons\u00e1g\u00e1r\u00f3l rendeznek nemzetk\u00f6zi konferenci\u00e1t Budapesten. A program megnyit\u00f3j\u00e1n Berta Krisztina, a Bel\u00fcgyminiszt\u00e9rium helyettes \u00e1llamtitk\u00e1ra azt hangs\u00falyozta, hogy az orsz\u00e1gok k\u00f6z\u00f6tti egy\u00fcttm\u0171k\u00f6d\u00e9snek nemcsak b\u0171n\u00fcgyi szempontb\u00f3l van jelent\u0151s\u00e9ge, hanem a folyami balesetek megel\u0151z\u00e9s\u00e9ben is.<\/p>\n","protected":false},"author":1,"featured_media":0,"comment_status":"open","ping_status":"closed","sticky":false,"template":"","format":"standard","meta":[],"categories":[4],"tags":[],"_links":{"self":[{"href":"https:\/\/gazdasagportal.hu\/index.php\/wp-json\/wp\/v2\/posts\/61235"}],"collection":[{"href":"https:\/\/gazdasagportal.hu\/index.php\/wp-json\/wp\/v2\/posts"}],"about":[{"href":"https:\/\/gazdasagportal.hu\/index.php\/wp-json\/wp\/v2\/types\/post"}],"author":[{"embeddable":true,"href":"https:\/\/gazdasagportal.hu\/index.php\/wp-json\/wp\/v2\/users\/1"}],"replies":[{"embeddable":true,"href":"https:\/\/gazdasagportal.hu\/index.php\/wp-json\/wp\/v2\/comments?post=61235"}],"version-history":[{"count":1,"href":"https:\/\/gazdasagportal.hu\/index.php\/wp-json\/wp\/v2\/posts\/61235\/revisions"}],"predecessor-version":[{"id":61236,"href":"https:\/\/gazdasagportal.hu\/index.php\/wp-json\/wp\/v2\/posts\/61235\/revisions\/61236"}],"wp:attachment":[{"href":"https:\/\/gazdasagportal.hu\/index.php\/wp-json\/wp\/v2\/media?parent=61235"}],"wp:term":[{"taxonomy":"category","embeddable":true,"href":"https:\/\/gazdasagportal.hu\/index.php\/wp-json\/wp\/v2\/categories?post=61235"},{"taxonomy":"post_tag","embeddable":true,"href":"https:\/\/gazdasagportal.hu\/index.php\/wp-json\/wp\/v2\/tags?post=61235"}],"curies":[{"name":"wp","href":"https:\/\/api.w.org\/{rel}","templated":true}]}}