{"id":61231,"date":"2015-05-12T15:34:39","date_gmt":"2015-05-12T13:34:39","guid":{"rendered":"http:\/\/stockportal.hu\/?p=61231"},"modified":"2015-05-12T15:16:13","modified_gmt":"2015-05-12T13:16:13","slug":"iden-is-megrendezik-a-magyar-vilagtalalkozot","status":"publish","type":"post","link":"https:\/\/gazdasagportal.hu\/index.php\/iden-is-megrendezik-a-magyar-vilagtalalkozot\/","title":{"rendered":"Id\u00e9n is megrendezik a Magyar Vil\u00e1gtal\u00e1lkoz\u00f3t"},"content":{"rendered":"<p><strong>Konferenci\u00e1k, kultur\u00e1lis g\u00e1lam\u0171sor, k\u00f6nyvbemutat\u00f3k \u00e9s a p\u00fcnk\u00f6sd\u00f6l\u0151 n\u00e9phagyom\u00e1nyok feleleven\u00edt\u00e9se is v\u00e1rja az \u00e9rdekl\u0151d\u0151ket az V. Magyar Vil\u00e1gtal\u00e1lkoz\u00f3n m\u00e1jus 22. \u00e9s 31. k\u00f6z\u00f6tt orsz\u00e1gszerte.<\/strong><!--more--><\/p>\n<div class=\"ads-in-post1\"><div id=\"gazdasagportal.hu_fullbanner_wideboard\"><\/div>\r\n<\/div>\n<p>    Tanka L\u00e1szl\u00f3, a vil\u00e1gtal\u00e1lkoz\u00f3 eln\u00f6ke a rendezv\u00e9nyr\u0151l tartott keddi budapesti sajt\u00f3t\u00e1j\u00e9koztat\u00f3n felh\u00edvta a figyelmet a Vil\u00e1gfaluban m\u00e1jus 30-\u00e1n \u00e9s 31-\u00e9n zajl\u00f3 programokra. A budapesti Syma Rendezv\u00e9nyk\u00f6zpontban egyebek mellett jurta s\u00e1trak, szabadt\u00e9ri l\u00e1tv\u00e1nykonyha, eg\u00e9szs\u00e9gkonferencia, pal\u00f3c lakodalom, magyar n\u00f3t\u00e1k k\u00f6z\u00f6s \u00e9nekl\u00e9se, valamint \u00c1zsia- \u00e9s Afrika-f\u00f3rum sz\u00f3rakoztatja a l\u00e1togat\u00f3kat, emellett bemutatkozik az esem\u00e9nysorozat d\u00edszvend\u00e9ge, a Vajdas\u00e1g is.<br \/>\n    A tal\u00e1lkoz\u00f3 esem\u00e9nyei t\u00f6bb helysz\u00ednen, t\u00f6bbek k\u00f6z\u00f6tt Budapesten, Szegeden \u00e9s \u00d3pusztaszeren zajlanak.<br \/>\n    A d\u00edsz\u00fcnneps\u00e9get m\u00e1jus 26-\u00e1n tartj\u00e1k az Ur\u00e1nia Nemzeti Filmsz\u00ednh\u00e1zban, ahol fell\u00e9pnek a budapesti Nemzeti Sz\u00ednh\u00e1z \u00e9s a Magyar Nemzeti T\u00e1ncegy\u00fcttes m\u0171v\u00e9szei, valamint a Liszt Ferenc \u00c1ltal\u00e1nos Iskola k\u00f3rusa. Az \u00fcnneps\u00e9gen \u00e1tadj\u00e1k a Vil\u00e1g Magyars\u00e1g\u00e9rt k\u00f6z\u00e9leti \u00e9s m\u0171v\u00e9szeti elismer\u00e9st, a Tiszteletbeli Magyar c\u00edmet \u00e9s az \u00d6sszefog\u00e1s a Magyars\u00e1g\u00e9rt D\u00edjat. Valamennyi kit\u00fcntetett az elismer\u0151 dokumentum mell\u00e9 J\u00f3zsa Judit erd\u00e9lyi keramikusm\u0171v\u00e9sz \u00c9letfa-kereszt &#8211; Megmarad\u00e1sunk\u00e9rt c\u00edm\u0171 alkot\u00e1s\u00e1t kapja aj\u00e1nd\u00e9kk\u00e9nt.<br \/>\n    Az \u00d3pusztaszeri Nemzeti T\u00f6rt\u00e9neti Eml\u00e9kparkban m\u00e1jus 24-\u00e9n a p\u00fcnk\u00f6sd\u00f6l\u0151 n\u00e9phagyom\u00e1nyokat eleven\u00edtik fel, m\u00e1jus 25-\u00e9n Gyere haza, v\u00e1runk! c\u00edmmel rendeznek ifj\u00fas\u00e1gi napot. M\u00e1jus 23-\u00e1n Aranyosap\u00e1tiban n\u00e9gyeshat\u00e1rmenti tal\u00e1lkoz\u00f3t, Szegeden 24-\u00e9n gazdas\u00e1gi \u00e9s kultur\u00e1lis f\u00f3rumot, 25-\u00e9n lobbikonferenci\u00e1t \u00e9s eml\u00e9kavat\u00f3t tartanak. Az \u00d3budai Egyetem m\u00e1jus 27-\u00e9n nemzetk\u00f6zi tudom\u00e1nyos tan\u00e1cskoz\u00e1snak, az OKISZ-sz\u00e9kh\u00e1z Magyars\u00e1gh\u00edd c\u00edmmel nemzetk\u00f6zi gazdas\u00e1gi f\u00f3rumnak \u00e9s \u00fczletember-tal\u00e1lkoz\u00f3nak ad otthont.<br \/>\n    M\u00e1jus 28-\u00e1n a budapesti Stef\u00e1nia Palot\u00e1ban M\u00e1ga Zolt\u00e1n heged\u0171m\u0171v\u00e9sz ad koncertet, m\u00edg a budapesti Thomas Hotel melletti konferenciateremben Quo vadis Eur\u00f3pa? c\u00edmmel rendezik meg a t\u00e1rsadalmi p\u00e1rbesz\u00e9d f\u00f3rum\u00e1t, m\u00e1snap a Bujdos\u00f3 Sz\u00e9kely \u00c9tteremban kultur\u00e1lis, szabadid\u0151s \u00e9s sz\u00f3rakoztat\u00f3 programok v\u00e1rj\u00e1k a k\u00f6z\u00f6ns\u00e9get. Az esem\u00e9nysorozat r\u00e9szek\u00e9nt m\u00e1jus 22-\u00e9n vil\u00e1gtal\u00e1lkoz\u00f3i csoport indul Cs\u00edksomly\u00f3ra \u00e9s Mad\u00e9falv\u00e1ra.<br \/>\n    A vil\u00e1gtal\u00e1lkoz\u00f3hoz kapcsol\u00f3dva Balatonlell\u00e9n, Balatongy\u00f6r\u00f6k\u00f6n, Kaposv\u00e1ron, \u00d6rk\u00e9nyben \u00e9s Esztergomban is szerveznek tov\u00e1bbi esem\u00e9nyeket. A fesztiv\u00e1l c\u00e9lja, hogy hat\u00e1rokon \u00e1t\u00edvelve lehet\u0151s\u00e9get teremtsen az egy\u00fcttm\u0171k\u00f6d\u00e9sre a magyar \u00e9rt\u00e9kvil\u00e1g bemutat\u00e1s\u00e1val.(MTI)<\/p>\n","protected":false},"excerpt":{"rendered":"<p>Konferenci\u00e1k, kultur\u00e1lis g\u00e1lam\u0171sor, k\u00f6nyvbemutat\u00f3k \u00e9s a p\u00fcnk\u00f6sd\u00f6l\u0151 n\u00e9phagyom\u00e1nyok feleleven\u00edt\u00e9se is v\u00e1rja az \u00e9rdekl\u0151d\u0151ket az V. Magyar Vil\u00e1gtal\u00e1lkoz\u00f3n m\u00e1jus 22. \u00e9s 31. k\u00f6z\u00f6tt orsz\u00e1gszerte.<\/p>\n","protected":false},"author":1,"featured_media":0,"comment_status":"open","ping_status":"closed","sticky":false,"template":"","format":"standard","meta":[],"categories":[4],"tags":[],"_links":{"self":[{"href":"https:\/\/gazdasagportal.hu\/index.php\/wp-json\/wp\/v2\/posts\/61231"}],"collection":[{"href":"https:\/\/gazdasagportal.hu\/index.php\/wp-json\/wp\/v2\/posts"}],"about":[{"href":"https:\/\/gazdasagportal.hu\/index.php\/wp-json\/wp\/v2\/types\/post"}],"author":[{"embeddable":true,"href":"https:\/\/gazdasagportal.hu\/index.php\/wp-json\/wp\/v2\/users\/1"}],"replies":[{"embeddable":true,"href":"https:\/\/gazdasagportal.hu\/index.php\/wp-json\/wp\/v2\/comments?post=61231"}],"version-history":[{"count":1,"href":"https:\/\/gazdasagportal.hu\/index.php\/wp-json\/wp\/v2\/posts\/61231\/revisions"}],"predecessor-version":[{"id":61232,"href":"https:\/\/gazdasagportal.hu\/index.php\/wp-json\/wp\/v2\/posts\/61231\/revisions\/61232"}],"wp:attachment":[{"href":"https:\/\/gazdasagportal.hu\/index.php\/wp-json\/wp\/v2\/media?parent=61231"}],"wp:term":[{"taxonomy":"category","embeddable":true,"href":"https:\/\/gazdasagportal.hu\/index.php\/wp-json\/wp\/v2\/categories?post=61231"},{"taxonomy":"post_tag","embeddable":true,"href":"https:\/\/gazdasagportal.hu\/index.php\/wp-json\/wp\/v2\/tags?post=61231"}],"curies":[{"name":"wp","href":"https:\/\/api.w.org\/{rel}","templated":true}]}}