{"id":61220,"date":"2015-05-12T14:07:26","date_gmt":"2015-05-12T12:07:26","guid":{"rendered":"http:\/\/stockportal.hu\/?p=61220"},"modified":"2015-05-12T14:07:26","modified_gmt":"2015-05-12T12:07:26","slug":"irani-atomprogram-becsben-folytatodnak-a-tobboldalu-targyalasok-a-felek-derulatok","status":"publish","type":"post","link":"https:\/\/gazdasagportal.hu\/index.php\/irani-atomprogram-becsben-folytatodnak-a-tobboldalu-targyalasok-a-felek-derulatok\/","title":{"rendered":"Ir\u00e1ni atomprogram &#8211; B\u00e9csben folytat\u00f3dnak a t\u00f6bboldal\u00fa t\u00e1rgyal\u00e1sok, a felek der\u0171l\u00e1t\u00f3k"},"content":{"rendered":"<p><strong>B\u00e9csben folytat\u00f3dtak kedden az ir\u00e1ni nukle\u00e1ris programr\u00f3l sz\u00f3l\u00f3 t\u00e1rgyal\u00e1sok, a n\u00e9gynapos megbesz\u00e9l\u00e9s a meg\u00e1llapod\u00e1s technikai felt\u00e9teleir\u0151l sz\u00f3l, amelyeket j\u00fanius v\u00e9g\u00e9ig ki kell dolgozni.<\/strong><!--more--><\/p>\n<div class=\"ads-in-post1\"><div id=\"gazdasagportal.hu_fullbanner_wideboard\"><\/div>\r\n<\/div>\n<p>    Abb\u00e1sz Aragcsi ir\u00e1ni f\u0151t\u00e1rgyal\u00f3, k\u00fcl\u00fcgyminiszter-helyettes a tal\u00e1lkoz\u00f3 el\u0151tt elmondta, hogy megegyez\u00e9s eset\u00e9n az Ir\u00e1n elleni nyugati szankci\u00f3kat nem szakaszosan sz\u00fcntetik majd meg. Hangoztatta, hogy amennyiben \u00e9rv\u00e9nybe l\u00e9p a meg\u00e1llapod\u00e1s, minden gazdas\u00e1gi \u00e9s p\u00e9nz\u00fcgyi szankci\u00f3nak v\u00e9get kell vetni.<br \/>\n    Aragcsi szerint a megbesz\u00e9l\u00e9sek f\u0151 feladata, hogy a felek sz\u00e1m\u00e1ra elfogadhat\u00f3 sz\u00f6veg k\u00e9sz\u00fclj\u00f6n. Az ir\u00e1ni f\u0151t\u00e1rgyal\u00f3 abban b\u00edzik, hogy m\u00e1r a hat\u00e1rid\u0151 id\u0151 el\u0151tt megsz\u00fcletik a meg\u00e1llapod\u00e1s.<br \/>\n    Az Egyes\u00fclt \u00c1llamok m\u00e1r kor\u00e1bban \u00e9rt\u00e9sre adta: kitart amellett, hogy a szankci\u00f3k automatikusan \u00e9s ENSZ-hat\u00e1rozat n\u00e9lk\u00fcl \u00fajra \u00e9rv\u00e9nybe l\u00e9pjenek, amennyiben Ir\u00e1n nem tartja mag\u00e1t a v\u00e9gs\u0151 meg\u00e1llapod\u00e1sban foglaltakhoz.<br \/>\n    Kedden Ir\u00e1n \u00e9s az Eur\u00f3pai Uni\u00f3 k\u00f6z\u00f6tt tartottak t\u00e1rgyal\u00e1sokat B\u00e9csben, szerd\u00e1t\u00f3l az Egyes\u00fclt \u00c1llamok, K\u00edna \u00e9s Oroszorsz\u00e1g is r\u00e9szt vesz az egyeztet\u00e9sen.<br \/>\n    A t\u00e1rgyal\u00e1sokat eur\u00f3pai r\u00e9szr\u0151l Helga Schmid, az Eur\u00f3pai Uni\u00f3 K\u00fcl\u00fcgyi Szolg\u00e1lat\u00e1nak politikai igazgat\u00f3ja vezeti.<br \/>\n    Egyes diplomat\u00e1k szerint a v\u00e9gs\u0151 meg\u00e1llapod\u00e1s sz\u00f6vege m\u00e1r meg is sz\u00fcletett, m\u00e1r csak a k\u00fcl\u00f6nbs\u00e9gek tiszt\u00e1z\u00e1sa zajlik.<br \/>\n    Ir\u00e1n \u00e9s a hatok &#8211; az Egyes\u00fclt \u00c1llamok, Oroszorsz\u00e1g, K\u00edna, Franciaorsz\u00e1g, Nagy-Britannia \u00e9s N\u00e9metorsz\u00e1g &#8211; \u00e1prilis 2-\u00e1n m\u00e1r meg\u00e1llapodott egy keretszerz\u0151d\u00e9sben, amely lehet\u0151v\u00e9 teszi egyes ir\u00e1ni polg\u00e1ri c\u00e9l\u00fa nukle\u00e1ris tev\u00e9kenys\u00e9gek folytat\u00e1s\u00e1t \u00e9s azok nemzetk\u00f6zi ellen\u0151rz\u00e9s\u00e9t az Ir\u00e1n elleni szankci\u00f3k felold\u00e1sa fej\u00e9ben. A v\u00e9gleges meg\u00e1llapod\u00e1s bonyolult technikai \u00e9s jogi r\u00e9szleteinek kidolgoz\u00e1s\u00e1ra \u00e9s ny\u00e9lbe \u00fct\u00e9s\u00e9re a felek j\u00fanius v\u00e9g\u00e9t szabt\u00e1k meg hat\u00e1rid\u0151k\u00e9nt.<br \/>\n    A nyugati hatalmak azzal v\u00e1dolj\u00e1k Teher\u00e1nt, hogy atomfegyverek kifejleszt\u00e9s\u00e9n dolgozott, m\u00edg az iszl\u00e1m k\u00f6zt\u00e1rsas\u00e1g vezet\u00e9se tagadja ezt, \u00e9s azt hangoztatja, hogy atomprogramja kiz\u00e1r\u00f3lag b\u00e9k\u00e9s c\u00e9l\u00fa.<br \/>\n(MTI)<\/p>\n","protected":false},"excerpt":{"rendered":"<p>B\u00e9csben folytat\u00f3dtak kedden az ir\u00e1ni nukle\u00e1ris programr\u00f3l sz\u00f3l\u00f3 t\u00e1rgyal\u00e1sok, a n\u00e9gynapos megbesz\u00e9l\u00e9s a meg\u00e1llapod\u00e1s technikai felt\u00e9teleir\u0151l sz\u00f3l, amelyeket j\u00fanius v\u00e9g\u00e9ig ki kell dolgozni.<\/p>\n","protected":false},"author":1,"featured_media":0,"comment_status":"open","ping_status":"closed","sticky":false,"template":"","format":"standard","meta":[],"categories":[16],"tags":[],"_links":{"self":[{"href":"https:\/\/gazdasagportal.hu\/index.php\/wp-json\/wp\/v2\/posts\/61220"}],"collection":[{"href":"https:\/\/gazdasagportal.hu\/index.php\/wp-json\/wp\/v2\/posts"}],"about":[{"href":"https:\/\/gazdasagportal.hu\/index.php\/wp-json\/wp\/v2\/types\/post"}],"author":[{"embeddable":true,"href":"https:\/\/gazdasagportal.hu\/index.php\/wp-json\/wp\/v2\/users\/1"}],"replies":[{"embeddable":true,"href":"https:\/\/gazdasagportal.hu\/index.php\/wp-json\/wp\/v2\/comments?post=61220"}],"version-history":[{"count":1,"href":"https:\/\/gazdasagportal.hu\/index.php\/wp-json\/wp\/v2\/posts\/61220\/revisions"}],"predecessor-version":[{"id":61221,"href":"https:\/\/gazdasagportal.hu\/index.php\/wp-json\/wp\/v2\/posts\/61220\/revisions\/61221"}],"wp:attachment":[{"href":"https:\/\/gazdasagportal.hu\/index.php\/wp-json\/wp\/v2\/media?parent=61220"}],"wp:term":[{"taxonomy":"category","embeddable":true,"href":"https:\/\/gazdasagportal.hu\/index.php\/wp-json\/wp\/v2\/categories?post=61220"},{"taxonomy":"post_tag","embeddable":true,"href":"https:\/\/gazdasagportal.hu\/index.php\/wp-json\/wp\/v2\/tags?post=61220"}],"curies":[{"name":"wp","href":"https:\/\/api.w.org\/{rel}","templated":true}]}}