{"id":61074,"date":"2015-05-10T20:10:40","date_gmt":"2015-05-10T18:10:40","guid":{"rendered":"http:\/\/stockportal.hu\/?p=61074"},"modified":"2015-05-10T20:10:40","modified_gmt":"2015-05-10T18:10:40","slug":"napsutessel-28-fokkal-indul-a-het-majd-ismet-szeles-esos-ido-lesz","status":"publish","type":"post","link":"https:\/\/gazdasagportal.hu\/index.php\/napsutessel-28-fokkal-indul-a-het-majd-ismet-szeles-esos-ido-lesz\/","title":{"rendered":"Naps\u00fct\u00e9ssel, 28 fokkal indul a h\u00e9t, majd ism\u00e9t szeles, es\u0151s id\u0151 lesz"},"content":{"rendered":"<p><strong>A k\u00f6vetkez\u0151 napokban sok lesz a naps\u00fct\u00e9s, melegszik az id\u0151, ak\u00e1r 28 Celsius-fok is lehet &#8211; k\u00f6z\u00f6lte az Orsz\u00e1gos Meteorol\u00f3giai Szolg\u00e1lat vas\u00e1rnap az MTI-vel. Az orsz\u00e1gos, k\u00f6z\u00e9pt\u00e1v\u00fa el\u0151rejelz\u00e9s szerint a h\u00e9t m\u00e1sodik fel\u00e9ben ism\u00e9t es\u0151s, szeles lesz az id\u0151j\u00e1r\u00e1s.<\/strong><!--more--><\/p>\n<div class=\"ads-in-post1\"><div id=\"gazdasagportal.hu_fullbanner_wideboard\"><\/div>\r\n<\/div>\n<p>    H\u00e9tf\u0151n a Nyugat-Dun\u00e1nt\u00falon jellemz\u0151en der\u00fclt lesz az \u00e9g, legfeljebb csak a keleti hat\u00e1rvid\u00e9ken fordulhat el\u0151 kisebb z\u00e1pores\u0151, ott meger\u0151s\u00f6dhet a sz\u00e9l is, m\u00e1sutt ink\u00e1bb csak \u00e9l\u00e9nk lehet a l\u00e9gmozg\u00e1s. A minimumh\u0151m\u00e9rs\u00e9klet 5-11 fok k\u00f6z\u00f6tt, a maximumh\u0151m\u00e9rs\u00e9klet 20 fok k\u00f6r\u00fcl alakul.<br \/>\n    Kedden napos id\u0151 v\u00e1rhat\u00f3, csapad\u00e9k nem lesz. A legalacsonyabb h\u0151m\u00e9rs\u00e9klet 3-9 fok k\u00f6z\u00f6tt val\u00f3sz\u00edn\u0171, az \u00c9szaki-k\u00f6z\u00e9phegys\u00e9g v\u00f6lgyeiben, a Ny\u00edrs\u00e9gben gyenge talaj menti fagy is lehet. A legmagasabb h\u0151m\u00e9rs\u00e9klet 21-26 fok k\u00f6z\u00f6tt alakul.<br \/>\n    Szerd\u00e1n az orsz\u00e1g nagy r\u00e9sz\u00e9n t\u00f6bb \u00f3r\u00e1s naps\u00fct\u00e9s v\u00e1rhat\u00f3, de napk\u00f6zben elsz\u00f3rtan el\u0151fordulhat z\u00e1por, n\u00e9hol zivatar is lehet. T\u00f6bb helyen meger\u0151s\u00f6dik a sz\u00e9l. A leghidegebb \u00f3r\u00e1kban 9-14 fok lehet. Nappal 23-28 fokig melegszik a leveg\u0151.<br \/>\n    Cs\u00fct\u00f6rt\u00f6k\u00f6n a r\u00f6vid napos id\u0151szakok mellett gyakran lesz er\u0151sen felh\u0151s az \u00e9g, t\u00f6bbfel\u00e9 v\u00e1rhat\u00f3 es\u0151, z\u00e1por, elsz\u00f3rtan zivatar. A sz\u00e9l csak zivatarok k\u00f6rnyezet\u00e9ben er\u0151s\u00f6dik meg. A minimumh\u0151m\u00e9rs\u00e9klet 9-15, a maximumh\u0151m\u00e9rs\u00e9klet nagyr\u00e9szt 19 \u00e9s 25 fok k\u00f6z\u00f6tt alakul, n\u00e9hol d\u00e9len a hosszabban napos r\u00e9szeken lehet kiss\u00e9 melegebb.<br \/>\n    P\u00e9nteken is t\u00f6bbfel\u00e9 v\u00e1rhat\u00f3 es\u0151, z\u00e1por, elsz\u00f3rtan zivatar. T\u00f6bb helyen meger\u0151s\u00f6dik, a Dun\u00e1nt\u00falon n\u00e9hol vihaross\u00e1 is fokoz\u00f3dik a sz\u00e9l. A leghidegebb \u00f3r\u00e1kban 9-16 fok lehet. Nappal t\u00f6bbnyire 14-21 fok k\u00f6z\u00f6tt alakul a h\u0151m\u00e9rs\u00e9klet, d\u00e9len lehet a melegebb, ott n\u00e9hol 26 fok is lehet.<br \/>\n    A r\u00f6vid napos id\u0151szakok mellett szombaton is t\u00f6bb helyen val\u00f3sz\u00edn\u0171 es\u0151, z\u00e1por, n\u00e9hol zivatar. Sokfel\u00e9 er\u0151s, \u00e9szakkeleten \u00e9s nyugaton viharos lesz a sz\u00e9l. A minimumh\u0151m\u00e9rs\u00e9klet 9-15, a maximumh\u0151m\u00e9rs\u00e9klet 14-22 fok k\u00f6z\u00f6tt alakul, \u00e9szaknyugaton lesz a hidegebb.<br \/>\n    Vas\u00e1rnap is er\u0151sen felh\u0151s, vagy borult lesz az \u00e9g, els\u0151sorban keleten val\u00f3sz\u00edn\u0171 es\u0151, z\u00e1por. T\u00f6bb helyen vihaross\u00e1 fokoz\u00f3dik a sz\u00e9l. A leghidegebb \u00f3r\u00e1kban 8-13 fok lehet. Nappal 13-18 fokig melegszik a leveg\u0151, keleten lesz a hidegebb &#8211; olvashat\u00f3 az el\u0151rejelz\u00e9sben.(MTI)<\/p>\n","protected":false},"excerpt":{"rendered":"<p>A k\u00f6vetkez\u0151 napokban sok lesz a naps\u00fct\u00e9s, melegszik az id\u0151, ak\u00e1r 28 Celsius-fok is lehet &#8211; k\u00f6z\u00f6lte az Orsz\u00e1gos Meteorol\u00f3giai Szolg\u00e1lat vas\u00e1rnap az MTI-vel. Az orsz\u00e1gos, k\u00f6z\u00e9pt\u00e1v\u00fa el\u0151rejelz\u00e9s szerint a h\u00e9t m\u00e1sodik fel\u00e9ben ism\u00e9t es\u0151s, szeles lesz az id\u0151j\u00e1r\u00e1s.<\/p>\n","protected":false},"author":1,"featured_media":0,"comment_status":"open","ping_status":"closed","sticky":false,"template":"","format":"standard","meta":[],"categories":[4,151],"tags":[],"_links":{"self":[{"href":"https:\/\/gazdasagportal.hu\/index.php\/wp-json\/wp\/v2\/posts\/61074"}],"collection":[{"href":"https:\/\/gazdasagportal.hu\/index.php\/wp-json\/wp\/v2\/posts"}],"about":[{"href":"https:\/\/gazdasagportal.hu\/index.php\/wp-json\/wp\/v2\/types\/post"}],"author":[{"embeddable":true,"href":"https:\/\/gazdasagportal.hu\/index.php\/wp-json\/wp\/v2\/users\/1"}],"replies":[{"embeddable":true,"href":"https:\/\/gazdasagportal.hu\/index.php\/wp-json\/wp\/v2\/comments?post=61074"}],"version-history":[{"count":1,"href":"https:\/\/gazdasagportal.hu\/index.php\/wp-json\/wp\/v2\/posts\/61074\/revisions"}],"predecessor-version":[{"id":61075,"href":"https:\/\/gazdasagportal.hu\/index.php\/wp-json\/wp\/v2\/posts\/61074\/revisions\/61075"}],"wp:attachment":[{"href":"https:\/\/gazdasagportal.hu\/index.php\/wp-json\/wp\/v2\/media?parent=61074"}],"wp:term":[{"taxonomy":"category","embeddable":true,"href":"https:\/\/gazdasagportal.hu\/index.php\/wp-json\/wp\/v2\/categories?post=61074"},{"taxonomy":"post_tag","embeddable":true,"href":"https:\/\/gazdasagportal.hu\/index.php\/wp-json\/wp\/v2\/tags?post=61074"}],"curies":[{"name":"wp","href":"https:\/\/api.w.org\/{rel}","templated":true}]}}